{"id":274224,"date":"2025-07-26T02:46:19","date_gmt":"2025-07-26T02:46:19","guid":{"rendered":"https:\/\/www.europesays.com\/fr\/274224\/"},"modified":"2025-07-26T02:46:19","modified_gmt":"2025-07-26T02:46:19","slug":"cest-une-hecatombe-32-morts-sur-les-routes-depuis-le-debut-de-lannee-en","status":"publish","type":"post","link":"https:\/\/www.europesays.com\/fr\/274224\/","title":{"rendered":"\u00ab\u00a0C\u2019est une h\u00e9catombe\u00a0\u00bb\u00a0: 32\u00a0morts sur les routes depuis le d\u00e9but de l\u2019ann\u00e9e en"},"content":{"rendered":"<p>La funeste liste des morts sur les routes s\u2019est consid\u00e9rablement allong\u00e9e depuis d\u00e9but juillet.<\/p>\n<p><a href=\"https:\/\/nantes.maville.com\/actu\/actudet_-drames-en-serie-sur-les-routes-deja-9-accidents-mortels-en-loire-atlantique-depuis-debut-juillet-_8-6912534_actu.Htm\" target=\"_blank\" rel=\"nofollow noopener\">Vingt-trois personnes avaient trouv\u00e9 la mort \u00e0 la fin du mois de juin<\/a> (elles \u00e9taient 24 \u00e0 la m\u00eame date l\u2019an pass\u00e9).<\/p>\n<p>Las. Neuf accidents mortels sont survenus depuis le d\u00e9but du mois. Et au 24\u00a0juillet dernier, alors m\u00eame que le mois n\u2019est pas termin\u00e9, le chiffre, noir, a bondi \u00e0 32. (\u00c0 la fin du mois de juillet\u00a02024, trente morts \u00e9taient recens\u00e9s.)<\/p>\n<p>\u00a0C\u2019est une v\u00e9ritable h\u00e9catombe\u00a0, soufflait il y a quelques jours un militaire. Il ne le sait que trop bien\u00a0: derri\u00e8re ces chiffres, froids, il y a des familles dont les vies ont bascul\u00e9 en un instant.<\/p>\n<p>Alcool et vitesse encore trop souvent en cause<\/p>\n<p>L\u2019alcool et la vitesse restent les principales causes des accidents mortels, a rappel\u00e9 jeudi encore la directrice de cabinet du pr\u00e9fet, Marie Argouarc\u2019h, <a href=\"https:\/\/nantes.maville.com\/actu\/actudet_-juillet-neuf-tues-sur-les-routes-departementales-_52716-6913134_actu.Htm\" target=\"_blank\" rel=\"nofollow noopener\">pr\u00e9sente aux c\u00f4t\u00e9s des forces de l\u2019ordre, lors d\u2019une op\u00e9ration de contr\u00f4les aux portes de Nantes<\/a>. Gendarmes et policiers restent \u00a0fortement\u00a0 mobilis\u00e9s, a-t-elle assur\u00e9.<\/p>\n<p>\u00a0<\/p>\n","protected":false},"excerpt":{"rendered":"La funeste liste des morts sur les routes s\u2019est consid\u00e9rablement allong\u00e9e depuis d\u00e9but juillet. Vingt-trois personnes avaient trouv\u00e9&hellip;\n","protected":false},"author":2,"featured_media":274225,"comment_status":"","ping_status":"","sticky":false,"template":"","format":"standard","meta":{"footnotes":""},"categories":[2818],"tags":[41374,1111,11,5648,1869,1777,674,1011,27,41373,3047,5184,766,12,2636,25,11616],"class_list":{"0":"post-274224","1":"post","2":"type-post","3":"status-publish","4":"format-standard","5":"has-post-thumbnail","7":"category-nantes","8":"tag-41374","9":"tag-actu","10":"tag-actualites","11":"tag-annee","12":"tag-debut","13":"tag-eu","14":"tag-europe","15":"tag-fr","16":"tag-france","17":"tag-hecatombe","18":"tag-loire-atlantique","19":"tag-morts","20":"tag-nantes","21":"tag-news","22":"tag-pays-de-la-loire","23":"tag-republique-francaise","24":"tag-routes"},"share_on_mastodon":{"url":"https:\/\/pubeurope.com\/@fr\/114917250479201045","error":""},"_links":{"self":[{"href":"https:\/\/www.europesays.com\/fr\/wp-json\/wp\/v2\/posts\/274224","targetHints":{"allow":["GET"]}}],"collection":[{"href":"https:\/\/www.europesays.com\/fr\/wp-json\/wp\/v2\/posts"}],"about":[{"href":"https:\/\/www.europesays.com\/fr\/wp-json\/wp\/v2\/types\/post"}],"author":[{"embeddable":true,"href":"https:\/\/www.europesays.com\/fr\/wp-json\/wp\/v2\/users\/2"}],"replies":[{"embeddable":true,"href":"https:\/\/www.europesays.com\/fr\/wp-json\/wp\/v2\/comments?post=274224"}],"version-history":[{"count":0,"href":"https:\/\/www.europesays.com\/fr\/wp-json\/wp\/v2\/posts\/274224\/revisions"}],"wp:featuredmedia":[{"embeddable":true,"href":"https:\/\/www.europesays.com\/fr\/wp-json\/wp\/v2\/media\/274225"}],"wp:attachment":[{"href":"https:\/\/www.europesays.com\/fr\/wp-json\/wp\/v2\/media?parent=274224"}],"wp:term":[{"taxonomy":"category","embeddable":true,"href":"https:\/\/www.europesays.com\/fr\/wp-json\/wp\/v2\/categories?post=274224"},{"taxonomy":"post_tag","embeddable":true,"href":"https:\/\/www.europesays.com\/fr\/wp-json\/wp\/v2\/tags?post=274224"}],"curies":[{"name":"wp","href":"https:\/\/api.w.org\/{rel}","templated":true}]}}