{"id":274257,"date":"2025-07-26T03:08:17","date_gmt":"2025-07-26T03:08:17","guid":{"rendered":"https:\/\/www.europesays.com\/fr\/274257\/"},"modified":"2025-07-26T03:08:17","modified_gmt":"2025-07-26T03:08:17","slug":"quelles-consequences-diplomatiques-pour-la-france-notamment-avec-israel-et-les-usa","status":"publish","type":"post","link":"https:\/\/www.europesays.com\/fr\/274257\/","title":{"rendered":"Quelles cons\u00e9quences diplomatiques pour la France, notamment avec Isra\u00ebl et les USA ?"},"content":{"rendered":"<p><strong>Quai d\u2019Orsay\u00a0bonjour &#8211; La France est le premier pays du G7 \u00e0 annoncer vouloir reconna\u00eetre officiellement l\u2019Etat de Palestine. Cette position l\u2019isole-t-elle\u00a0? Pour quelles cons\u00e9quences diplomatiques\u00a0? El\u00e9ments de r\u00e9ponse avec l\u2019ancien ambassadeur Michel Duclos<\/strong><\/p>\n<p>Apr\u00e8s une premi\u00e8re \u00e9vocation en avril, <a href=\"https:\/\/www.20minutes.fr\/politique\/emmanuel-macron\/?at_medium=RSS%20feed&amp;at_campaign=ynews&amp;utm_source=yahoo&amp;utm_medium=rss&amp;utm_campaign=news_feed&amp;utm_content=in_article_link\" rel=\"nofollow noopener\" target=\"_blank\" data-ylk=\"slk:Emmanuel Macron;elm:context_link;itc:0;sec:content-canvas\" class=\"link \">Emmanuel Macron<\/a> a annonc\u00e9 ce jeudi soir que <a href=\"https:\/\/www.20minutes.fr\/monde\/4165213-20250724-emmanuel-macron-annonce-france-va-reconnaitre-etat-palestine-septembre-onu?at_medium=RSS%20feed&amp;at_campaign=ynews&amp;utm_source=yahoo&amp;utm_medium=rss&amp;utm_campaign=news_feed&amp;utm_content=in_article_link\" rel=\"nofollow noopener\" target=\"_blank\" data-ylk=\"slk:la France allait reconna\u00eetre officiellement l\u2019Etat palestinien;elm:context_link;itc:0;sec:content-canvas\" class=\"link \">la France allait reconna\u00eetre officiellement l\u2019Etat palestinien<\/a>. Ce faisant, la France s\u2019appr\u00eate finalement \u00e0 rejoindre une position d\u00e9j\u00e0 adopt\u00e9e par 143 pays, <a href=\"https:\/\/www.20minutes.fr\/monde\/israel\/4093302-20240528-guerre-israel-hamas-pays-reconnaissent-officiellement-etat-palestine-aujourd-hui?at_medium=RSS%20feed&amp;at_campaign=ynews&amp;utm_source=yahoo&amp;utm_medium=rss&amp;utm_campaign=news_feed&amp;utm_content=in_article_link\" rel=\"nofollow noopener\" target=\"_blank\" data-ylk=\"slk:soit les trois quarts des Etats membres de l\u2019ONU;elm:context_link;itc:0;sec:content-canvas\" class=\"link \">soit les trois quarts des Etats membres de l\u2019ONU<\/a>.<\/p>\n<p>Mais \u00e0 ce grand ensemble manque \u00e0 l\u2019appel les pays qui ont le plus de poids sur la sc\u00e8ne internationale et notamment la totalit\u00e9 des pays du G7 (France, <a href=\"https:\/\/www.20minutes.fr\/monde\/etats-unis\/?at_medium=RSS%20feed&amp;at_campaign=ynews&amp;utm_source=yahoo&amp;utm_medium=rss&amp;utm_campaign=news_feed&amp;utm_content=in_article_link\" rel=\"nofollow noopener\" target=\"_blank\" data-ylk=\"slk:\u00c9tats-Unis;elm:context_link;itc:0;sec:content-canvas\" class=\"link \">\u00c9tats-Unis<\/a>, Canada, Japon, Royaume-Uni, Italie, Allemagne). Et en \u00e9tant la premi\u00e8re \u00e0 franchir le pas, la France et \u00ab\u00a0Macron esp\u00e8re entra\u00eener d\u2019autres pays du G7\u00a0\u00bb, analyse pour 20 Minutes Michel Duclos, ancien ambassadeur de France en Syrie et conseiller sp\u00e9ciale \u00e0 l\u2019institut Montaigne.<\/p>\n<p>L\u2019ex haut fonctionnaire juge raisonnable la possibilit\u00e9 que, \u00ab\u00a0le Royaume-Uni, le Japon, le Canada\u00a0\u00bb suivent la d\u00e9cision de la France, \u00e0 l\u2019inverse de l\u2019Allemagne. \u00ab\u00a0Et c\u2019est pourquoi les <a href=\"https:\/\/www.20minutes.fr\/monde\/israel\/?at_medium=RSS%20feed&amp;at_campaign=ynews&amp;utm_source=yahoo&amp;utm_medium=rss&amp;utm_campaign=news_feed&amp;utm_content=in_article_link\" rel=\"nofollow noopener\" target=\"_blank\" data-ylk=\"slk:Isra\u00e9liens;elm:context_link;itc:0;sec:content-canvas\" class=\"link \">Isra\u00e9liens<\/a> r\u00e9agissent si fortement\u00a0: ils veulent \u00e9viter l\u2019effet d\u2019entra\u00eenement\u00a0\u00bb, poursuit Michel Duclos qui pr\u00e9voit pour la diplomatie fran\u00e7aise avec Isra\u00ebl \u00ab\u00a0des moments de tr\u00e8s fortes tensions\u00a0\u00bb.<\/p>\n<p>Le Premier ministre isra\u00e9lien Benyamin Netanyahou a d\u2019ailleurs imm\u00e9diatement fustig\u00e9 cette reconnaissance de l\u2019Etat palestinien par la France, qui \u00ab\u00a0r\u00e9compense la terreur\u00a0\u00bb a-t-il estim\u00e9. Ses alli\u00e9s am\u00e9ricains y sont \u00e9galement all\u00e9s de leurs condamnations, d\u2019une \u00ab\u00a0d\u00e9cision imprudente\u00a0\u00bb, pour le secr\u00e9taire d\u2019Etat am\u00e9ricain Marco Rubio \u00e0 la d\u00e9cr\u00e9dibilisation par l\u2019ironie et le (&#8230;)<\/p>\n<p><a href=\"https:\/\/www.20minutes.fr\/monde\/4165282-20250725-reconnaissance-palestine-consequences-diplomatiques-france-notamment-israel-usa?at_medium=RSS%20feed&amp;at_campaign=ynews&amp;utm_source=yahoo&amp;utm_medium=rss&amp;utm_campaign=news_feed&amp;utm_content=read_more_link&quot;\" rel=\"nofollow noopener\" target=\"_blank\" data-ylk=\"slk:Lire la suite sur 20minutes;elm:context_link;itc:0;sec:content-canvas\" class=\"link \">Lire la suite sur 20minutes<\/a><\/p>\n<p>\u00c0 lire aussi :<br \/><a href=\"https:\/\/www.20minutes.fr\/monde\/israel\/4165246-20250725-gaza-deni-realite-peuple-israelien-peut-changer-donne?at_medium=RSS%20feed&amp;at_campaign=ynews&amp;utm_source=yahoo&amp;utm_medium=rss&amp;utm_campaign=news_feed&amp;utm_content=related_content_link\" rel=\"nofollow noopener\" target=\"_blank\" data-ylk=\"slk:Gaza\u00a0: \u00ab\u00a0Il est dans le d\u00e9ni de la r\u00e9alit\u00e9\u00a0\u00bb\u2026 Le peuple isra\u00e9lien peut-il changer la donne\u00a0?;elm:context_link;itc:0;sec:content-canvas\" class=\"link \">Gaza\u00a0: \u00ab\u00a0Il est dans le d\u00e9ni de la r\u00e9alit\u00e9\u00a0\u00bb\u2026 Le peuple isra\u00e9lien peut-il changer la donne\u00a0?<\/a><br \/><a href=\"https:\/\/www.20minutes.fr\/politique\/4165231-20250725-palestine-decision-precipitee-victoire-morale-classe-politique-divisee-apres-annonce-macron?at_medium=RSS%20feed&amp;at_campaign=ynews&amp;utm_source=yahoo&amp;utm_medium=rss&amp;utm_campaign=news_feed&amp;utm_content=related_content_link\" rel=\"nofollow noopener\" target=\"_blank\" data-ylk=\"slk:Palestine\u00a0: \u00ab\u00a0D\u00e9cision pr\u00e9cipit\u00e9e\u00a0\u00bb, \u00ab\u00a0victoire morale\u00a0\u00bb\u2026 La classe politique divis\u00e9e apr\u00e8s l\u2019annonce de Macron;elm:context_link;itc:0;sec:content-canvas\" class=\"link \">Palestine\u00a0: \u00ab\u00a0D\u00e9cision pr\u00e9cipit\u00e9e\u00a0\u00bb, \u00ab\u00a0victoire morale\u00a0\u00bb\u2026 La classe politique divis\u00e9e apr\u00e8s l\u2019annonce de Macron<\/a><\/p>\n","protected":false},"excerpt":{"rendered":"Quai d\u2019Orsay\u00a0bonjour &#8211; La France est le premier pays du G7 \u00e0 annoncer vouloir reconna\u00eetre officiellement l\u2019Etat de&hellip;\n","protected":false},"author":2,"featured_media":274258,"comment_status":"","ping_status":"","sticky":false,"template":"","format":"standard","meta":{"footnotes":""},"categories":[1589],"tags":[11,1073,73,1866,27,41376,12,3518,41377,1864,1865,1863,308],"class_list":{"0":"post-274257","1":"post","2":"type-post","3":"status-publish","4":"format-standard","5":"has-post-thumbnail","7":"category-etats-unis","8":"tag-actualites","9":"tag-emmanuel-macron","10":"tag-etats-unis","11":"tag-etats-unis-damerique","12":"tag-france","13":"tag-michel-duclos","14":"tag-news","15":"tag-palestine","16":"tag-pays-du-g7","17":"tag-united-states","18":"tag-united-states-of-america","19":"tag-us","20":"tag-usa"},"share_on_mastodon":{"url":"https:\/\/pubeurope.com\/@fr\/114917337104456262","error":""},"_links":{"self":[{"href":"https:\/\/www.europesays.com\/fr\/wp-json\/wp\/v2\/posts\/274257","targetHints":{"allow":["GET"]}}],"collection":[{"href":"https:\/\/www.europesays.com\/fr\/wp-json\/wp\/v2\/posts"}],"about":[{"href":"https:\/\/www.europesays.com\/fr\/wp-json\/wp\/v2\/types\/post"}],"author":[{"embeddable":true,"href":"https:\/\/www.europesays.com\/fr\/wp-json\/wp\/v2\/users\/2"}],"replies":[{"embeddable":true,"href":"https:\/\/www.europesays.com\/fr\/wp-json\/wp\/v2\/comments?post=274257"}],"version-history":[{"count":0,"href":"https:\/\/www.europesays.com\/fr\/wp-json\/wp\/v2\/posts\/274257\/revisions"}],"wp:featuredmedia":[{"embeddable":true,"href":"https:\/\/www.europesays.com\/fr\/wp-json\/wp\/v2\/media\/274258"}],"wp:attachment":[{"href":"https:\/\/www.europesays.com\/fr\/wp-json\/wp\/v2\/media?parent=274257"}],"wp:term":[{"taxonomy":"category","embeddable":true,"href":"https:\/\/www.europesays.com\/fr\/wp-json\/wp\/v2\/categories?post=274257"},{"taxonomy":"post_tag","embeddable":true,"href":"https:\/\/www.europesays.com\/fr\/wp-json\/wp\/v2\/tags?post=274257"}],"curies":[{"name":"wp","href":"https:\/\/api.w.org\/{rel}","templated":true}]}}