{"id":274267,"date":"2025-07-26T03:13:15","date_gmt":"2025-07-26T03:13:15","guid":{"rendered":"https:\/\/www.europesays.com\/fr\/274267\/"},"modified":"2025-07-26T03:13:15","modified_gmt":"2025-07-26T03:13:15","slug":"itineraire-dun-premier-pas-liberation","status":"publish","type":"post","link":"https:\/\/www.europesays.com\/fr\/274267\/","title":{"rendered":"itin\u00e9raire d\u2019un premier pas \u2013 Lib\u00e9ration"},"content":{"rendered":"<p class=\"sc-ksZaOG ehjQrN text-element\">\u00abLe temps venu\u00bb, r\u00e9p\u00e9tait-il \u00e0 ceux qui le pressaient d\u2019avancer sur le dossier palestinien. Assez tergivers\u00e9, assez tent\u00e9 d\u2019amadouer les dirigeants isra\u00e9liens, d\u2019agir de concert avec le leader saoudien, Mohammed ben Salmane, d\u2019embarquer ses alli\u00e9s europ\u00e9ens\u2026 Tout patine, aucune plan\u00e8te ne s\u2019aligne, et la famine ravage Gaza. Emmanuel Macron a donc tranch\u00e9. Seul. \u00abLa France proc\u00e9dera \u00e0 la pleine reconnaissance de la Palestine comme Etat. J\u2019en ferai l\u2019annonce solennelle \u00e0 l\u2019Assembl\u00e9e g\u00e9n\u00e9rale des Nations unies, au mois de septembre.\u00bb<\/p>\n<p class=\"sc-ksZaOG ehjQrN text-element\">Il s\u2019y est engag\u00e9 par une lettre cisel\u00e9e ce week-end avec la cellule diplomatique de l\u2019Elys\u00e9e, transmise au pr\u00e9sident de l\u2019Autorit\u00e9 palestinienne, Mahmoud Abbas, et rendue publique jeudi soir. Donald Trump avait \u00e9t\u00e9 pr\u00e9venu en amont, ainsi que Benyamin N\u00e9tanyahou, \u00e9videmment furieux, comme \u00e0 chacun de ses \u00e9changes sur le sujet avec le pr\u00e9sident fran\u00e7ais. \u00abCette d\u00e9cision r\u00e9compense la terreur\u00bb, a d\u00e9nonc\u00e9 le Premier ministre isra\u00e9lien, tandis que le Hamas saluait un \u00abpas positif\u00bb. Col\u00e8re noire \u00e0 Washington, le secr\u00e9taire d\u2019Etat, Marco Rubio, a jug\u00e9 l\u2019annonce hexagonale d\u00e9l\u00e9t\u00e8re pour la paix. L\u2019Arabie Saoudite, elle, a d\u2019embl\u00e9e salu\u00e9 l\u2019initiative macronienne, comme l\u2019Indon\u00e9sie\u2026 A ce jour, 148 pays reconnaissent d\u00e9j\u00e0 l\u2019existence d\u2019un Etat palestinien, mais aucun qui soit membre du Conseil de s\u00e9curit\u00e9 de l\u2019ONU.<\/p>\n<p class=\"sc-ksZaOG ehjQrN text-element\">Macron esp\u00e8re d\u2019ici septembre des ralliements de poids, <a href=\"https:\/\/www.liberation.fr\/international\/europe&lt;\/p&gt;&lt;\/div&gt;&lt;\/article&gt;&lt;\/div&gt;&lt;div data-fusion-lazy-id=\" f0f8vgvlad832fw=\"\" target=\"_blank\" rel=\"noopener\"><\/p>\n","protected":false},"excerpt":{"rendered":"\u00abLe temps venu\u00bb, r\u00e9p\u00e9tait-il \u00e0 ceux qui le pressaient d\u2019avancer sur le dossier palestinien. Assez tergivers\u00e9, assez tent\u00e9&hellip;\n","protected":false},"author":2,"featured_media":274268,"comment_status":"","ping_status":"","sticky":false,"template":"","format":"standard","meta":{"footnotes":""},"categories":[2],"tags":[11,1073,1011,27,3522,664,12,3518,25],"class_list":{"0":"post-274267","1":"post","2":"type-post","3":"status-publish","4":"format-standard","5":"has-post-thumbnail","7":"category-actualites","8":"tag-actualites","9":"tag-emmanuel-macron","10":"tag-fr","11":"tag-france","12":"tag-guerre-hamas-israel","13":"tag-israel","14":"tag-news","15":"tag-palestine","16":"tag-republique-francaise"},"share_on_mastodon":{"url":"https:\/\/pubeurope.com\/@fr\/114917356603447373","error":""},"_links":{"self":[{"href":"https:\/\/www.europesays.com\/fr\/wp-json\/wp\/v2\/posts\/274267","targetHints":{"allow":["GET"]}}],"collection":[{"href":"https:\/\/www.europesays.com\/fr\/wp-json\/wp\/v2\/posts"}],"about":[{"href":"https:\/\/www.europesays.com\/fr\/wp-json\/wp\/v2\/types\/post"}],"author":[{"embeddable":true,"href":"https:\/\/www.europesays.com\/fr\/wp-json\/wp\/v2\/users\/2"}],"replies":[{"embeddable":true,"href":"https:\/\/www.europesays.com\/fr\/wp-json\/wp\/v2\/comments?post=274267"}],"version-history":[{"count":0,"href":"https:\/\/www.europesays.com\/fr\/wp-json\/wp\/v2\/posts\/274267\/revisions"}],"wp:featuredmedia":[{"embeddable":true,"href":"https:\/\/www.europesays.com\/fr\/wp-json\/wp\/v2\/media\/274268"}],"wp:attachment":[{"href":"https:\/\/www.europesays.com\/fr\/wp-json\/wp\/v2\/media?parent=274267"}],"wp:term":[{"taxonomy":"category","embeddable":true,"href":"https:\/\/www.europesays.com\/fr\/wp-json\/wp\/v2\/categories?post=274267"},{"taxonomy":"post_tag","embeddable":true,"href":"https:\/\/www.europesays.com\/fr\/wp-json\/wp\/v2\/tags?post=274267"}],"curies":[{"name":"wp","href":"https:\/\/api.w.org\/{rel}","templated":true}]}}