{"id":274273,"date":"2025-07-26T03:16:11","date_gmt":"2025-07-26T03:16:11","guid":{"rendered":"https:\/\/www.europesays.com\/fr\/274273\/"},"modified":"2025-07-26T03:16:11","modified_gmt":"2025-07-26T03:16:11","slug":"golf-arnaud-amiotte-suchet-vainqueur-du-trophee-jean-pierre-charpenel","status":"publish","type":"post","link":"https:\/\/www.europesays.com\/fr\/274273\/","title":{"rendered":"Golf :\u00a0 Arnaud Amiotte-Suchet vainqueur du troph\u00e9e Jean-Pierre Charpenel"},"content":{"rendered":"<p>\n\t\t\tLe vainqueur avec Me Marie-Jos\u00e8phe Lassus-Philippe et Jean-Pierre Charpenel.\t\t\t &#8211; \u00a9 SDR\t\t<\/p>\n<p melodystyle=\"texte\">Organis\u00e9 jeudi 24 juillet, dans le cadre de la Grande Semaine du golf des Vosges du Sud \u00e0 Luxeuil,\u00a0 le Troph\u00e9e Jean-Pierre Charpenel, sponsoris\u00e9 par Marie Jos\u00e8phe Lassus-Philippe, avocate, a \u00e9t\u00e9 remport\u00e9 par Arnaud Amiotte-Suchet (Golf de Besan\u00e7on) avec une carte de 74 (+2).<\/p>\n<p melodystyle=\"texte\">En senior,Dominique Denoix (Vosges du Sud) gagne avec un score de 78 (+6)<\/p>\n<p melodystyle=\"texte\"><b>Les vainqueurs au classement net, par s\u00e9rie :<\/b><\/p>\n<p melodystyle=\"texte\">1\u00b0 s\u00e9rie : Mathieu Beyler (Prunevelle) 66 stroke net<\/p>\n<p melodystyle=\"texte\">2\u00b0 s\u00e9rie : Paul-R\u00e9mi Jacquemin (St Di\u00e9) 43 pts net stableford<\/p>\n<p melodystyle=\"texte\">3\u00b0 s\u00e9rie : Philippe Bigaut (St Di\u00e9) 43 pts net stableford<\/p>\n","protected":false},"excerpt":{"rendered":"Le vainqueur avec Me Marie-Jos\u00e8phe Lassus-Philippe et Jean-Pierre Charpenel. &#8211; \u00a9 SDR Organis\u00e9 jeudi 24 juillet, dans le&hellip;\n","protected":false},"author":2,"featured_media":274274,"comment_status":"","ping_status":"","sticky":false,"template":"","format":"standard","meta":{"footnotes":""},"categories":[1418],"tags":[10720,47,1011,27,1472,4662,10718,10719,60,3673],"class_list":{"0":"post-274273","1":"post","2":"type-post","3":"status-publish","4":"format-standard","5":"has-post-thumbnail","7":"category-golf","8":"tag-abonnement","9":"tag-actualite","10":"tag-fr","11":"tag-france","12":"tag-golf","13":"tag-journal","14":"tag-la-presse-de-vesoul","15":"tag-petites-annonces","16":"tag-sports","17":"tag-vesoul"},"share_on_mastodon":{"url":"https:\/\/pubeurope.com\/@fr\/114917368355386252","error":""},"_links":{"self":[{"href":"https:\/\/www.europesays.com\/fr\/wp-json\/wp\/v2\/posts\/274273","targetHints":{"allow":["GET"]}}],"collection":[{"href":"https:\/\/www.europesays.com\/fr\/wp-json\/wp\/v2\/posts"}],"about":[{"href":"https:\/\/www.europesays.com\/fr\/wp-json\/wp\/v2\/types\/post"}],"author":[{"embeddable":true,"href":"https:\/\/www.europesays.com\/fr\/wp-json\/wp\/v2\/users\/2"}],"replies":[{"embeddable":true,"href":"https:\/\/www.europesays.com\/fr\/wp-json\/wp\/v2\/comments?post=274273"}],"version-history":[{"count":0,"href":"https:\/\/www.europesays.com\/fr\/wp-json\/wp\/v2\/posts\/274273\/revisions"}],"wp:featuredmedia":[{"embeddable":true,"href":"https:\/\/www.europesays.com\/fr\/wp-json\/wp\/v2\/media\/274274"}],"wp:attachment":[{"href":"https:\/\/www.europesays.com\/fr\/wp-json\/wp\/v2\/media?parent=274273"}],"wp:term":[{"taxonomy":"category","embeddable":true,"href":"https:\/\/www.europesays.com\/fr\/wp-json\/wp\/v2\/categories?post=274273"},{"taxonomy":"post_tag","embeddable":true,"href":"https:\/\/www.europesays.com\/fr\/wp-json\/wp\/v2\/tags?post=274273"}],"curies":[{"name":"wp","href":"https:\/\/api.w.org\/{rel}","templated":true}]}}