{"id":274275,"date":"2025-07-26T03:17:25","date_gmt":"2025-07-26T03:17:25","guid":{"rendered":"https:\/\/www.europesays.com\/fr\/274275\/"},"modified":"2025-07-26T03:17:25","modified_gmt":"2025-07-26T03:17:25","slug":"philippe-voisin-cheville-ouvriere-de-waremme-volley-est-decede-on-perd-notre-meilleur-supporter","status":"publish","type":"post","link":"https:\/\/www.europesays.com\/fr\/274275\/","title":{"rendered":"Philippe Voisin, cheville ouvri\u00e8re de Waremme Volley, est d\u00e9c\u00e9d\u00e9 : \u00ab\u00a0On perd notre meilleur supporter\u00a0\u00bb"},"content":{"rendered":"<p class=\"ap-StoryElement ap-StoryElement--mb ap-StoryText\">\u00ab\u00a0On se r\u00e9veille assomm\u00e9 ce matin par cette nouvelle. Notre Philou s&rsquo;en est all\u00e9 cette nuit.\u00a0\u00bb Waremme Volley est en deuil avec la disparition de Philippe Voisin, qui a malheureusement perdu son combat face \u00e0 la maladie. Pr\u00e9sent depuis toujours au sein du cercle hesbignon, \u00ab\u00a0Philou\u00a0\u00bb, comme beaucoup le surnommaient, aura occup\u00e9 plusieurs r\u00f4les importants : joueur, entraineur, marqueur, d\u00e9l\u00e9gu\u00e9, logisticien du beach. \u00ab\u00a0On a tout connu avec lui. On perd notre meilleur supporter\u00a0\u00bb explique le club waremmien.<\/p>\n","protected":false},"excerpt":{"rendered":"\u00ab\u00a0On se r\u00e9veille assomm\u00e9 ce matin par cette nouvelle. Notre Philou s&rsquo;en est all\u00e9 cette nuit.\u00a0\u00bb Waremme Volley&hellip;\n","protected":false},"author":2,"featured_media":274276,"comment_status":"","ping_status":"","sticky":false,"template":"","format":"standard","meta":{"footnotes":""},"categories":[1417],"tags":[1011,27,60,1470,1469,41380],"class_list":{"0":"post-274275","1":"post","2":"type-post","3":"status-publish","4":"format-standard","5":"has-post-thumbnail","7":"category-volley","8":"tag-fr","9":"tag-france","10":"tag-sports","11":"tag-volley","12":"tag-volleyball","13":"tag-waremme"},"share_on_mastodon":{"url":"https:\/\/pubeurope.com\/@fr\/114917372255161558","error":""},"_links":{"self":[{"href":"https:\/\/www.europesays.com\/fr\/wp-json\/wp\/v2\/posts\/274275","targetHints":{"allow":["GET"]}}],"collection":[{"href":"https:\/\/www.europesays.com\/fr\/wp-json\/wp\/v2\/posts"}],"about":[{"href":"https:\/\/www.europesays.com\/fr\/wp-json\/wp\/v2\/types\/post"}],"author":[{"embeddable":true,"href":"https:\/\/www.europesays.com\/fr\/wp-json\/wp\/v2\/users\/2"}],"replies":[{"embeddable":true,"href":"https:\/\/www.europesays.com\/fr\/wp-json\/wp\/v2\/comments?post=274275"}],"version-history":[{"count":0,"href":"https:\/\/www.europesays.com\/fr\/wp-json\/wp\/v2\/posts\/274275\/revisions"}],"wp:featuredmedia":[{"embeddable":true,"href":"https:\/\/www.europesays.com\/fr\/wp-json\/wp\/v2\/media\/274276"}],"wp:attachment":[{"href":"https:\/\/www.europesays.com\/fr\/wp-json\/wp\/v2\/media?parent=274275"}],"wp:term":[{"taxonomy":"category","embeddable":true,"href":"https:\/\/www.europesays.com\/fr\/wp-json\/wp\/v2\/categories?post=274275"},{"taxonomy":"post_tag","embeddable":true,"href":"https:\/\/www.europesays.com\/fr\/wp-json\/wp\/v2\/tags?post=274275"}],"curies":[{"name":"wp","href":"https:\/\/api.w.org\/{rel}","templated":true}]}}