{"id":274277,"date":"2025-07-26T03:18:11","date_gmt":"2025-07-26T03:18:11","guid":{"rendered":"https:\/\/www.europesays.com\/fr\/274277\/"},"modified":"2025-07-26T03:18:11","modified_gmt":"2025-07-26T03:18:11","slug":"sacre-avec-antoine-dupont-il-lache-tout-et-va-en-3e-division","status":"publish","type":"post","link":"https:\/\/www.europesays.com\/fr\/274277\/","title":{"rendered":"Sacr\u00e9 avec Antoine Dupont, il l\u00e2che tout et va en 3e division\u00a0!"},"content":{"rendered":"<p class=\"heading\">Consid\u00e9r\u00e9 comme l\u2019un des meilleurs joueurs de la plan\u00e8te, voire m\u00eame de l\u2019histoire, Antoine Dupont avait choqu\u00e9 avec son choix de mettre de cot\u00e9 le XV pour se consacrer au 7. Un choix qui s\u2019est pourtant r\u00e9v\u00e9l\u00e9 payant, puisque le demi de m\u00eal\u00e9e a offert \u00e0 la France sa premi\u00e8re m\u00e9daille d\u2019or en rugby, aux Jeux Olympiques de Paris 2024.<\/p>\n<p>Chose assez fr\u00e9quente dans le reste du monde, <strong>Antoine Dupont<\/strong> a fait quelque chose d\u2019unique en France. Tr\u00e8s peu de joueurs professionnels, surtout de son niveau, se seraient risqu\u00e9s au 7 en mettant m\u00eame de c\u00f4t\u00e9 le <strong>XV de France<\/strong> et le <strong>Stade Toulousain<\/strong>. La star tricolore ne fait toutefois rien comme les autres et le choix s\u2019est r\u00e9v\u00e9l\u00e9 payant, puisqu\u2019il a \u00e9t\u00e9 l\u2019un des grand visages des <strong>JO de Paris 2024<\/strong>.<\/p>\n<p>                                            Dupont de retour \u00e0 Los Angeles\u00a0?<\/p>\n<p>Et ce n\u2019est pas fini, puisque tout r\u00e9cemment <a href=\"https:\/\/le10sport.com\/rugby\/depart-aux-etatsunis-ca-va-etre-historique-pour-antoine-dupont-751251\" rel=\"nofollow noopener\" target=\"_blank\">Antoine Dupont<\/a> a ouvert la porte \u00e0 un possible retour avec <strong>France 7<\/strong>, pour les <strong>Jeux Olympiques de Los Angeles 2028<\/strong>. \u00ab Vu ce que j&rsquo;y ai connu, c&rsquo;est s\u00fbr que \u00e7a donne envie d&rsquo;y revenir. Les Jeux de 2028 sont loin et proches \u00e0 la fois, je pense qu&rsquo;il se passera beaucoup de choses d&rsquo;ici l\u00e0. Il y a d\u00e9j\u00e0 une Coupe du monde 2027 \u00e0 pr\u00e9parer\u00a0\u00bb a d\u00e9clar\u00e9 le capitaine du<strong> XV de France<\/strong>, aupr\u00e8s de L\u2019Equipe. \u00ab\u00a0Apr\u00e8s \u00e7a, je verrai comment seront mon corps et ma t\u00eate. Mais je me laisse l&rsquo;option d&rsquo;essayer de participer \u00e0 ces Jeux de Los Angeles. D\u00e9fendre un titre, c&rsquo;est toujours excitant. Et l\u00e0, je pense qu&rsquo;on aura toujours le potentiel pour \u00eatre comp\u00e9titifs \u00bb.<\/p>\n<p>                                            Pendant ce temps-l\u00e0, Barraque file \u00e0 Nice&#8230;<\/p>\n<p>En attendant, certains de ses anciens co\u00e9quipiers ont d\u00e9cid\u00e9 de se lancer dans des nouveaux d\u00e9fis et c\u2019est notamment le cas de <strong>Jean-Pascal Barraque<\/strong>. Sous contrat avec l\u2019<strong>USAP<\/strong> jusqu\u2019\u00e0 la saison derni\u00e8re, le m\u00e9daill\u00e9 olympique de 34 ans a d\u00e9cid\u00e9 de quitter le <strong>Top 14<\/strong> pour rejoindre la <strong>Nationale<\/strong>, soit la troisi\u00e8me division fran\u00e7aise qui est semi-professionnelle. Il a sign\u00e9 pour le <strong>Nissa Rugby<\/strong>, le nouveau nom du club ni\u00e7ois, qui semble s\u2019\u00eatre rattrap\u00e9 apr\u00e8s l\u2019\u00e9chec avec <strong>Uzair Cassiem<\/strong> de <strong>Bayonne<\/strong>, qui a pr\u00e9f\u00e9r\u00e9 rejoindre <strong>Oyonnax<\/strong>. C\u2019est un tr\u00e8s joli coup pour le club azur\u00e9en, puisque <strong>Barraque <\/strong>peut \u00e9voluer au poste de trois-quart centre, d\u2019ouvreur et m\u00eame l\u2019arri\u00e8re ou \u00e0 l\u2019aile.<\/p>\n","protected":false},"excerpt":{"rendered":"Consid\u00e9r\u00e9 comme l\u2019un des meilleurs joueurs de la plan\u00e8te, voire m\u00eame de l\u2019histoire, Antoine Dupont avait choqu\u00e9 avec&hellip;\n","protected":false},"author":2,"featured_media":274278,"comment_status":"","ping_status":"","sticky":false,"template":"","format":"standard","meta":{"footnotes":""},"categories":[1416],"tags":[1011,27,479,1468,60],"class_list":{"0":"post-274277","1":"post","2":"type-post","3":"status-publish","4":"format-standard","5":"has-post-thumbnail","7":"category-rugby","8":"tag-fr","9":"tag-france","10":"tag-rugby","11":"tag-rugby-football","12":"tag-sports"},"share_on_mastodon":{"url":"https:\/\/pubeurope.com\/@fr\/114917376192239807","error":""},"_links":{"self":[{"href":"https:\/\/www.europesays.com\/fr\/wp-json\/wp\/v2\/posts\/274277","targetHints":{"allow":["GET"]}}],"collection":[{"href":"https:\/\/www.europesays.com\/fr\/wp-json\/wp\/v2\/posts"}],"about":[{"href":"https:\/\/www.europesays.com\/fr\/wp-json\/wp\/v2\/types\/post"}],"author":[{"embeddable":true,"href":"https:\/\/www.europesays.com\/fr\/wp-json\/wp\/v2\/users\/2"}],"replies":[{"embeddable":true,"href":"https:\/\/www.europesays.com\/fr\/wp-json\/wp\/v2\/comments?post=274277"}],"version-history":[{"count":0,"href":"https:\/\/www.europesays.com\/fr\/wp-json\/wp\/v2\/posts\/274277\/revisions"}],"wp:featuredmedia":[{"embeddable":true,"href":"https:\/\/www.europesays.com\/fr\/wp-json\/wp\/v2\/media\/274278"}],"wp:attachment":[{"href":"https:\/\/www.europesays.com\/fr\/wp-json\/wp\/v2\/media?parent=274277"}],"wp:term":[{"taxonomy":"category","embeddable":true,"href":"https:\/\/www.europesays.com\/fr\/wp-json\/wp\/v2\/categories?post=274277"},{"taxonomy":"post_tag","embeddable":true,"href":"https:\/\/www.europesays.com\/fr\/wp-json\/wp\/v2\/tags?post=274277"}],"curies":[{"name":"wp","href":"https:\/\/api.w.org\/{rel}","templated":true}]}}