{"id":274279,"date":"2025-07-26T03:19:11","date_gmt":"2025-07-26T03:19:11","guid":{"rendered":"https:\/\/www.europesays.com\/fr\/274279\/"},"modified":"2025-07-26T03:19:11","modified_gmt":"2025-07-26T03:19:11","slug":"cest-une-fake-news-brad-gilbert-dement-labsence-de-cahill-dans-le-clan-de-sinner-a-lus-open","status":"publish","type":"post","link":"https:\/\/www.europesays.com\/fr\/274279\/","title":{"rendered":"\u00ab C\u2019est une fake news \u00bb, Brad Gilbert d\u00e9ment l\u2019absence de Cahill dans le clan de Sinner \u00e0 l\u2019US Open"},"content":{"rendered":"<p>                <img decoding=\"async\" src=\"https:\/\/www.europesays.com\/fr\/wp-content\/uploads\/2025\/07\/M6Fz.jpg\" alt=\"\u00ab C\u2019est une fake news \u00bb, Brad Gilbert d\u00e9ment l\u2019absence de Cahill dans le clan de Sinner \u00e0 l\u2019US Open\"\/><\/p>\n<p>Un peu plus t\u00f4t ce vendredi, le m\u00e9dia italien La Repubblica annon\u00e7ait que Darren Cahill n\u2019accompagnerait pas Jannik Sinner lors de l\u2019US Open.<\/p>\n<p>Une information rapidement d\u00e9mentie par l\u2019entra\u00eeneur et ancien joueur Brad Gilbert sur les r\u00e9seaux sociaux. En r\u00e9ponse \u00e0 une publication du compte Olly Tennis sur X, ce dernier a d\u00e9clar\u00e9 ceci : \u00ab Pour que les choses soient claires, c\u2019est une fake news \u00bb.<\/p>\n<p>Sinner, tenant du titre \u00e0 New York, devrait donc bel et bien avoir Darren Cahill dans son clan aux c\u00f4t\u00e9s de son deuxi\u00e8me entra\u00eeneur Simone Vagnozzi.<\/p>\n","protected":false},"excerpt":{"rendered":"Un peu plus t\u00f4t ce vendredi, le m\u00e9dia italien La Repubblica annon\u00e7ait que Darren Cahill n\u2019accompagnerait pas Jannik&hellip;\n","protected":false},"author":2,"featured_media":274280,"comment_status":"","ping_status":"","sticky":false,"template":"","format":"standard","meta":{"footnotes":""},"categories":[1415],"tags":[1011,27,60,1467],"class_list":{"0":"post-274279","1":"post","2":"type-post","3":"status-publish","4":"format-standard","5":"has-post-thumbnail","7":"category-tennis","8":"tag-fr","9":"tag-france","10":"tag-sports","11":"tag-tennis"},"share_on_mastodon":{"url":"https:\/\/pubeurope.com\/@fr\/114917380104044257","error":""},"_links":{"self":[{"href":"https:\/\/www.europesays.com\/fr\/wp-json\/wp\/v2\/posts\/274279","targetHints":{"allow":["GET"]}}],"collection":[{"href":"https:\/\/www.europesays.com\/fr\/wp-json\/wp\/v2\/posts"}],"about":[{"href":"https:\/\/www.europesays.com\/fr\/wp-json\/wp\/v2\/types\/post"}],"author":[{"embeddable":true,"href":"https:\/\/www.europesays.com\/fr\/wp-json\/wp\/v2\/users\/2"}],"replies":[{"embeddable":true,"href":"https:\/\/www.europesays.com\/fr\/wp-json\/wp\/v2\/comments?post=274279"}],"version-history":[{"count":0,"href":"https:\/\/www.europesays.com\/fr\/wp-json\/wp\/v2\/posts\/274279\/revisions"}],"wp:featuredmedia":[{"embeddable":true,"href":"https:\/\/www.europesays.com\/fr\/wp-json\/wp\/v2\/media\/274280"}],"wp:attachment":[{"href":"https:\/\/www.europesays.com\/fr\/wp-json\/wp\/v2\/media?parent=274279"}],"wp:term":[{"taxonomy":"category","embeddable":true,"href":"https:\/\/www.europesays.com\/fr\/wp-json\/wp\/v2\/categories?post=274279"},{"taxonomy":"post_tag","embeddable":true,"href":"https:\/\/www.europesays.com\/fr\/wp-json\/wp\/v2\/tags?post=274279"}],"curies":[{"name":"wp","href":"https:\/\/api.w.org\/{rel}","templated":true}]}}