{"id":274292,"date":"2025-07-26T03:28:21","date_gmt":"2025-07-26T03:28:21","guid":{"rendered":"https:\/\/www.europesays.com\/fr\/274292\/"},"modified":"2025-07-26T03:28:21","modified_gmt":"2025-07-26T03:28:21","slug":"guillaume-genton-en-vacances-avec-jordan-bardella-les-deux-hommes-ultra-decontractes-sur-cette-photo","status":"publish","type":"post","link":"https:\/\/www.europesays.com\/fr\/274292\/","title":{"rendered":"Guillaume Genton en vacances avec Jordan Bardella ? Les deux hommes ultra d\u00e9contract\u00e9s sur cette photo"},"content":{"rendered":"<p>L\u00a0\u00bb\u00e9t\u00e9 dernier, Cyril Hanouna a \u00e9t\u00e9 aper\u00e7u avec Jordan Bardella<br \/>\ndurant les grandes vacances. De quoi faire r\u00e9agir sur les r\u00e9seaux<br \/>\nsociaux. Mais c&rsquo;est seulement en revenant dans Touche Pas \u00e0 Mon<br \/>\nPoste que l&rsquo;animateur a d\u00e9cid\u00e9 de r\u00e9pondre \u00e0 cette information qui<br \/>\na fait tant de bruit, puisque \u00e7a allait dans le sens de la rumeur<br \/>\ndisant que <a href=\"https:\/\/www.melty.fr\/tele\/tpmp-cyril-hanouna-fait-une-grande-annonce-en-lien-avec-la-politique-je-pars-2155394.html\" target=\"_blank\" rel=\"noopener\"><br \/>\nCyril Hanouna allait se lancer en politique<\/a>. \u00ab\u00a0Alors je vais<br \/>\nvous dire, c&rsquo;est un truc de fou parce que derri\u00e8re tout le monde<br \/>\nm&rsquo;appelait : &lsquo;Qu&rsquo;est-ce qui se passe ?&rsquo;, &lsquo;Qu&rsquo;est-ce que vous<br \/>\npr\u00e9parez&rsquo;, &lsquo;Seras-tu au prochaines l\u00e9gislatives ?'\u00a0\u00bb, a-t-il<br \/>\nracont\u00e9 pour commencer.<\/p>\n<p>La mise au point de Cyril Hanouna<\/p>\n<p>Tr\u00e8s cash sur son avenir professionnel, Cyril Hanouna a ensuite<br \/>\npr\u00e9cis\u00e9 : \u00ab\u00a0Je leur ai dit : &lsquo; Non, je ne ferai jamais de<br \/>\npolitique, mais bien entendu les ch\u00e9ris, je pr\u00e9pare des \u00e9missions,<br \/>\nbien entendu je pr\u00e9pare des choses&#8230;&rsquo; Et comme je le dis : je d\u00eene<br \/>\navec tout le monde. <strong>Si vous saviez le nombre d&rsquo;hommes<br \/>\npolitiques avec qui j&rsquo;ai d\u00een\u00e9.<\/strong> Parce que je m&rsquo;int\u00e9resse,<br \/>\nforc\u00e9ment j&rsquo;adore \u00e7a. Et puis j&rsquo;aime bien conna\u00eetre les gens et je<br \/>\nd\u00eene avec tout le monde\u00a0\u00bb.\u00a0<\/p>\n<p>\u00ab\u00a0C&rsquo;est comme les animateurs, je d\u00eene avec tous les<br \/>\nanimateurs. <strong>Maintenant, je ne fais plus de d\u00eener puisque je<br \/>\nreste chez moi, sinon apr\u00e8s on va me faire chier.<\/strong> Je n&rsquo;ai<br \/>\njamais d\u00een\u00e9 avec Michel Barnier. \u00c7a a \u00e9t\u00e9 un truc de fou. Ils ont<br \/>\nappel\u00e9 Jordan Bardella. Jordan Bardella qui m&rsquo;appelle : &lsquo;Cyril, on<br \/>\nparle d&rsquo;un d\u00eener. Qu&rsquo;est-ce qui se passe ?'\u00a0\u00bb, a-t-il l\u00e2ch\u00e9<br \/>\navant de dire : \u00ab\u00a0Non, mais les gars sans rigoler. C&rsquo;est<br \/>\nincroyable !\u00a0\u00bb<\/p>\n<p>\u00ab\u00a0Je vais re-d\u00eener avec Jordan Bardella\u00a0\u00bb<\/p>\n<p>Si l&rsquo;information a fait beaucoup de bruit, la photo en question<br \/>\naussi. Pourtant, elle n&rsquo;est pas sortie ! \u00ab\u00a0Non, non elle n&rsquo;est<br \/>\npas secr\u00e8te. M\u00eame moi, je ne l&rsquo;ai jamais vue, la photo. Mais si<br \/>\nj&rsquo;arrive \u00e0 l&rsquo;avoir, je vous la montrerais. Sans rigoler, \u00e7a peut<br \/>\n\u00eatre sympa. <strong>Je vais re-d\u00eener avec Jordan Bardella. Je vais<br \/>\ninciter certainement Raquel Garrido \u00e0 d\u00eener en<br \/>\nt\u00eate-\u00e0-t\u00eate.<\/strong> Si elle veut venir avec Alexis (Corbi\u00e8re,<br \/>\nndlr), ce sera avec plaisir. <strong>Je vais inviter Gabriel Attal<br \/>\n\u00e0 d\u00eener<\/strong> aussi. <strong>Je vais leur envoyer les photos<br \/>\ncomme \u00e7a au moins, ils pourront faire un album<\/strong>\u00ab\u00a0, a<br \/>\nfini par ironiser <a href=\"https:\/\/www.melty.fr\/tele\/apres-les-scandales-matthieu-delormeau-de-retour-a-la-tele-il-integre-lequipe-de-cyril-hanouna-2251519.html\" target=\"_blank\" rel=\"noopener\"><br \/>\nCyril Hanouna qui va de nouveau travailler avec Matthieu<br \/>\nDelormeau.<\/a><\/p>\n<blockquote class=\"twitter-tweet\"><p><a class=\"twitter-link\" rel=\"noindex, nofollow noopener\" href=\"https:\/\/twitter.com\/clem_garin\/status\/1948767595894550692\" target=\"_blank\"><\/p><\/blockquote>\n<p>Guillaume Genton vu avec Jordan<br \/>\nBardella dans le sud de la France<\/p>\n<p>Cette ann\u00e9e, c&rsquo;est Guillaume Genton qui a \u00e9t\u00e9 vu avec l&rsquo;homme<br \/>\npolitique pendant les grandes vacances comme viennent de le faire<br \/>\nsavoir nos confr\u00e8res de Public. Jordan Bardella a d\u00e9cid\u00e9<br \/>\nde passer ses vacances avec Franck Giletti, d\u00e9put\u00e9 RN du Var et il<br \/>\na \u00e9t\u00e9 rejoint par l&rsquo;ancien chroniqueur de TPMP. Dans la foul\u00e9e, le<br \/>\njournaliste Cl\u00e9ment Garin a fait savoir qu&rsquo;<strong>il s&rsquo;agissait du<br \/>\ntournage d&rsquo;un documentaire d\u00e9di\u00e9 \u00e0 Jordan Bardella, puisque<br \/>\nGuillaume Genton \u00e9tait avec ses \u00e9quipes de production.<\/strong><\/p>\n<p>Selon ses informations, publi\u00e9es sur Closer, ce<br \/>\ndocumentaire aurait d\u00fb \u00eatre diffus\u00e9 sur C8. Mais suite \u00e0 la<br \/>\nfermeture de la cha\u00eene en f\u00e9vrier dernier, il a fallu trouver une<br \/>\nautre cha\u00eene de diffusion. \u00c7a serait alors du c\u00f4t\u00e9 de CNews qu&rsquo;il<br \/>\nsera diffus\u00e9.<\/p>\n<p><script async src=\"https:\/\/platform.twitter.com\/widgets.js\" charset=\"utf-8\"><\/script><\/p>\n","protected":false},"excerpt":{"rendered":"L\u00a0\u00bb\u00e9t\u00e9 dernier, Cyril Hanouna a \u00e9t\u00e9 aper\u00e7u avec Jordan Bardella durant les grandes vacances. De quoi faire r\u00e9agir&hellip;\n","protected":false},"author":2,"featured_media":274293,"comment_status":"","ping_status":"","sticky":false,"template":"","format":"standard","meta":{"footnotes":""},"categories":[1356],"tags":[58,59,1011,27,31152,1077,252,1364],"class_list":{"0":"post-274292","1":"post","2":"type-post","3":"status-publish","4":"format-standard","5":"has-post-thumbnail","7":"category-television","8":"tag-divertissement","9":"tag-entertainment","10":"tag-fr","11":"tag-france","12":"tag-guillaume-genton","13":"tag-jordan-bardella","14":"tag-television","15":"tag-tv"},"share_on_mastodon":{"url":"https:\/\/pubeurope.com\/@fr\/114917415640343558","error":""},"_links":{"self":[{"href":"https:\/\/www.europesays.com\/fr\/wp-json\/wp\/v2\/posts\/274292","targetHints":{"allow":["GET"]}}],"collection":[{"href":"https:\/\/www.europesays.com\/fr\/wp-json\/wp\/v2\/posts"}],"about":[{"href":"https:\/\/www.europesays.com\/fr\/wp-json\/wp\/v2\/types\/post"}],"author":[{"embeddable":true,"href":"https:\/\/www.europesays.com\/fr\/wp-json\/wp\/v2\/users\/2"}],"replies":[{"embeddable":true,"href":"https:\/\/www.europesays.com\/fr\/wp-json\/wp\/v2\/comments?post=274292"}],"version-history":[{"count":0,"href":"https:\/\/www.europesays.com\/fr\/wp-json\/wp\/v2\/posts\/274292\/revisions"}],"wp:featuredmedia":[{"embeddable":true,"href":"https:\/\/www.europesays.com\/fr\/wp-json\/wp\/v2\/media\/274293"}],"wp:attachment":[{"href":"https:\/\/www.europesays.com\/fr\/wp-json\/wp\/v2\/media?parent=274292"}],"wp:term":[{"taxonomy":"category","embeddable":true,"href":"https:\/\/www.europesays.com\/fr\/wp-json\/wp\/v2\/categories?post=274292"},{"taxonomy":"post_tag","embeddable":true,"href":"https:\/\/www.europesays.com\/fr\/wp-json\/wp\/v2\/tags?post=274292"}],"curies":[{"name":"wp","href":"https:\/\/api.w.org\/{rel}","templated":true}]}}