{"id":274300,"date":"2025-07-26T03:33:12","date_gmt":"2025-07-26T03:33:12","guid":{"rendered":"https:\/\/www.europesays.com\/fr\/274300\/"},"modified":"2025-07-26T03:33:12","modified_gmt":"2025-07-26T03:33:12","slug":"on-ne-peut-pas-ignorer-ce-quil-se-passe-dans-le-monde-clame-soa-de-muse","status":"publish","type":"post","link":"https:\/\/www.europesays.com\/fr\/274300\/","title":{"rendered":"\u00ab\u00a0On ne peut pas ignorer ce qu\u2019il se passe dans le monde\u00a0\u00bb, clame Soa de Muse"},"content":{"rendered":"<p>Jamais deux sans trois. Finaliste de la saison 1 de \u00ab\u00a0<a href=\"https:\/\/www.20minutes.fr\/arts-stars\/culture\/drag-race-france\/\" class=\"color-ultramarine c-link\" target=\"_blank\" rel=\"noopener\">Drag Race France<\/a>\u00a0\u00bb en\u00a02022, participante l\u2019an pass\u00e9 de l\u2019\u00e9dition \u00ab<a href=\"https:\/\/www.20minutes.fr\/arts-stars\/culture\/4116249-20241018-global-all-stars-voulais-etre-pote-rupaul-juste-signe-cheque-confie-soa-muse\" class=\"color-ultramarine c-link\" target=\"_blank\" rel=\"noopener\">\u00a0Global All Stars\u00a0\u00bb o\u00f9 elle a \u00e9t\u00e9 sacr\u00e9e \u00ab\u00a0lipsync assassin\u00a0\u00bb<\/a>, Soa de Muse \u00e9tait de retour cet \u00e9t\u00e9 dans la franchise pour le \u00ab\u00a0All Stars\u00a0\u00bb fran\u00e7ais. Elle a quitt\u00e9 cette aventure \u00e0 l\u2019issue du troisi\u00e8me \u00e9pisode, diffus\u00e9 jeudi sur <a href=\"https:\/\/www.20minutes.fr\/television\/france_2\/\" class=\"color-ultramarine c-link\" target=\"_blank\" rel=\"noopener\">France 2<\/a>, et elle a plut\u00f4t bien v\u00e9cu son d\u00e9part comme elle l\u2019a confi\u00e9 \u00e0 20 Minutes ce vendredi.<\/p>\n<p>\u00ab\u00a0En vrai, je pense qu\u2019il y a plein d\u2019autres meufs qui ont plein de choses \u00e0 dire, avance l\u2019artiste de 36 ans. Et ce n\u2019est pas parce que je ne suis plus dans l\u2019\u00e9mission que j\u2019en ai fini avec vous. Vous continuerez de me voir, mais ailleurs.\u00a0\u00bb<\/p>\n<p>Vous sembliez vous \u00eatre pr\u00e9par\u00e9e mentalement \u00e0 quitter l\u2019\u00e9mission \u00e0 l\u2019issue de cet \u00e9pisode. C\u2019est le cas\u00a0?<\/p>\n<p>A partir du moment o\u00f9 j\u2019ai su que j\u2019\u00e9tais dans le bottom [les deux derni\u00e8res places du classement], j\u2019ai compris que j\u2019avais dit ce que j\u2019avais \u00e0 dire dans mon aventure avec la franchise \u00ab\u00a0Drag Race\u00a0\u00bb. J\u2019\u00e9tais dans une sorte de r\u00e9silience\u00a0: \u00ab\u00a0C\u2019est OK, la vie continue\u00a0\u00bb. Beaucoup de choses se bousculaient dans ma t\u00eate. J\u2019avais l\u2019impression d\u2019\u00eatre un peu coinc\u00e9e, de ne pas arriver \u00e0 m\u2019amuser, parce que, comme je l\u2019ai dit, ce qu\u2019il se passe dehors [l\u2019actualit\u00e9], c\u2019est chaud. Donc bien s\u00fbr, l\u2019entertainment, c\u2019est une chose mais, \u00e0 ce moment-l\u00e0, j\u2019avais besoin de bosser avec mes proches, de faire d\u2019autres choses.<\/p>\n<\/p>\n<p>Vous avez donn\u00e9 tout ce que vous aviez \u00e0 donner dans le cadre de \u00ab\u00a0Drag Race\u00a0\u00bb, du divertissement, codifi\u00e9, avec des crit\u00e8res bien pr\u00e9cis\u00a0?<\/p>\n<p>Je ne sais pas s\u2019il y a des crit\u00e8res bien pr\u00e9cis. En tout cas, moi, en tant qu\u2019individu, aujourd\u2019hui, dans \u00ab\u00a0Drag Race\u00a0\u00bb, j\u2019ai dit ce que j\u2019avais \u00e0 dire. J\u2019avais besoin de boucler la boucle aussi avec des messages davantage politis\u00e9s. C\u2019\u00e9tait ma boucle \u00e0 moi.<\/p>\n<p>Vous avez envie de vous exprimer davantage sur les causes qui vous tiennent \u00e0 c\u0153ur\u00a0?<\/p>\n<p>Les causes, \u00e7a me fait un peu sourire parce qu\u2019on dit\u00a0: \u00ab\u00a0Les causes\u2026 Soa, elle est engag\u00e9e\u2026\u00a0\u00bb Les causes, elles sont intersectionnelles. Il s\u2019agit juste de voir qu\u2019il y a un monde qui est en train de partir en vrille. Je suis originaire de <a href=\"https:\/\/www.20minutes.fr\/dossier\/martinique\" class=\"color-ultramarine c-link\" target=\"_blank\" rel=\"noopener\">Martinique<\/a>, je ne vais pas vous faire un cours sur ce qui se passe l\u00e0-bas actuellement, mais c\u2019est une grosse blague. Donc, mes causes, ce sont des causes de la vie, c\u2019est r\u00e9agir pour que les petits qui arriveront apr\u00e8s nous puissent se dire \u00ab\u00a0il y a encore de l\u2019espoir\u00a0\u00bb. A mon avis, cela touche tout le monde.<\/p>\n<p>Si vous aviez la possibilit\u00e9 de remonter le temps, que feriez-vous diff\u00e9remment dans cette aventure \u00ab\u00a0Drag Race France All Stars\u00a0\u00bb\u00a0?<\/p>\n<p>Quand Daphn\u00e9 B\u00fcrki m\u2019a demand\u00e9\u00a0: \u00ab\u00a0Qu\u2019est-ce qui s\u2019est pass\u00e9 dans ta vie en trois ans\u00a0?\u00a0\u00bb, j\u2019aurais voulu lui r\u00e9pondre\u00a0: \u00ab\u00a0Qu\u2019est-ce qui s\u2019est pass\u00e9 dans la vie en trois ans\u00a0?\u00a0\u00bb<\/p>\n<p>Vous diriez donc que votre expression artistique est \u00e9troitement impact\u00e9e par ce qui se passe dans le monde\u00a0?<\/p>\n<p>J\u2019\u00e9tais d\u00e9j\u00e0 un peu politis\u00e9e de base mais, en sortant de \u00ab\u00a0Drag Race Global All Stars\u00a0\u00bb, j\u2019ai r\u00e9cup\u00e9r\u00e9 mon t\u00e9l\u00e9phone que j\u2019avais d\u00fb laisser le temps du tournage [qui a eu lieu en octobre et novembre\u00a02023]. J\u2019ai alors vu tout ce qu\u2019il se passait et j\u2019ai eu un choc\u00a0: \u00ab\u00a0On est o\u00f9\u00a0? On va tous mourir ou quoi\u00a0?\u00a0\u00bb Certains disent\u00a0: \u00ab\u00a0Non, mais ce n\u2019est pas chez nous que \u00e7a a lieu, \u00e7a va\u00a0\u00bb. Mais non, en vrai, c\u2019est proche. Et puis, depuis le Covid, il y a quelque chose d\u2019anxiog\u00e8ne. M\u00eame les politiques, comme un Trump\u2026 On dirait un \u00e9pisode de <a href=\"https:\/\/www.20minutes.fr\/serie\/black-mirror\/\" class=\"color-ultramarine c-link\" target=\"_blank\" rel=\"noopener\">Black Mirror<\/a>.<\/p>\n<p>A la rentr\u00e9e, vous serez \u00e0 l\u2019affiche de la tourn\u00e9e \u00ab\u00a0Drag Race\u00a0\u00bb, mais vous allez aussi reprendre votre r\u00f4le dans Woke, au Th\u00e9\u00e2tre de Montreuil\u2026<\/p>\n<p>Oui, on reprend, pour quelques dates, ce spectacle mis en sc\u00e8ne par Virginie Despentes et \u00e9crit par Paul B. Preciado, Anne Pauly et Julien Delmaire. En mars, je jouerai \u00e0 Lyon dans Romancero Queer, \u00e9crite et mise en sc\u00e8ne enti\u00e8rement par Virginie Despentes. Et en f\u00e9vrier, mon spectacle Diaspora, sur l\u2019afro-fabulation des personnes racis\u00e9es, sera \u00e0 l\u2019affiche au carreau du Temple, \u00e0 Paris, avec Mami Watta et Shei Tan.<\/p>\n<p><a href=\"https:\/\/www.20minutes.fr\/arts-stars\/culture\/drag-race-france\/\" class=\"c-link c-btn c-btn--primary\" target=\"_blank\" rel=\"noopener\">Notre dossier sur Drag Race France<\/a>Pour revenir sur le terme \u00ab\u00a0woke\u00a0\u00bb, vos derniers mots dans l\u2019\u00e9pisode ont \u00e9t\u00e9 de souligner qu\u2019il ne s\u2019agissait pas d\u2019une insulte, que c\u2019est une bonne chose d\u2019\u00eatre \u00ab\u00a0\u00e9veill\u00e9\u00a0\u00bb\u2026<\/p>\n<p>Oui\u00a0: gardez les yeux ouverts. Ne restez pas trop sur votre t\u00e9l\u00e9phone, regardez autour de vous. Parce que l\u00e0, on ne peut pas dire qu\u2019on ne sait pas ce qu\u2019il se passe dans le monde. Je ne suis pas Gandhi, je ne suis pas une personne parfaite, mais j\u2019essaie de transmettre un message qui donne de l\u2019espoir. Donc si on peut utiliser cet int\u00e9r\u00eat public ou cette visibilit\u00e9 pour remotiver les troupes, c\u2019est bien. Ne l\u00e2chez pas. Ne vous laissez pas avoir. Restez ensemble. Arr\u00eatons de s\u00e9parer tout le monde. L\u2019union fait la force.<\/p>\n","protected":false},"excerpt":{"rendered":"Jamais deux sans trois. Finaliste de la saison 1 de \u00ab\u00a0Drag Race France\u00a0\u00bb en\u00a02022, participante l\u2019an pass\u00e9 de&hellip;\n","protected":false},"author":2,"featured_media":274301,"comment_status":"","ping_status":"","sticky":false,"template":"","format":"standard","meta":{"footnotes":""},"categories":[8],"tags":[251,58,26643,59,1011,27,594,9087,20470,41384,252],"class_list":{"0":"post-274300","1":"post","2":"type-post","3":"status-publish","4":"format-standard","5":"has-post-thumbnail","7":"category-divertissement","8":"tag-culture","9":"tag-divertissement","10":"tag-drag-race-france","11":"tag-entertainment","12":"tag-fr","13":"tag-france","14":"tag-france-2","15":"tag-lgbt","16":"tag-martinique","17":"tag-rupauls-drag-race","18":"tag-television"},"share_on_mastodon":{"url":"https:\/\/pubeurope.com\/@fr\/114917435717046596","error":""},"_links":{"self":[{"href":"https:\/\/www.europesays.com\/fr\/wp-json\/wp\/v2\/posts\/274300","targetHints":{"allow":["GET"]}}],"collection":[{"href":"https:\/\/www.europesays.com\/fr\/wp-json\/wp\/v2\/posts"}],"about":[{"href":"https:\/\/www.europesays.com\/fr\/wp-json\/wp\/v2\/types\/post"}],"author":[{"embeddable":true,"href":"https:\/\/www.europesays.com\/fr\/wp-json\/wp\/v2\/users\/2"}],"replies":[{"embeddable":true,"href":"https:\/\/www.europesays.com\/fr\/wp-json\/wp\/v2\/comments?post=274300"}],"version-history":[{"count":0,"href":"https:\/\/www.europesays.com\/fr\/wp-json\/wp\/v2\/posts\/274300\/revisions"}],"wp:featuredmedia":[{"embeddable":true,"href":"https:\/\/www.europesays.com\/fr\/wp-json\/wp\/v2\/media\/274301"}],"wp:attachment":[{"href":"https:\/\/www.europesays.com\/fr\/wp-json\/wp\/v2\/media?parent=274300"}],"wp:term":[{"taxonomy":"category","embeddable":true,"href":"https:\/\/www.europesays.com\/fr\/wp-json\/wp\/v2\/categories?post=274300"},{"taxonomy":"post_tag","embeddable":true,"href":"https:\/\/www.europesays.com\/fr\/wp-json\/wp\/v2\/tags?post=274300"}],"curies":[{"name":"wp","href":"https:\/\/api.w.org\/{rel}","templated":true}]}}