{"id":274312,"date":"2025-07-26T03:39:27","date_gmt":"2025-07-26T03:39:27","guid":{"rendered":"https:\/\/www.europesays.com\/fr\/274312\/"},"modified":"2025-07-26T03:39:27","modified_gmt":"2025-07-26T03:39:27","slug":"5000-m%c2%b2-partent-en-fumee-les-pompiers-preservent-2-maisons-du-feu","status":"publish","type":"post","link":"https:\/\/www.europesays.com\/fr\/274312\/","title":{"rendered":"5000 m\u00b2 partent en fum\u00e9e, les pompiers pr\u00e9servent 2 maisons du feu"},"content":{"rendered":"\n<p>Une vingtaine de pompiers ont \u00e9t\u00e9 d\u00e9p\u00each\u00e9s \u00e0 Chambles, ce jeudi, vers 17 heures. Un feu d&rsquo;herbe s\u00e8che a d\u00e9truit une surface de 5000 m\u00b2. L&rsquo;intervention des secours a permis d&rsquo;\u00e9viter une propagation plus importante des flammes.<\/p>\n<p>Deux habitations \u00e9taient notamment menac\u00e9es. L&rsquo;incendie est d\u00e9sormais fix\u00e9 \u00e0 l&rsquo;heure o\u00f9 ces lignes sont \u00e9crites. Les pompiers proc\u00e8dent au traitement des lisi\u00e8res.<\/p>\n","protected":false},"excerpt":{"rendered":"Une vingtaine de pompiers ont \u00e9t\u00e9 d\u00e9p\u00each\u00e9s \u00e0 Chambles, ce jeudi, vers 17 heures. Un feu d&rsquo;herbe s\u00e8che&hellip;\n","protected":false},"author":2,"featured_media":98097,"comment_status":"","ping_status":"","sticky":false,"template":"","format":"standard","meta":{"footnotes":""},"categories":[9653],"tags":[1111,11,2430,20130,1777,674,1312,1011,27,41387,1310,3367,12,1311,25,4001],"class_list":{"0":"post-274312","1":"post","2":"type-post","3":"status-publish","4":"format-standard","5":"has-post-thumbnail","7":"category-saint-etienne","8":"tag-actu","9":"tag-actualites","10":"tag-auvergne-rhone-alpes","11":"tag-chambles","12":"tag-eu","13":"tag-europe","14":"tag-feu","15":"tag-fr","16":"tag-france","17":"tag-herbe_seche","18":"tag-incendie","19":"tag-loire","20":"tag-news","21":"tag-pompiers","22":"tag-republique-francaise","23":"tag-saint-etienne"},"share_on_mastodon":{"url":"https:\/\/pubeurope.com\/@fr\/114917458799020387","error":""},"_links":{"self":[{"href":"https:\/\/www.europesays.com\/fr\/wp-json\/wp\/v2\/posts\/274312","targetHints":{"allow":["GET"]}}],"collection":[{"href":"https:\/\/www.europesays.com\/fr\/wp-json\/wp\/v2\/posts"}],"about":[{"href":"https:\/\/www.europesays.com\/fr\/wp-json\/wp\/v2\/types\/post"}],"author":[{"embeddable":true,"href":"https:\/\/www.europesays.com\/fr\/wp-json\/wp\/v2\/users\/2"}],"replies":[{"embeddable":true,"href":"https:\/\/www.europesays.com\/fr\/wp-json\/wp\/v2\/comments?post=274312"}],"version-history":[{"count":0,"href":"https:\/\/www.europesays.com\/fr\/wp-json\/wp\/v2\/posts\/274312\/revisions"}],"wp:featuredmedia":[{"embeddable":true,"href":"https:\/\/www.europesays.com\/fr\/wp-json\/wp\/v2\/media\/98097"}],"wp:attachment":[{"href":"https:\/\/www.europesays.com\/fr\/wp-json\/wp\/v2\/media?parent=274312"}],"wp:term":[{"taxonomy":"category","embeddable":true,"href":"https:\/\/www.europesays.com\/fr\/wp-json\/wp\/v2\/categories?post=274312"},{"taxonomy":"post_tag","embeddable":true,"href":"https:\/\/www.europesays.com\/fr\/wp-json\/wp\/v2\/tags?post=274312"}],"curies":[{"name":"wp","href":"https:\/\/api.w.org\/{rel}","templated":true}]}}