{"id":274315,"date":"2025-07-26T03:41:12","date_gmt":"2025-07-26T03:41:12","guid":{"rendered":"https:\/\/www.europesays.com\/fr\/274315\/"},"modified":"2025-07-26T03:41:12","modified_gmt":"2025-07-26T03:41:12","slug":"un-changement-express-pour-rouler-en-securite","status":"publish","type":"post","link":"https:\/\/www.europesays.com\/fr\/274315\/","title":{"rendered":"un changement express pour rouler en s\u00e9curit\u00e9"},"content":{"rendered":"<p>Le Lion de Peugeot, les chevrons de Citro\u00ebn, les quatre anneaux d\u2019Audi\u2026 Nombreux sont les constructeurs concern\u00e9s par l\u2019op\u00e9ration de rappel de leurs v\u00e9hicules pour le remplacement des airbags Takata.<\/p>\n<p>Et l\u2019\u00e9toile \u00e0 trois branches de Mercedes-Benz n\u2019y coupe pas, elle non plus. Arnaud, un quinquag\u00e9naire Nanc\u00e9ien heureux propri\u00e9taire de deux \u00ab\u00a0Benz\u00a0\u00bb (un mod\u00e8le classe A de 2005 et un autre classe E de 2013) a d\u00fb conduire ses berlines dans les ateliers de la concession Kroely, \u00e0 Laxou La Sapini\u00e8re. En effet, le dispositif de s\u00e9curit\u00e9 de l\u2019\u00e9quipementier Japonais, gonfl\u00e9 au nitrate&#8230;<\/p>\n","protected":false},"excerpt":{"rendered":"Le Lion de Peugeot, les chevrons de Citro\u00ebn, les quatre anneaux d\u2019Audi\u2026 Nombreux sont les constructeurs concern\u00e9s par&hellip;\n","protected":false},"author":2,"featured_media":274316,"comment_status":"","ping_status":"","sticky":false,"template":"","format":"standard","meta":{"footnotes":""},"categories":[9635],"tags":[119,1111,11,646,33,1704,1777,674,274,1011,27,775,10426,10262,3457,1702,12,25],"class_list":{"0":"post-274315","1":"post","2":"type-post","3":"status-publish","4":"format-standard","5":"has-post-thumbnail","7":"category-nancy","8":"tag-accident","9":"tag-actu","10":"tag-actualites","11":"tag-automobile","12":"tag-economie","13":"tag-edition-nancy-et-agglomeration","14":"tag-eu","15":"tag-europe","16":"tag-faits-divers-justice","17":"tag-fr","18":"tag-france","19":"tag-grand-est","20":"tag-laxou","21":"tag-metropole-du-grand-nancy-54b5","22":"tag-meurthe-et-moselle","23":"tag-nancy","24":"tag-news","25":"tag-republique-francaise"},"share_on_mastodon":{"url":"https:\/\/pubeurope.com\/@fr\/114917466625634367","error":""},"_links":{"self":[{"href":"https:\/\/www.europesays.com\/fr\/wp-json\/wp\/v2\/posts\/274315","targetHints":{"allow":["GET"]}}],"collection":[{"href":"https:\/\/www.europesays.com\/fr\/wp-json\/wp\/v2\/posts"}],"about":[{"href":"https:\/\/www.europesays.com\/fr\/wp-json\/wp\/v2\/types\/post"}],"author":[{"embeddable":true,"href":"https:\/\/www.europesays.com\/fr\/wp-json\/wp\/v2\/users\/2"}],"replies":[{"embeddable":true,"href":"https:\/\/www.europesays.com\/fr\/wp-json\/wp\/v2\/comments?post=274315"}],"version-history":[{"count":0,"href":"https:\/\/www.europesays.com\/fr\/wp-json\/wp\/v2\/posts\/274315\/revisions"}],"wp:featuredmedia":[{"embeddable":true,"href":"https:\/\/www.europesays.com\/fr\/wp-json\/wp\/v2\/media\/274316"}],"wp:attachment":[{"href":"https:\/\/www.europesays.com\/fr\/wp-json\/wp\/v2\/media?parent=274315"}],"wp:term":[{"taxonomy":"category","embeddable":true,"href":"https:\/\/www.europesays.com\/fr\/wp-json\/wp\/v2\/categories?post=274315"},{"taxonomy":"post_tag","embeddable":true,"href":"https:\/\/www.europesays.com\/fr\/wp-json\/wp\/v2\/tags?post=274315"}],"curies":[{"name":"wp","href":"https:\/\/api.w.org\/{rel}","templated":true}]}}