{"id":274317,"date":"2025-07-26T03:42:31","date_gmt":"2025-07-26T03:42:31","guid":{"rendered":"https:\/\/www.europesays.com\/fr\/274317\/"},"modified":"2025-07-26T03:42:31","modified_gmt":"2025-07-26T03:42:31","slug":"nancy-fromages-restaurant-et-tradition-les-freres-marchand-prolongent-la-saga-familiale","status":"publish","type":"post","link":"https:\/\/www.europesays.com\/fr\/274317\/","title":{"rendered":"Nancy. Fromages, restaurant et tradition, les fr\u00e8res Marchand prolongent la saga familiale"},"content":{"rendered":"<p>Ils sont fr\u00e8res. Et sont indissociables de l\u2019entreprise familiale. Pour faire simple, ce sont les trois, ou rien. Il y a Philippe, l\u2019a\u00een\u00e9, ma\u00eetre-fromager affineur, Patrice, globe-trotter de la fratrie, tout droit sorti de la prestigieuse \u00c9cole H\u00f4teli\u00e8re de Lausanne, et \u00c9ric, l\u2019expert-comptable qui veille \u00e0 la bonne marche du vaisseau amiral.<\/p>\n<p>Un navire ayant&#8230;<\/p>\n","protected":false},"excerpt":{"rendered":"Ils sont fr\u00e8res. Et sont indissociables de l\u2019entreprise familiale. Pour faire simple, ce sont les trois, ou rien.&hellip;\n","protected":false},"author":2,"featured_media":274318,"comment_status":"","ping_status":"","sticky":false,"template":"","format":"standard","meta":{"footnotes":""},"categories":[9635],"tags":[1111,11,4406,33,1704,1777,674,1011,27,775,41388,31022,1031,6016,3457,1702,1703,12,3456,25],"class_list":{"0":"post-274317","1":"post","2":"type-post","3":"status-publish","4":"format-standard","5":"has-post-thumbnail","7":"category-nancy","8":"tag-actu","9":"tag-actualites","10":"tag-commerce-et-services","11":"tag-economie","12":"tag-edition-nancy-et-agglomeration","13":"tag-eu","14":"tag-europe","15":"tag-fr","16":"tag-france","17":"tag-grand-est","18":"tag-le-guide-de-lete-franche-comte","19":"tag-le-guide-de-lete-lorraine","20":"tag-magazine","21":"tag-magazine-cuisine-et-vins","22":"tag-meurthe-et-moselle","23":"tag-nancy","24":"tag-nancy-ville-54b","25":"tag-news","26":"tag-region-lorraine","27":"tag-republique-francaise"},"share_on_mastodon":{"url":"https:\/\/pubeurope.com\/@fr\/114917470534652849","error":""},"_links":{"self":[{"href":"https:\/\/www.europesays.com\/fr\/wp-json\/wp\/v2\/posts\/274317","targetHints":{"allow":["GET"]}}],"collection":[{"href":"https:\/\/www.europesays.com\/fr\/wp-json\/wp\/v2\/posts"}],"about":[{"href":"https:\/\/www.europesays.com\/fr\/wp-json\/wp\/v2\/types\/post"}],"author":[{"embeddable":true,"href":"https:\/\/www.europesays.com\/fr\/wp-json\/wp\/v2\/users\/2"}],"replies":[{"embeddable":true,"href":"https:\/\/www.europesays.com\/fr\/wp-json\/wp\/v2\/comments?post=274317"}],"version-history":[{"count":0,"href":"https:\/\/www.europesays.com\/fr\/wp-json\/wp\/v2\/posts\/274317\/revisions"}],"wp:featuredmedia":[{"embeddable":true,"href":"https:\/\/www.europesays.com\/fr\/wp-json\/wp\/v2\/media\/274318"}],"wp:attachment":[{"href":"https:\/\/www.europesays.com\/fr\/wp-json\/wp\/v2\/media?parent=274317"}],"wp:term":[{"taxonomy":"category","embeddable":true,"href":"https:\/\/www.europesays.com\/fr\/wp-json\/wp\/v2\/categories?post=274317"},{"taxonomy":"post_tag","embeddable":true,"href":"https:\/\/www.europesays.com\/fr\/wp-json\/wp\/v2\/tags?post=274317"}],"curies":[{"name":"wp","href":"https:\/\/api.w.org\/{rel}","templated":true}]}}