{"id":274321,"date":"2025-07-26T03:46:27","date_gmt":"2025-07-26T03:46:27","guid":{"rendered":"https:\/\/www.europesays.com\/fr\/274321\/"},"modified":"2025-07-26T03:46:27","modified_gmt":"2025-07-26T03:46:27","slug":"accident-entre-un-tramway-et-un-vehicule-ce-jeudi","status":"publish","type":"post","link":"https:\/\/www.europesays.com\/fr\/274321\/","title":{"rendered":"accident entre un tramway et un v\u00e9hicule ce jeudi"},"content":{"rendered":"<p>\nUn accident a eu lieu ce jeudi 24 juillet, impliquant un tramway de Montpellier et un v\u00e9hicule.<\/p>\n<p>\n\u00a9 DR. Accident entre un tram et un v\u00e9hicule \u00e0 Montpellier ce jeudi 24 juillet. .<\/p>\n<p>Sur les images, on peut voir un v\u00e9hicule accident\u00e9 sur le devant, le pare-choc au sol, positionn\u00e9 sur la voie de tramway, ligne 2. Ce dernier, contenant encore quelques passagers, a, quant \u00e0 lui, une de ses vitres<strong> compl\u00e8tement bris\u00e9e. <\/strong>Un accident de la circulation s\u2019est d\u00e9roul\u00e9 <strong>ce jeudi 24 juillet,<\/strong> aux alentours de midi, au niveau du feu rouge de Maurin \/ Vieussens, \u00e0 Montpellier.<\/p>\n<p>\u00ab\u00a0<strong>15 000 voitures, \u00e7a donne \u00e7a\u00a0\u00bb<\/strong><\/p>\n<p>Le <a href=\"https:\/\/infoccitanie.fr\/wp-content\/uploads\/2025\/03\/1657-montpellier-4-boulevards.jpeg\" rel=\"nofollow noopener\" target=\"_blank\">Collectif 4 Boulevards<\/a> qui d\u00e9nonce le <strong>plan de circulation \u00e9tabli par la Ville <\/strong>et \u00ab\u00a0l\u2019enfer\u00a0\u00bb, li\u00e9 \u00ab\u00a0aux transferts massifs de circulation sur les 4 Boulevards d\u2019Orient, Rabelais, Berthelot et Vieussens\u00a0\u00bb, s\u2019est empress\u00e9 de r\u00e9agir sur ses<a href=\"https:\/\/x.com\/collectif_3\" target=\"_blank\" rel=\"nofollow\"> r\u00e9seaux sociaux<\/a> : \u00ab\u00a0Vivement le tram 5 pour changer les couleurs de nos photos : des rails travers\u00e9s par <strong>15 000 voitures, \u00e7a donne \u00e7a\u00a0\u00bb.<\/strong> Les circonstances de l\u2019accident ne sont pas encore \u00e9tablies, les forces de l\u2019ordre ont \u00e9t\u00e9 d\u00e9p\u00each\u00e9es sur place. Plus d\u2019informations \u00e0 venir. Quelques photos ci-dessous :<\/p>\n<p><img decoding=\"async\" src=\"https:\/\/www.europesays.com\/fr\/wp-content\/uploads\/2025\/07\/3851-montpellier-accident-entre-tram-vehicule-768x1024.jpg\" alt=\"\" class=\"wp-image-122784\"\/>DR. Accident entre un tram et un v\u00e9hicule \u00e0 Montpellier ce jeudi 24 juillet.<img fetchpriority=\"high\" decoding=\"async\" width=\"768\" height=\"1024\" src=\"https:\/\/www.europesays.com\/fr\/wp-content\/uploads\/2025\/07\/3839-montpellier-accident-entre-tram-vehicule-768x1024.jpg\" alt=\"\" class=\"wp-image-122783\"  \/>Accident entre un tram et un v\u00e9hicule \u00e0 Montpellier ce jeudi 24 juillet. DR<img loading=\"lazy\" decoding=\"async\" width=\"768\" height=\"1024\" src=\"https:\/\/www.europesays.com\/fr\/wp-content\/uploads\/2025\/07\/3867-montpellier-accident-entre-tram-vehicule-768x1024.jpg\" alt=\"\" class=\"wp-image-122785\"  \/>Accident entre un tram et un v\u00e9hicule \u00e0 Montpellier ce jeudi 24 juillet. DR<\/p>\n","protected":false},"excerpt":{"rendered":"Un accident a eu lieu ce jeudi 24 juillet, impliquant un tramway de Montpellier et un v\u00e9hicule. \u00a9&hellip;\n","protected":false},"author":2,"featured_media":274322,"comment_status":"","ping_status":"","sticky":false,"template":"","format":"standard","meta":{"footnotes":""},"categories":[9599],"tags":[119,1111,11,1777,674,1011,27,2208,12,2680,25],"class_list":{"0":"post-274321","1":"post","2":"type-post","3":"status-publish","4":"format-standard","5":"has-post-thumbnail","7":"category-montpellier","8":"tag-accident","9":"tag-actu","10":"tag-actualites","11":"tag-eu","12":"tag-europe","13":"tag-fr","14":"tag-france","15":"tag-montpellier","16":"tag-news","17":"tag-occitanie","18":"tag-republique-francaise"},"share_on_mastodon":{"url":"https:\/\/pubeurope.com\/@fr\/114917486351922695","error":""},"_links":{"self":[{"href":"https:\/\/www.europesays.com\/fr\/wp-json\/wp\/v2\/posts\/274321","targetHints":{"allow":["GET"]}}],"collection":[{"href":"https:\/\/www.europesays.com\/fr\/wp-json\/wp\/v2\/posts"}],"about":[{"href":"https:\/\/www.europesays.com\/fr\/wp-json\/wp\/v2\/types\/post"}],"author":[{"embeddable":true,"href":"https:\/\/www.europesays.com\/fr\/wp-json\/wp\/v2\/users\/2"}],"replies":[{"embeddable":true,"href":"https:\/\/www.europesays.com\/fr\/wp-json\/wp\/v2\/comments?post=274321"}],"version-history":[{"count":0,"href":"https:\/\/www.europesays.com\/fr\/wp-json\/wp\/v2\/posts\/274321\/revisions"}],"wp:featuredmedia":[{"embeddable":true,"href":"https:\/\/www.europesays.com\/fr\/wp-json\/wp\/v2\/media\/274322"}],"wp:attachment":[{"href":"https:\/\/www.europesays.com\/fr\/wp-json\/wp\/v2\/media?parent=274321"}],"wp:term":[{"taxonomy":"category","embeddable":true,"href":"https:\/\/www.europesays.com\/fr\/wp-json\/wp\/v2\/categories?post=274321"},{"taxonomy":"post_tag","embeddable":true,"href":"https:\/\/www.europesays.com\/fr\/wp-json\/wp\/v2\/tags?post=274321"}],"curies":[{"name":"wp","href":"https:\/\/api.w.org\/{rel}","templated":true}]}}