{"id":274325,"date":"2025-07-26T03:53:46","date_gmt":"2025-07-26T03:53:46","guid":{"rendered":"https:\/\/www.europesays.com\/fr\/274325\/"},"modified":"2025-07-26T03:53:46","modified_gmt":"2025-07-26T03:53:46","slug":"pres-de-rennes-une-personne-transportee-a-lhopital-apres-un-incendie-dans-un-appartement","status":"publish","type":"post","link":"https:\/\/www.europesays.com\/fr\/274325\/","title":{"rendered":"Pr\u00e8s de Rennes, une personne transport\u00e9e \u00e0 l\u2019h\u00f4pital apr\u00e8s un incendie dans un appartement"},"content":{"rendered":"<p>Les pompiers ont \u00e9t\u00e9 appel\u00e9s vers 3\u00a0h du matin, vendredi 25\u00a0juillet 2025, pour un feu dans un appartement situ\u00e9 avenue des Perri\u00e8res, au Rheu, pr\u00e8s de Rennes. L\u2019incendie s\u2019est d\u00e9clar\u00e9 dans un logement du premier \u00e9tage d\u2019un collectif comprenant deux niveaux.<\/p>\n<p>Une personne a \u00e9t\u00e9 transport\u00e9e \u00e0 l\u2019h\u00f4pital apr\u00e8s avoir inhal\u00e9 des fum\u00e9es. Trois habitants devront \u00eatre relog\u00e9s.<\/p>\n<p>31\u00a0sapeurs pompiers \u00e9taient sur place.<\/p>\n<p>\u00a0<\/p>\n","protected":false},"excerpt":{"rendered":"Les pompiers ont \u00e9t\u00e9 appel\u00e9s vers 3\u00a0h du matin, vendredi 25\u00a0juillet 2025, pour un feu dans un appartement&hellip;\n","protected":false},"author":2,"featured_media":274326,"comment_status":"","ping_status":"","sticky":false,"template":"","format":"standard","meta":{"footnotes":""},"categories":[2821],"tags":[1111,11,9071,829,1777,674,1011,27,100,1310,12,3762,584,25,41389],"class_list":{"0":"post-274325","1":"post","2":"type-post","3":"status-publish","4":"format-standard","5":"has-post-thumbnail","7":"category-rennes","8":"tag-actu","9":"tag-actualites","10":"tag-appartement","11":"tag-bretagne","12":"tag-eu","13":"tag-europe","14":"tag-fr","15":"tag-france","16":"tag-hopital","17":"tag-incendie","18":"tag-news","19":"tag-pres","20":"tag-rennes","21":"tag-republique-francaise","22":"tag-transportee"},"share_on_mastodon":{"url":"https:\/\/pubeurope.com\/@fr\/114917513923265254","error":""},"_links":{"self":[{"href":"https:\/\/www.europesays.com\/fr\/wp-json\/wp\/v2\/posts\/274325","targetHints":{"allow":["GET"]}}],"collection":[{"href":"https:\/\/www.europesays.com\/fr\/wp-json\/wp\/v2\/posts"}],"about":[{"href":"https:\/\/www.europesays.com\/fr\/wp-json\/wp\/v2\/types\/post"}],"author":[{"embeddable":true,"href":"https:\/\/www.europesays.com\/fr\/wp-json\/wp\/v2\/users\/2"}],"replies":[{"embeddable":true,"href":"https:\/\/www.europesays.com\/fr\/wp-json\/wp\/v2\/comments?post=274325"}],"version-history":[{"count":0,"href":"https:\/\/www.europesays.com\/fr\/wp-json\/wp\/v2\/posts\/274325\/revisions"}],"wp:featuredmedia":[{"embeddable":true,"href":"https:\/\/www.europesays.com\/fr\/wp-json\/wp\/v2\/media\/274326"}],"wp:attachment":[{"href":"https:\/\/www.europesays.com\/fr\/wp-json\/wp\/v2\/media?parent=274325"}],"wp:term":[{"taxonomy":"category","embeddable":true,"href":"https:\/\/www.europesays.com\/fr\/wp-json\/wp\/v2\/categories?post=274325"},{"taxonomy":"post_tag","embeddable":true,"href":"https:\/\/www.europesays.com\/fr\/wp-json\/wp\/v2\/tags?post=274325"}],"curies":[{"name":"wp","href":"https:\/\/api.w.org\/{rel}","templated":true}]}}