{"id":274329,"date":"2025-07-26T03:55:11","date_gmt":"2025-07-26T03:55:11","guid":{"rendered":"https:\/\/www.europesays.com\/fr\/274329\/"},"modified":"2025-07-26T03:55:11","modified_gmt":"2025-07-26T03:55:11","slug":"de-20-centimes-a-20-euros-voici-comment-trouver-des-affiches-de-films-ou-de-livres-pas-cheres-a-strasbourg","status":"publish","type":"post","link":"https:\/\/www.europesays.com\/fr\/274329\/","title":{"rendered":"De 20 centimes \u00e0 20 euros, voici comment trouver des affiches de films ou de livres pas ch\u00e8res \u00e0 Strasbourg"},"content":{"rendered":"<p>            Par<br \/>\n        <strong><br \/>\n            <a href=\"https:\/\/actu.fr\/auteur\/redaction-strasbourg\" title=\"Consulter tous les articles de R\u00e9daction Strasbourg\" rel=\"nofollow noopener\" target=\"_blank\">R\u00e9daction Strasbourg<\/a><br \/>\n        <\/strong><\/p>\n<p>        Publi\u00e9 le<\/p>\n<p>            25 juil. 2025 \u00e0 17h19        <\/p>\n<p>Envie de red\u00e9corer votre int\u00e9rieur\u2009? \u00c0 l\u2019occasion de la grande braderie qui se tient samedi 26\u00a0juillet dans les rues de <a href=\"https:\/\/actu.fr\/strasbourg\/\" rel=\"nofollow noopener\" target=\"_blank\">Strasbourg<\/a>, plusieurs <strong>cin\u00e9mas<\/strong> et une <strong>librairie<\/strong> mettent en vente des <strong>affiches de films et de livres<\/strong> \u00e0 <strong>petit prix<\/strong>.<\/p>\n<p>Vente d\u2019affiches de cin\u00e9ma aux cin\u00e9mas Vox, Star et Saint-Exup\u00e9ry<\/p>\n<p class=\" wall-content\">Le Cin\u00e9ma Vox organise sa traditionnelle vente d\u2019affiches de films de<strong> 11\u2009h \u00e0 19\u2009h<\/strong> ce samedi. Une petite restauration et <strong>buvette<\/strong> seront ouvertes tout au long de la journ\u00e9e et le traditionnel <strong>barbecue<\/strong> se tiendra \u00e0 la mi-journ\u00e9e.<\/p>\n<p class=\" wall-content\">Le cin\u00e9ma ne tient pas de liste de son stock d\u2019affiches et aucune r\u00e9servation en avance n\u2019est possible\u2009: il faudra <strong>fouiller<\/strong> sur place. Les tarifs varient en fonction de la taille et de l\u2019\u00e9tat des affiches\u2009: grandes affiches <strong>20\u00a0euros maximum<\/strong>, petites affiches <strong>8\u00a0euros maximum.<\/strong><\/p>\n<p>    <a href=\"https:\/\/www.facebook.com\/plugins\/post.php?href=https%3A%2F%2Fwww.facebook.com%2Fcinema.vox.strasbourg%2Fposts%2F1515606989782193&amp;show_text=true&amp;width=350\" title=\"Ouvrie le lien\" rel=\"nofollow noopener\" target=\"_blank\">Cliquez ici pour visualiser le contenu<\/a><\/p>\n<p class=\" wall-content\">Le concept du premier arriv\u00e9, premier servi sera aussi appliqu\u00e9 par les cin\u00e9mas Star\/Saint-Exup\u00e9ry qui organisent eux la vente <strong>d\u00e8s 8\u2009h<\/strong> avec un stand qui sera install\u00e9 devant le Saint-Exup\u00e9ry (18 rue du 22\u00a0novembre). The Substance, Mickey 17, Partir un jour, Flow\u2026 De nombreuses affiches de films r\u00e9cemment diffus\u00e9s en salle seront \u00e0 retrouver pour des prix allant de <strong>3 \u00e0 20 euros<\/strong> selon la taille.<\/p>\n<p>Des affiches et des livres \u00e0 bas prix \u00e0 la librairie Kl\u00e9ber<\/p>\n<p class=\" wall-content\">C\u00f4t\u00e9 bouquins et papeterie, la librairie Kl\u00e9ber proposera \u00e0 la vente de<strong> 9\u2009h \u00e0 19\u2009h<\/strong> des affiches, de la papeterie, des livres, du mobilier ou encore des pr\u00e9sentoirs.<\/p>\n<p>    <a href=\"https:\/\/www.facebook.com\/plugins\/video.php?height=476&amp;href=https%3A%2F%2Fwww.facebook.com%2Flibrairiekleberstrasbourg%2Fvideos%2F1464477781408916%2F&amp;show_text=false&amp;width=350&amp;t=0\" title=\"Ouvrie le lien\" rel=\"nofollow noopener\" target=\"_blank\">Cliquez ici pour visualiser le contenu<\/a><\/p>\n<p class=\" wall-content\">Pour l\u2019occasion, la librairie mettra en vente sa s\u00e9lection \u00e0 des tarifs tr\u00e8s bas : de <strong>20 centimes \u00e0 15\u00a0euros.<\/strong><\/p>\n<p class=\" wall-content\">Suivez toute l\u2019actualit\u00e9 de vos villes et m\u00e9dias favoris en vous inscrivant \u00e0 <a href=\"https:\/\/moncompte.actu.fr\" title=\"D\u00e9couvez Mon Actu\" rel=\"nofollow noopener\" data-trk=\"{&quot;cta&quot;:{&quot;action&quot;:&quot;https:\\\/\\\/moncompte.actu.fr&quot;,&quot;category&quot;:&quot;mon compte&quot;,&quot;from&quot;:&quot;article footer&quot;,&quot;name&quot;:&quot;Mon actu&quot;,&quot;type&quot;:&quot;cta&quot;}}\" target=\"_blank\">Mon Actu<\/a>.<\/p>\n","protected":false},"excerpt":{"rendered":"Par R\u00e9daction Strasbourg Publi\u00e9 le 25 juil. 2025 \u00e0 17h19 Envie de red\u00e9corer votre int\u00e9rieur\u2009? \u00c0 l\u2019occasion de&hellip;\n","protected":false},"author":2,"featured_media":274330,"comment_status":"","ping_status":"","sticky":false,"template":"","format":"standard","meta":{"footnotes":""},"categories":[2820],"tags":[1111,11,215,1777,674,1011,27,775,12,25,104,640],"class_list":{"0":"post-274329","1":"post","2":"type-post","3":"status-publish","4":"format-standard","5":"has-post-thumbnail","7":"category-strasbourg","8":"tag-actu","9":"tag-actualites","10":"tag-commerce","11":"tag-eu","12":"tag-europe","13":"tag-fr","14":"tag-france","15":"tag-grand-est","16":"tag-news","17":"tag-republique-francaise","18":"tag-societe","19":"tag-strasbourg"},"share_on_mastodon":{"url":"https:\/\/pubeurope.com\/@fr\/114917521718097458","error":""},"_links":{"self":[{"href":"https:\/\/www.europesays.com\/fr\/wp-json\/wp\/v2\/posts\/274329","targetHints":{"allow":["GET"]}}],"collection":[{"href":"https:\/\/www.europesays.com\/fr\/wp-json\/wp\/v2\/posts"}],"about":[{"href":"https:\/\/www.europesays.com\/fr\/wp-json\/wp\/v2\/types\/post"}],"author":[{"embeddable":true,"href":"https:\/\/www.europesays.com\/fr\/wp-json\/wp\/v2\/users\/2"}],"replies":[{"embeddable":true,"href":"https:\/\/www.europesays.com\/fr\/wp-json\/wp\/v2\/comments?post=274329"}],"version-history":[{"count":0,"href":"https:\/\/www.europesays.com\/fr\/wp-json\/wp\/v2\/posts\/274329\/revisions"}],"wp:featuredmedia":[{"embeddable":true,"href":"https:\/\/www.europesays.com\/fr\/wp-json\/wp\/v2\/media\/274330"}],"wp:attachment":[{"href":"https:\/\/www.europesays.com\/fr\/wp-json\/wp\/v2\/media?parent=274329"}],"wp:term":[{"taxonomy":"category","embeddable":true,"href":"https:\/\/www.europesays.com\/fr\/wp-json\/wp\/v2\/categories?post=274329"},{"taxonomy":"post_tag","embeddable":true,"href":"https:\/\/www.europesays.com\/fr\/wp-json\/wp\/v2\/tags?post=274329"}],"curies":[{"name":"wp","href":"https:\/\/api.w.org\/{rel}","templated":true}]}}