{"id":274333,"date":"2025-07-26T03:57:21","date_gmt":"2025-07-26T03:57:21","guid":{"rendered":"https:\/\/www.europesays.com\/fr\/274333\/"},"modified":"2025-07-26T03:57:21","modified_gmt":"2025-07-26T03:57:21","slug":"ogc-nice-apres-un-an-sans-contact-nice-peut-desormais-compter-sur-ineos-sport-3","status":"publish","type":"post","link":"https:\/\/www.europesays.com\/fr\/274333\/","title":{"rendered":"OGC Nice. Apr\u00e8s un an sans contact, Nice peut d\u00e9sormais compter sur Ineos . Sport"},"content":{"rendered":"<p>Le malheur des uns fait le bonheur des autres. C\u2019est un bon r\u00e9sum\u00e9 de la situation actuelle entre <a href=\"https:\/\/rennes.maville.com\/sport\/detail_-ogc-nice.-le-president-jean-pierre-rivere-rassure-sur-la-participation-du-club-en-ligue-europa-_53511-6358333_actu.Htm\" target=\"_self\" rel=\"noopener\">l\u2019OGC Nice et Manchester United.<\/a> Les Aiglons profitent de l\u2019absence de comp\u00e9tition europ\u00e9enne du club anglais pour faire son retour dans le groupe Ineos.<\/p>\n<p>L\u2019an pass\u00e9 en 2023-2024, les deux clubs \u00e9taient en Ligue Europa, le club fran\u00e7ais avait d\u00fb prendre ses distances dans le cadre d\u2019une fiducie pour marquer son ind\u00e9pendance et surtout pour se conformer aux r\u00e8gles de l\u2019UEFA. Mais la non qualification en Europe des Red Devils permet \u00e0 Nice de faire son retour au sein de ce groupe comme l\u2019explique <a href=\"https:\/\/www.nicematin.com\/football\/apres-un-an-sans-contact-ineos-est-de-retour-mais-l-ogc-nice-garde-la-main-995504\" target=\"_self\" rel=\"noopener\"> Nice-Matin <\/a> .<\/p>\n<p><strong>Lire aussi\u00a0: <\/strong> <a href=\"https:\/\/rennes.maville.com\/sport\/detail_-ogc-nice.-ils-ne-savent-pas-ce-qu-on-a-vecu-franck-haise-repond-aux-detracteurs-des-aiglons-_54135-6913442_actu.Htm\" target=\"_self\" rel=\"noopener\">\u00ab\u00a0Ils ne savent pas ce qu\u2019on a v\u00e9cu\u00a0\u00bb\u00a0: Franck Haise r\u00e9pond aux d\u00e9tracteurs des Aiglons<\/a><\/p>\n<p>Avec cette nouvelle situation, le Gym peut de nouveau communiquer avec le groupe britannique depuis le 30\u00a0juin 2025, date de la fin de la fiducie. Les deux pourront travailler ensemble par le biais de Jean-Claude Blanc, le directeur g\u00e9n\u00e9ral de l\u2019entit\u00e9 sportive. Les dirigeants d\u2019Ineos ainsi que <a href=\"https:\/\/nice.maville.com\/sport\/detail_--pas-tres-agreable-d-entendre-ca-les-critiques-de-jim-ratcliffe-passent-mal-a-l-ogc-nice-_53018-6740954_actu.Htm\" target=\"_self\" rel=\"noopener\">la famille Ratcliffe pourront se rendre \u00e0 Nice pour assister aux rencontres<\/a>.<\/p>\n<p>Une relation similaire que Chelsea &#8211; Strasbourg\u00a0?<\/p>\n<p>L\u2019entente entre les deux clubs peut d\u00e9sormais se d\u00e9rouler sans risque et il n\u2019y a peut de doute quand au fait que la collaboration entre les deux va r\u00e9ellement commencer. Ineos pourrait dans un premier temps injecter de l\u2019argent dans les comptes ni\u00e7ois pour anticiper le manque \u00e0 gagner des droits TV. Une aide bienvenue si la qualification en Ligue des champions n\u2019est pas atteinte.<\/p>\n<p><strong>Lire aussi\u00a0: <\/strong> <a href=\"https:\/\/rennes.maville.com\/sport\/detail_-mercato-ol.-pourquoi-l-argent-de-la-vente-de-thiago-almada-ne-rapportera-rien-a-lyon-_54135-6913207_actu.Htm\" target=\"_self\" rel=\"noopener\">Pourquoi l\u2019argent de la vente de Thiago Almada ne rapportera rien \u00e0 Lyon\u00a0?<\/a><\/p>\n<p>D\u00e9sormais dirig\u00e9 par <a href=\"https:\/\/nice.maville.com\/sport\/detail_-ogc-nice.-jean-pierre-riviere-n-est-plus-le-president-du-club-son-remplacant-est-connu-_9580-6896460_actu.Htm\" target=\"_self\" rel=\"noopener\">Fabrice Bocquet, depuis le d\u00e9part de Jean-Pierre Riv\u00e8re,<\/a> l\u2019OGC Nice devrait aussi enregistrer des arriv\u00e9es depuis Manchester United. \u00c0 l\u2019image de la relation entre Chelsea et Strasbourg, propri\u00e9t\u00e9s de BlueCo, les Aiglons se sont d\u00e9j\u00e0 vu proposer un joueur mancunien en pr\u00eat cet \u00e9t\u00e9. Une proposition que le club fran\u00e7ais a refus\u00e9e.<\/p>\n<p>Ce dernier a \u00e9galement tent\u00e9 sa chance pour enr\u00f4ler un joueur anglais mais ils se sont heurt\u00e9s sur un refus de MU qui compte sur ce joueur dont l\u2019identit\u00e9 n\u2019a pas filtr\u00e9. Quelques t\u00e2tonnements en ce d\u00e9but de mercato, mais au fil des discussions, cette proximit\u00e9 devrait permettre \u00e0 Nice de renforcer son effectif \u00e0 moindre co\u00fbt avec <a href=\"https:\/\/nice.maville.com\/sport\/detail_-ligue-des-champions.-florian-maurice-satisfait-du-tirage-de-l-ogc-nice-qui-affrontera-benfica-_53018-6909360_actu.Htm\" target=\"_self\" rel=\"noopener\">la Ligue des champions en ligne de mire.<\/a><\/p>\n<p>\u00a0<\/p>\n","protected":false},"excerpt":{"rendered":"Le malheur des uns fait le bonheur des autres. C\u2019est un bon r\u00e9sum\u00e9 de la situation actuelle entre&hellip;\n","protected":false},"author":2,"featured_media":272765,"comment_status":"","ping_status":"","sticky":false,"template":"","format":"standard","meta":{"footnotes":""},"categories":[2819],"tags":[1111,11,3809,1465,1777,674,63,1011,27,1792,1922,12,2401,882,3086,25,479,517,1470],"class_list":{"0":"post-274333","1":"post","2":"type-post","3":"status-publish","4":"format-standard","5":"has-post-thumbnail","7":"category-nice","8":"tag-actu","9":"tag-actualites","10":"tag-ball","11":"tag-basket","12":"tag-eu","13":"tag-europe","14":"tag-football","15":"tag-fr","16":"tag-france","17":"tag-handball","18":"tag-info","19":"tag-news","20":"tag-nice","21":"tag-provence-alpes-cote-dazur","22":"tag-redon","23":"tag-republique-francaise","24":"tag-rugby","25":"tag-sport","26":"tag-volley"},"share_on_mastodon":{"url":"https:\/\/pubeurope.com\/@fr\/114917529554054118","error":""},"_links":{"self":[{"href":"https:\/\/www.europesays.com\/fr\/wp-json\/wp\/v2\/posts\/274333","targetHints":{"allow":["GET"]}}],"collection":[{"href":"https:\/\/www.europesays.com\/fr\/wp-json\/wp\/v2\/posts"}],"about":[{"href":"https:\/\/www.europesays.com\/fr\/wp-json\/wp\/v2\/types\/post"}],"author":[{"embeddable":true,"href":"https:\/\/www.europesays.com\/fr\/wp-json\/wp\/v2\/users\/2"}],"replies":[{"embeddable":true,"href":"https:\/\/www.europesays.com\/fr\/wp-json\/wp\/v2\/comments?post=274333"}],"version-history":[{"count":0,"href":"https:\/\/www.europesays.com\/fr\/wp-json\/wp\/v2\/posts\/274333\/revisions"}],"wp:featuredmedia":[{"embeddable":true,"href":"https:\/\/www.europesays.com\/fr\/wp-json\/wp\/v2\/media\/272765"}],"wp:attachment":[{"href":"https:\/\/www.europesays.com\/fr\/wp-json\/wp\/v2\/media?parent=274333"}],"wp:term":[{"taxonomy":"category","embeddable":true,"href":"https:\/\/www.europesays.com\/fr\/wp-json\/wp\/v2\/categories?post=274333"},{"taxonomy":"post_tag","embeddable":true,"href":"https:\/\/www.europesays.com\/fr\/wp-json\/wp\/v2\/tags?post=274333"}],"curies":[{"name":"wp","href":"https:\/\/api.w.org\/{rel}","templated":true}]}}