{"id":274340,"date":"2025-07-26T04:02:13","date_gmt":"2025-07-26T04:02:13","guid":{"rendered":"https:\/\/www.europesays.com\/fr\/274340\/"},"modified":"2025-07-26T04:02:13","modified_gmt":"2025-07-26T04:02:13","slug":"jen-ai-vu-des-refus-dobtemperer-mais-comme-celui-la-jamais-course-poursuite-a-192-km-h-a-toulouse-prison-ferme-pour-une-fuite-folle-de-62-km","status":"publish","type":"post","link":"https:\/\/www.europesays.com\/fr\/274340\/","title":{"rendered":"\u00ab\u00a0J\u2019en ai vu des refus d\u2019obtemp\u00e9rer, mais comme celui-l\u00e0, jamais\u00a0\u00bb\u2026 Course-poursuite \u00e0 192\u00a0km\/h \u00e0 Toulouse, prison ferme pour une fuite folle de 62\u00a0km"},"content":{"rendered":"<p>\n                                                                    l&rsquo;essentiel<br \/>\n                                                                Refus d\u2019obtemp\u00e9rer sur le p\u00e9riph\u00e9rique toulousain\u00a0: une course-poursuite de 62\u00a0km \u00e0 192\u00a0km\/h conduit un jeune homme, alcoolis\u00e9 et sans permis, \u00e0 une condamnation ferme.\n                            <\/p>\n<p>Un jeune homme a \u00e9t\u00e9 condamn\u00e9 par le tribunal correctionnel de Toulouse \u00e0 deux ans d\u2019emprisonnement, dont un an ferme avec maintien en d\u00e9tention, apr\u00e8s une course-poursuite hallucinante dans la nuit du 3\u00a0juin dernier.<\/p>\n<p>Vers 4\u00a0heures du matin, les policiers rep\u00e8rent une conduite suspecte sur le p\u00e9riph\u00e9rique toulousain.\u00a0\u00c0 peine les gyrophares enclench\u00e9s, le conducteur prend la fuite. S\u2019ensuit une poursuite de 36 minutes sur 62 kilom\u00e8tres, \u00e0 des pointes de 192\u00a0km\/h, entre p\u00e9riph\u00e9rique et centre-ville.<\/p>\n<p class=\"std-elt__inline\">\n        <strong>\u00c0 lire aussi :<\/strong><br \/>\n        <a href=\"https:\/\/www.ladepeche.fr\/2025\/03\/30\/course-poursuite-a-45-kmh-malfaiteurs-caches-dans-une-benne-que-sest-il-passe-tot-ce-dimanche-a-toulouse-12603952.php\" target=\"_blank\" rel=\"noopener\">Course-poursuite \u00e0 45\u00a0km\/h, malfaiteurs cach\u00e9s dans une benne\u00a0: que s\u2019est-il pass\u00e9 t\u00f4t ce dimanche \u00e0 Toulouse\u00a0?<\/a>\n    <\/p>\n<p>\u00ab\u00a0Dans ma carri\u00e8re, j\u2019en ai vu des refus d\u2019obtemp\u00e9rer, mais comme celui-l\u00e0\u2026 Jamais\u00a0\u00bb, souffle Fabrice Rives, pr\u00e9sident du tribunal correctionnel. Sur les images de vid\u00e9osurveillance, on aper\u00e7oit la voiture du pr\u00e9venu encercl\u00e9e par trois v\u00e9hicules de police, tentant par tous les moyens d\u2019\u00e9chapper \u00e0 l\u2019interpellation.<\/p>\n<p>\u00ab\u00a0Il a donn\u00e9 des coups de volant vers nous \u00e0 plusieurs reprises. \u00c0 un rond-point, si nous n\u2019avions pas frein\u00e9, il nous aurait percut\u00e9s de plein fouet\u00a0\u00bb, t\u00e9moignent les policiers \u00e0 la barre. Au volant de la voiture de son p\u00e8re, alcoolis\u00e9 et avec un permis suspendu, le jeune homme avait de quoi redouter un contr\u00f4le. \u00ab\u00a0J\u2019ai eu peur, je ne voulais pas les percuter mais juste les faire ralentir\u00a0\u00bb, tente-t-il de se justifier. Mais le pr\u00e9sident du tribunal ne le m\u00e9nage pas\u00a0: \u00ab\u00a0Et pourtant, vous aviez assez de lucidit\u00e9 pour ralentir \u00e0 hauteur des radars\u2026\u00a0\u00bb<\/p>\n<p>\u00ab\u00a0Il a paniqu\u00e9\u00a0\u00bb, d\u2019apr\u00e8s son avocate<\/p>\n<p>Le parquet d\u00e9nonce une \u00ab\u00a0course-poursuite hors norme, avec en face de nous un gamin arborant un sourire aga\u00e7ant\u00a0\u00bb, et requiert deux ans de prison, dont 18 mois avec sursis.<\/p>\n<p>Me \u00c9lisabeth Gomez, avocate de la d\u00e9fense, d\u00e9crit un jeune homme paniqu\u00e9, enferm\u00e9 dans un effet tunnel\u00a0: \u00ab\u00a0C\u2019est un gamin qui a peur de se faire attraper, qui entre dans un tunnel de concentration et devient herm\u00e9tique \u00e0 tout \u00e9l\u00e9ment ext\u00e9rieur.\u00a0\u00bb<\/p>\n<p class=\"std-elt__inline\">\n        <strong>\u00c0 lire aussi :<\/strong><br \/>\n        <a href=\"https:\/\/www.ladepeche.fr\/2025\/03\/17\/course-poursuite-a-toulouse-deux-hommes-sur-un-scooter-refusent-dobtemperer-et-percutent-une-voiture-de-police-cinq-fonctionnaires-blesses-12574852.php\" target=\"_blank\" rel=\"noopener\">Course-poursuite \u00e0 Toulouse\u00a0: deux hommes sur un scooter refusent d\u2019obtemp\u00e9rer et percutent une voiture de police, cinq fonctionnaires bless\u00e9s<\/a>\n    <\/p>\n<p>Concernant la peine, l\u2019avocate de la d\u00e9fense en souligne l\u2019utilit\u00e9\u00a0: \u00ab\u00a0On a marqu\u00e9 le coup, il a d\u00e9j\u00e0 fait deux mois de d\u00e9tention, vous avez la possibilit\u00e9 de prononcer un bracelet. Ce gar\u00e7on travaille, prononcez un sursis probatoire avec une obligation d\u2019indemniser les victimes.\u00a0\u00bb<\/p>\n<p>Le tribunal ne se laisse pas convaincre\u00a0: le pr\u00e9venu a \u00e9t\u00e9 reconduit \u00e0 la maison d\u2019arr\u00eat de Seysses d\u00e8s la fin de l\u2019audience pour y purger sa peine.<\/p>\n","protected":false},"excerpt":{"rendered":"l&rsquo;essentiel Refus d\u2019obtemp\u00e9rer sur le p\u00e9riph\u00e9rique toulousain\u00a0: une course-poursuite de 62\u00a0km \u00e0 192\u00a0km\/h conduit un jeune homme, alcoolis\u00e9&hellip;\n","protected":false},"author":2,"featured_media":274341,"comment_status":"","ping_status":"","sticky":false,"template":"","format":"standard","meta":{"footnotes":""},"categories":[2816],"tags":[1111,11,1777,674,1011,27,12,2680,25,2312],"class_list":{"0":"post-274340","1":"post","2":"type-post","3":"status-publish","4":"format-standard","5":"has-post-thumbnail","7":"category-toulouse","8":"tag-actu","9":"tag-actualites","10":"tag-eu","11":"tag-europe","12":"tag-fr","13":"tag-france","14":"tag-news","15":"tag-occitanie","16":"tag-republique-francaise","17":"tag-toulouse"},"share_on_mastodon":{"url":"https:\/\/pubeurope.com\/@fr\/114917549315009570","error":""},"_links":{"self":[{"href":"https:\/\/www.europesays.com\/fr\/wp-json\/wp\/v2\/posts\/274340","targetHints":{"allow":["GET"]}}],"collection":[{"href":"https:\/\/www.europesays.com\/fr\/wp-json\/wp\/v2\/posts"}],"about":[{"href":"https:\/\/www.europesays.com\/fr\/wp-json\/wp\/v2\/types\/post"}],"author":[{"embeddable":true,"href":"https:\/\/www.europesays.com\/fr\/wp-json\/wp\/v2\/users\/2"}],"replies":[{"embeddable":true,"href":"https:\/\/www.europesays.com\/fr\/wp-json\/wp\/v2\/comments?post=274340"}],"version-history":[{"count":0,"href":"https:\/\/www.europesays.com\/fr\/wp-json\/wp\/v2\/posts\/274340\/revisions"}],"wp:featuredmedia":[{"embeddable":true,"href":"https:\/\/www.europesays.com\/fr\/wp-json\/wp\/v2\/media\/274341"}],"wp:attachment":[{"href":"https:\/\/www.europesays.com\/fr\/wp-json\/wp\/v2\/media?parent=274340"}],"wp:term":[{"taxonomy":"category","embeddable":true,"href":"https:\/\/www.europesays.com\/fr\/wp-json\/wp\/v2\/categories?post=274340"},{"taxonomy":"post_tag","embeddable":true,"href":"https:\/\/www.europesays.com\/fr\/wp-json\/wp\/v2\/tags?post=274340"}],"curies":[{"name":"wp","href":"https:\/\/api.w.org\/{rel}","templated":true}]}}