{"id":274350,"date":"2025-07-26T04:08:18","date_gmt":"2025-07-26T04:08:18","guid":{"rendered":"https:\/\/www.europesays.com\/fr\/274350\/"},"modified":"2025-07-26T04:08:18","modified_gmt":"2025-07-26T04:08:18","slug":"lyon-attention-le-stationnement-devient-payant-des-le-1er-aout-2025-ce-quil-faut-savoir","status":"publish","type":"post","link":"https:\/\/www.europesays.com\/fr\/274350\/","title":{"rendered":"Lyon. Attention, le stationnement devient payant d\u00e8s le 1er ao\u00fbt 2025 : ce qu&rsquo;il faut savoir"},"content":{"rendered":"<p>            Par<br \/>\n        <strong><br \/>\n            <a href=\"https:\/\/actu.fr\/auteur\/theo-zuili\" title=\"Consulter tous les articles de Th\u00e9o Zuili\" target=\"_blank\" rel=\"noopener\">Th\u00e9o Zuili<\/a><br \/>\n        <\/strong><\/p>\n<p>        Publi\u00e9 le<\/p>\n<p>            26 juil. 2025 \u00e0 5h12        <\/p>\n<p>Vous avez peut-\u00eatre re\u00e7u un courrier \u00e0 ce sujet : il ne s\u2019agit ni d\u2019une tentative d\u2019arnaque ni d\u2019une blague.<\/p>\n<p class=\" wall-content\">D\u00e8s vendredi, les automobilistes de <a href=\"https:\/\/actu.fr\/auvergne-rhone-alpes\/lyon_69123\" target=\"_blank\" rel=\"noopener\">Lyon<\/a> perdent un avantage estival qui leur \u00e9tait r\u00e9serv\u00e9 : les 40 968 places de stationnement <strong>habituellement rendues gratuites du 1\u1d49\u02b3 au 31 ao\u00fbt<\/strong> seront d\u00e8s \u00e0 pr\u00e9sent payantes. Il existe tout de m\u00eame un dernier moyen pour ne pas trop faire chauffer sa carte bleue.<\/p>\n<p>Un dernier moyen pour ne pas payer<\/p>\n<p class=\" wall-content\">La fin de la gratuit\u00e9 du stationnement estival entre en vigueur ce vendredi 1\u1d49\u02b3 ao\u00fbt 2025 apr\u00e8s <a href=\"https:\/\/actu.fr\/auvergne-rhone-alpes\/lyon_69123\/lyon-gregory-doucet-tranche-et-met-fin-a-ce-privilege-des-automobilistes-voici-pourquoi_62630478.html\" target=\"_blank\" rel=\"noopener\">une d\u00e9cision du maire \u00e9cologiste de Lyon Gr\u00e9gory Doucet<\/a>. La mairie esp\u00e8re ainsi augmenter ses recettes de 856 000 euros. Le stationnement<strong> reste gratuit<\/strong> tous les dimanches et le 15 ao\u00fbt.<\/p>\n<p class=\" wall-content\">Toute personne stationnant \u00e0 Lyon en ao\u00fbt sans r\u00e9gler l\u2019horodateur, par habitude ou audace, risquera donc une amende.<\/p>\n<p class=\" wall-content\">Mais il existe une exception : les titulaires d\u2019un droit de stationnement r\u00e9sidentiel ou pro artisans-commer\u00e7ants peuvent <strong>continuer de se garer sans payer<\/strong> dans les rues voisines du 1\u1d49\u02b3 au 31 ao\u00fbt.<\/p>\n<p class=\" wall-content\">Suivez toute l\u2019actualit\u00e9 de vos villes et m\u00e9dias favoris en vous inscrivant \u00e0 <a href=\"https:\/\/moncompte.actu.fr\" title=\"D\u00e9couvez Mon Actu\" rel=\"nofollow noopener\" data-trk=\"{&quot;cta&quot;:{&quot;action&quot;:&quot;https:\\\/\\\/moncompte.actu.fr&quot;,&quot;category&quot;:&quot;mon compte&quot;,&quot;from&quot;:&quot;article footer&quot;,&quot;name&quot;:&quot;Mon actu&quot;,&quot;type&quot;:&quot;cta&quot;}}\" target=\"_blank\">Mon Actu<\/a>.<\/p>\n","protected":false},"excerpt":{"rendered":"Par Th\u00e9o Zuili Publi\u00e9 le 26 juil. 2025 \u00e0 5h12 Vous avez peut-\u00eatre re\u00e7u un courrier \u00e0 ce&hellip;\n","protected":false},"author":2,"featured_media":274351,"comment_status":"","ping_status":"","sticky":false,"template":"","format":"standard","meta":{"footnotes":""},"categories":[1889],"tags":[1111,11,2430,1777,674,1011,27,2428,12,25,104,6173],"class_list":{"0":"post-274350","1":"post","2":"type-post","3":"status-publish","4":"format-standard","5":"has-post-thumbnail","7":"category-lyon","8":"tag-actu","9":"tag-actualites","10":"tag-auvergne-rhone-alpes","11":"tag-eu","12":"tag-europe","13":"tag-fr","14":"tag-france","15":"tag-lyon","16":"tag-news","17":"tag-republique-francaise","18":"tag-societe","19":"tag-stationnement"},"share_on_mastodon":{"url":"https:\/\/pubeurope.com\/@fr\/114917572922114657","error":""},"_links":{"self":[{"href":"https:\/\/www.europesays.com\/fr\/wp-json\/wp\/v2\/posts\/274350","targetHints":{"allow":["GET"]}}],"collection":[{"href":"https:\/\/www.europesays.com\/fr\/wp-json\/wp\/v2\/posts"}],"about":[{"href":"https:\/\/www.europesays.com\/fr\/wp-json\/wp\/v2\/types\/post"}],"author":[{"embeddable":true,"href":"https:\/\/www.europesays.com\/fr\/wp-json\/wp\/v2\/users\/2"}],"replies":[{"embeddable":true,"href":"https:\/\/www.europesays.com\/fr\/wp-json\/wp\/v2\/comments?post=274350"}],"version-history":[{"count":0,"href":"https:\/\/www.europesays.com\/fr\/wp-json\/wp\/v2\/posts\/274350\/revisions"}],"wp:featuredmedia":[{"embeddable":true,"href":"https:\/\/www.europesays.com\/fr\/wp-json\/wp\/v2\/media\/274351"}],"wp:attachment":[{"href":"https:\/\/www.europesays.com\/fr\/wp-json\/wp\/v2\/media?parent=274350"}],"wp:term":[{"taxonomy":"category","embeddable":true,"href":"https:\/\/www.europesays.com\/fr\/wp-json\/wp\/v2\/categories?post=274350"},{"taxonomy":"post_tag","embeddable":true,"href":"https:\/\/www.europesays.com\/fr\/wp-json\/wp\/v2\/tags?post=274350"}],"curies":[{"name":"wp","href":"https:\/\/api.w.org\/{rel}","templated":true}]}}