{"id":274354,"date":"2025-07-26T04:12:19","date_gmt":"2025-07-26T04:12:19","guid":{"rendered":"https:\/\/www.europesays.com\/fr\/274354\/"},"modified":"2025-07-26T04:12:19","modified_gmt":"2025-07-26T04:12:19","slug":"leglise-notre-dame-des-champs-dans-le-6e-arrondissement-visee-par-un-incendie-criminel","status":"publish","type":"post","link":"https:\/\/www.europesays.com\/fr\/274354\/","title":{"rendered":"l\u2019\u00e9glise Notre-Dame des Champs, dans le 6e arrondissement, vis\u00e9e par un incendie criminel"},"content":{"rendered":"<p>Le sinistre s\u2019est d\u00e9clar\u00e9 jeudi en fin d\u2019apr\u00e8s-midi. Un autre incendie, qui serait lui d\u2019origine accidentelle, avait eu lieu dans cette m\u00eame \u00e9glise la veille.<\/p>\n<p class=\"fig-paragraph\">L\u2019\u00e9glise Notre-Dame des Champs, situ\u00e9e au 91 boulevard du Montparnasse dans le 6e arrondissement de Paris, a \u00e9t\u00e9 vis\u00e9e par\u00a0<a href=\"http:\/\/www.lefigaro.fr\/actualite-france\/incendies-profanations-vols-ce-vandalisme-contre-les-eglises-qui-participe-a-l-angoisse-identitaire-des-francais-20240912\" target=\"_blank\" data-fig-type=\"Article\" rel=\"noopener nofollow\" data-gtm-custom-categorie=\"navigation\" data-gtm-custom-action=\"crossclick\" data-gtm-custom-label=\"Contextuel\" data-gtm-event=\"customEventSPE\" data-fig-domain=\"LEFIGARO\">un incendie d\u2019origine criminelle<\/a>\u00a0jeudi peu avant 17 heures, a appris Le Figaro de source polici\u00e8re.<\/p>\n<p class=\"fig-paragraph\">Le feu s\u2019est d\u00e9clar\u00e9 au niveau de la statue de la chapelle Saint-Joseph avant de se propager \u00e0 des panneaux en bois et \u00e0 une toile r\u00e9cemment r\u00e9nov\u00e9e. Les sapeurs-pompiers ont rapidement ma\u00eetris\u00e9 l\u2019incendie et il n\u2019y a pas eu de bless\u00e9s. Des techniciens du laboratoire central de la pr\u00e9fecture de police de Paris ont \u00e9t\u00e9 mobilis\u00e9s pour tenter de retrouver de l\u2019ADN.<\/p>\n<p class=\"fig-body-link\">\n            \u00c0 lire aussi<br \/>\n        <a class=\"fig-body-link__link fig-premium-mark\" href=\"http:\/\/www.lefigaro.fr\/actualite-france\/incendies-profanations-vols-ce-vandalisme-contre-les-eglises-qui-participe-a-l-angoisse-identitaire-des-francais-20240912\" target=\"_blank\" data-fig-type=\"Article\" rel=\"noopener nofollow\" data-gtm-custom-categorie=\"navigation\" data-gtm-custom-action=\"crossclick\" data-gtm-custom-label=\"Contextuel\" data-gtm-event=\"customEventSPE\" data-fig-domain=\"LEFIGARO\">Incendies, profanations, vols\u2026 Ce vandalisme contre les \u00e9glises qui \u00abparticipe \u00e0 l\u2019angoisse identitaire des Fran\u00e7ais\u00bb<br \/>\n    <\/a>\n<\/p>\n<p>                                    <a class=\"fig-a11y-skip a11y-hidden\" href=\"#fig-a11y-skip-main-inarticle\"><br \/>\n        Passer la publicit\u00e9<br \/>\n    <\/a><\/p>\n<p class=\"fig-paragraph\">La veille, peu avant 10 heures, cette m\u00eame \u00e9glise avait subi un autre incendie, qui serait lui d\u2019origine accidentelle. Une sono et l\u2019orgue de ch\u0153ur avaient \u00e9t\u00e9 d\u00e9truits. Le cur\u00e9 \u00e9tait parvenu \u00e0 sortir de l\u2019\u00e9difice d\u00e8s le d\u00e9but de l\u2019incendie. L\u00e0 aussi, il n\u2019y avait pas eu de bless\u00e9s et les sapeurs-pompiers avaient circonscrit le sinistre.<\/p>\n<p class=\"fig-paragraph\">Selon les premiers \u00e9l\u00e9ments de l\u2019enqu\u00eate, le premier incendie serait li\u00e9 \u00e0 l\u2019embrasement d\u2019un circuit \u00e9lectrique d\u00e9faillant de l\u2019orgue de ch\u0153ur. Les portes principales de l\u2019\u00e9glise avaient ensuite \u00e9t\u00e9 laiss\u00e9es ouvertes pour permettre \u00e0 la fum\u00e9e et \u00e0 l\u2019odeur de s\u2019\u00e9chapper.<\/p>\n<p>Un deuxi\u00e8me incendie qui interroge<\/p>\n<p class=\"fig-paragraph\">Forc\u00e9ment, ces incendies tr\u00e8s rapproch\u00e9s posent question. \u00abCe deuxi\u00e8me incendie a fait encore plus de d\u00e9g\u00e2ts et interroge sur son origine (\u2026) Ce matin (25 juillet), je d\u00e9pose une plainte au commissariat du 6e arrondissement conjointement avec la Ville de Paris\u00bb, a r\u00e9agi le P\u00e8re Camille Millour\u00a0<a href=\"https:\/\/notredamedeschamps.fr\/\" target=\"_blank\" rel=\"noopener nofollow\" data-gtm-custom-categorie=\"navigation\" data-gtm-custom-action=\"crossclick\" data-gtm-custom-label=\"Contextuel\" data-gtm-event=\"customEventSPE\">sur le site internet de l\u2019\u00e9glise<\/a>. \u00abD\u00e8s qu\u2019il a appris l\u2019existence de ce deuxi\u00e8me incendie, l\u2019archev\u00eaque a appel\u00e9 le cur\u00e9 pour lui manifester son soutien dans cette \u00e9preuve\u00bb, indique le dioc\u00e8se de Paris au Figaro.<\/p>\n<p class=\"fig-paragraph\">\u00abDeuxi\u00e8me incendie en l\u2019espace de 24 heures \u00e0 l\u2019\u00e9glise Notre-Dame des Champs\u00a0! L\u2019enqu\u00eate en d\u00e9terminera les causes, la succession de ces deux sinistres \u00e0 si br\u00e8ve \u00e9ch\u00e9ance posant des questions qu\u2019il est l\u00e9gitime de se poser\u00bb, a de son c\u00f4t\u00e9 r\u00e9agi sur X Jean-Pierre Lecoq, le maire LR (Les R\u00e9publicains) du 6e arrondissement de la capitale.<\/p>\n<p class=\"fig-paragraph\">L\u2019\u00e9glise Notre-Dame des Champs restera ferm\u00e9e pour une dur\u00e9e ind\u00e9termin\u00e9e. Des rondes de la police municipale et de la police nationale sont pr\u00e9vues autour de l\u2019\u00e9difice religieux, nous pr\u00e9cise Jean-Pierre Lecoq.<\/p>\n<p>                                    <a class=\"fig-a11y-skip a11y-hidden\" href=\"#fig-a11y-skip-main-inarticle_mtf\"><br \/>\n        Passer la publicit\u00e9<br \/>\n    <\/a><\/p>\n<p class=\"fig-paragraph\">\u00abUne enqu\u00eate a \u00e9t\u00e9 confi\u00e9e au commissariat des 5e et 6e arrondissements du chef de d\u00e9gradations par un moyen dangereux\u00bb, indique le parquet de Paris.<\/p>\n","protected":false},"excerpt":{"rendered":"Le sinistre s\u2019est d\u00e9clar\u00e9 jeudi en fin d\u2019apr\u00e8s-midi. Un autre incendie, qui serait lui d\u2019origine accidentelle, avait eu&hellip;\n","protected":false},"author":2,"featured_media":274355,"comment_status":"","ping_status":"","sticky":false,"template":"","format":"standard","meta":{"footnotes":""},"categories":[1888],"tags":[1111,1928,11,1927,12336,1777,674,1011,27,1310,12,1926,626,1925,25],"class_list":{"0":"post-274354","1":"post","2":"type-post","3":"status-publish","4":"format-standard","5":"has-post-thumbnail","7":"category-paris","8":"tag-actu","9":"tag-actu-paris","10":"tag-actualites","11":"tag-actualites-paris","12":"tag-eglise","13":"tag-eu","14":"tag-europe","15":"tag-fr","16":"tag-france","17":"tag-incendie","18":"tag-news","19":"tag-news-paris","20":"tag-paris","21":"tag-paris-news","22":"tag-republique-francaise"},"share_on_mastodon":{"url":"https:\/\/pubeurope.com\/@fr\/114917588582644276","error":""},"_links":{"self":[{"href":"https:\/\/www.europesays.com\/fr\/wp-json\/wp\/v2\/posts\/274354","targetHints":{"allow":["GET"]}}],"collection":[{"href":"https:\/\/www.europesays.com\/fr\/wp-json\/wp\/v2\/posts"}],"about":[{"href":"https:\/\/www.europesays.com\/fr\/wp-json\/wp\/v2\/types\/post"}],"author":[{"embeddable":true,"href":"https:\/\/www.europesays.com\/fr\/wp-json\/wp\/v2\/users\/2"}],"replies":[{"embeddable":true,"href":"https:\/\/www.europesays.com\/fr\/wp-json\/wp\/v2\/comments?post=274354"}],"version-history":[{"count":0,"href":"https:\/\/www.europesays.com\/fr\/wp-json\/wp\/v2\/posts\/274354\/revisions"}],"wp:featuredmedia":[{"embeddable":true,"href":"https:\/\/www.europesays.com\/fr\/wp-json\/wp\/v2\/media\/274355"}],"wp:attachment":[{"href":"https:\/\/www.europesays.com\/fr\/wp-json\/wp\/v2\/media?parent=274354"}],"wp:term":[{"taxonomy":"category","embeddable":true,"href":"https:\/\/www.europesays.com\/fr\/wp-json\/wp\/v2\/categories?post=274354"},{"taxonomy":"post_tag","embeddable":true,"href":"https:\/\/www.europesays.com\/fr\/wp-json\/wp\/v2\/tags?post=274354"}],"curies":[{"name":"wp","href":"https:\/\/api.w.org\/{rel}","templated":true}]}}