{"id":274361,"date":"2025-07-26T04:16:11","date_gmt":"2025-07-26T04:16:11","guid":{"rendered":"https:\/\/www.europesays.com\/fr\/274361\/"},"modified":"2025-07-26T04:16:11","modified_gmt":"2025-07-26T04:16:11","slug":"guerre-en-ukraine-le-rythme-sest-considerablement-accelere-la-russie-aurait-perdu-plus-dun-million-de-soldats-depuis-2022-estime-lukraine","status":"publish","type":"post","link":"https:\/\/www.europesays.com\/fr\/274361\/","title":{"rendered":"Guerre en Ukraine : \u00ab\u00a0Le rythme s&rsquo;est consid\u00e9rablement acc\u00e9l\u00e9r\u00e9\u00a0\u00bb&#8230; La Russie aurait perdu plus d&rsquo;un million de soldats depuis 2022, estime l&rsquo;Ukraine"},"content":{"rendered":"<p>\n                                                                L\u2019\u00e9tat-major g\u00e9n\u00e9ral des forces arm\u00e9es ukrainiennes a rapport\u00e9 que la Russie aurait perdu environ 1 047 250 soldats, incluant morts et bless\u00e9s.\n                            <\/p>\n<p>Des proportions vertigineuses.\u00a0Depuis le d\u00e9but de l&rsquo;invasion en Ukraine, en f\u00e9vrier 2022, la Russie a perdu environ<strong> 1 047 250 soldats<\/strong>, a rapport\u00e9 le vendredi 25 juillet l&rsquo;\u00e9tat-major g\u00e9n\u00e9ral des forces ukrainiennes. Ce d\u00e9compte du minist\u00e8re ukrainien prend en compte <strong>les morts et les bless\u00e9s.\u00a0<\/strong><\/p>\n<p>Face \u00e0 l&rsquo;absence de donn\u00e9es officielles fiables, le m\u00e9dia ind\u00e9pendant <a href=\"https:\/\/en.zona.media\/article\/2025\/07\/18\/casualties_eng-trl\" target=\"_self\" rel=\"nofollow noopener\">Mediazona<\/a>, en partenariat avec le service russe de la BBC, propose une estimation plus prudente mais \u00e9tay\u00e9e :<strong> au moins 119 154 soldats russes tu\u00e9s entre le 24 f\u00e9vrier 2022 et le 16 juillet 2025.\u00a0<\/strong>Pour \u00e9tablir cette estimation, les journalistes ont compil\u00e9 des d\u00e9c\u00e8s de soldats confirm\u00e9s \u00e0 partir de <strong data-end=\"1402\" data-start=\"1381\">sources publiques<\/strong> (communiqu\u00e9s officiels, r\u00e9seaux sociaux, avis de d\u00e9c\u00e8s) et de <strong data-end=\"1504\" data-start=\"1465\">donn\u00e9es issues des registres russes<\/strong>, permettant ainsi de contourner les limites de l\u2019information officielle.<\/p>\n<p>\u00ab\u00a0Le rythme des pertes s&rsquo;est consid\u00e9rablement acc\u00e9l\u00e9r\u00e9, <strong>avec environ 95 000 soldats tu\u00e9s en 2024 :<\/strong> 45 000 au premier semestre et 50 000 au second\u00a0\u00bb, pr\u00e9cise Mediazona. Toujours selon cette source, les victimes recens\u00e9es concernent principalement des volontaires (27 %) et des prisonniers enr\u00f4l\u00e9s dans l&rsquo;arm\u00e9e (15 %).\u00a0<\/p>\n<p>L&rsquo;Occident se montre plus prudent sur ces estimations<\/p>\n<p>Les estimations occidentales, bien qu&rsquo;elles s\u2019appuient sur des sources de renseignement non publiques, restent prudentes. Le 10 juillet 2025, <a href=\"https:\/\/www.state.gov\/releases\/office-of-the-spokesperson\/2025\/07\/secretary-of-state-marco-rubios-remarks-to-the-press-at-the-kuala-lumpur-convention-center\" target=\"_self\" rel=\"nofollow noopener\">le secr\u00e9taire d\u2019\u00c9tat am\u00e9ricain Marco Rubio<\/a> a avanc\u00e9 que les pertes humaines c\u00f4t\u00e9 russe s\u2019\u00e9l\u00e8veraient \u00e0 <strong>\u00ab\u00a0environ 100 000 morts\u00a0\u00bb.<\/strong><\/p>\n<p>Le secr\u00e9taire g\u00e9n\u00e9ral de l\u2019OTAN, Mark Rutte, a confirm\u00e9 cette estimation le 14 juillet. Toutefois, Mediazona appelle \u00e0 la prudence face \u00e0 ces chiffres \u00ab\u00a0ronds\u00a0\u00bb, qui sont souvent diffus\u00e9s sans m\u00e9thodologie claire.<\/p>\n<p>Des pertes ukrainiennes difficiles \u00e0 estimer<\/p>\n<p data-end=\"2237\" data-start=\"1973\">Concernant les pertes ukrainiennes, Mediazone admet la difficult\u00e9 \u00e0 obtenir des donn\u00e9es fiables. Cependant, le m\u00e9dia avance une estimation comparative : pour chaque soldat ukrainien tu\u00e9 ou gravement bless\u00e9, environ <strong data-end=\"2212\" data-start=\"2190\">1,7 soldats russes<\/strong> subiraient le m\u00eame sort.<\/p>\n<p data-end=\"2237\" data-start=\"1973\">Un chiffre bien en de\u00e7\u00e0 des d\u00e9clarations officielles ukrainiennes, qui \u00e9voquent un ratio de cinq Russes pour un Ukrainien.<\/p>\n","protected":false},"excerpt":{"rendered":"L\u2019\u00e9tat-major g\u00e9n\u00e9ral des forces arm\u00e9es ukrainiennes a rapport\u00e9 que la Russie aurait perdu environ 1 047 250 soldats,&hellip;\n","protected":false},"author":2,"featured_media":274362,"comment_status":"","ping_status":"","sticky":false,"template":"","format":"standard","meta":{"footnotes":""},"categories":[1591],"tags":[11,1887,12,1885,1886,132],"class_list":{"0":"post-274361","1":"post","2":"type-post","3":"status-publish","4":"format-standard","5":"has-post-thumbnail","7":"category-russie","8":"tag-actualites","9":"tag-federation-de-russie","10":"tag-news","11":"tag-russia","12":"tag-russian-federation","13":"tag-russie"},"share_on_mastodon":{"url":"https:\/\/pubeurope.com\/@fr\/114917604310825141","error":""},"_links":{"self":[{"href":"https:\/\/www.europesays.com\/fr\/wp-json\/wp\/v2\/posts\/274361","targetHints":{"allow":["GET"]}}],"collection":[{"href":"https:\/\/www.europesays.com\/fr\/wp-json\/wp\/v2\/posts"}],"about":[{"href":"https:\/\/www.europesays.com\/fr\/wp-json\/wp\/v2\/types\/post"}],"author":[{"embeddable":true,"href":"https:\/\/www.europesays.com\/fr\/wp-json\/wp\/v2\/users\/2"}],"replies":[{"embeddable":true,"href":"https:\/\/www.europesays.com\/fr\/wp-json\/wp\/v2\/comments?post=274361"}],"version-history":[{"count":0,"href":"https:\/\/www.europesays.com\/fr\/wp-json\/wp\/v2\/posts\/274361\/revisions"}],"wp:featuredmedia":[{"embeddable":true,"href":"https:\/\/www.europesays.com\/fr\/wp-json\/wp\/v2\/media\/274362"}],"wp:attachment":[{"href":"https:\/\/www.europesays.com\/fr\/wp-json\/wp\/v2\/media?parent=274361"}],"wp:term":[{"taxonomy":"category","embeddable":true,"href":"https:\/\/www.europesays.com\/fr\/wp-json\/wp\/v2\/categories?post=274361"},{"taxonomy":"post_tag","embeddable":true,"href":"https:\/\/www.europesays.com\/fr\/wp-json\/wp\/v2\/tags?post=274361"}],"curies":[{"name":"wp","href":"https:\/\/api.w.org\/{rel}","templated":true}]}}