{"id":274365,"date":"2025-07-26T04:18:12","date_gmt":"2025-07-26T04:18:12","guid":{"rendered":"https:\/\/www.europesays.com\/fr\/274365\/"},"modified":"2025-07-26T04:18:12","modified_gmt":"2025-07-26T04:18:12","slug":"israel-etats-unis-europe-la-reconnaissance-de-letat-palestinien-par-la-france-fait-des-remous-a-travers-le-monde","status":"publish","type":"post","link":"https:\/\/www.europesays.com\/fr\/274365\/","title":{"rendered":"Isra\u00ebl, \u00c9tats-Unis, Europe\u2026 la reconnaissance de l\u2019\u00c9tat palestinien par la France fait des remous \u00e0 travers le monde"},"content":{"rendered":"<p>\n                                                                Les Palestiniens se r\u00e9jouissent, les Europ\u00e9ens temporisent, Isra\u00ebl s\u2019insurge, Trump raille Macron.\n                            <\/p>\n<p>Royaume-Uni, Allemagne et Italie ont temporis\u00e9, vendredi, sur la question de la reconnaissance d\u2019un \u00c9tat palestinien, <a href=\"https:\/\/www.liberation.fr\/idees-et-debats\/editorial\/reconnaissance-de-la-palestine-par-la-france-il-etait-temps-20250725_TM67EXVCCVEBHIBUS2HFWNB6IM\/\" target=\"_self\" rel=\"nofollow noopener\">au lendemain de l\u2019annonce du pr\u00e9sident fran\u00e7ais Emmanuel Macron<\/a> en ce sens, soulignant les divergences d\u2019approche des Europ\u00e9ens en la mati\u00e8re.<\/p>\n<p><a href=\"https:\/\/www.bfmtv.com\/international\/amerique-nord\/etats-unis\/donald-trump\/ca-n-a-aucune-importance-donald-trump-repond-sechement-a-emmanuel-macron-sur-la-reconnaissance-de-la-palestine_AV-202507250380.html\" target=\"_self\" rel=\"nofollow noopener\">Le pr\u00e9sident am\u00e9ricain Donald Trump a de son c\u00f4t\u00e9 tourn\u00e9<\/a> en d\u00e9rision l\u2019annonce de son homologue Emmanuel Macron, qui s\u2019est engag\u00e9 \u00e0 reconna\u00eetre un \u00c9tat palestinien en septembre, affirmant que cette d\u00e9cision \u00ab\u00a0ne changera rien\u00a0\u00bb.<\/p>\n<p>\u00ab\u00a0Sa d\u00e9claration n\u2019a aucun poids\u00a0\u00bb<\/p>\n<p>\u00ab\u00a0Ce qu\u2019il (Macron) dit n\u2019a aucune importance\u00a0\u00bb, a d\u00e9clar\u00e9 Donald Trump \u00e0 des journalistes \u00e0 la Maison Blanche. \u00ab\u00a0C\u2019est un bon gars. Je l\u2019aime bien, mais sa d\u00e9claration n\u2019a aucun poids. \u00c7a ne va rien changer.\u00a0\u00bb<\/p>\n<p>La d\u00e9cision d\u2019Emmanuel Macron a \u00e9galement \u00e9t\u00e9 vivement critiqu\u00e9e par le gouvernement isra\u00e9lien alors que le Premier ministre Benyamin Netanyahou comme Washington semblent vouloir tourner le dos aux n\u00e9gociations en vue d\u2019un accord de cessez-le-feu dans la bande de Gaza.<\/p>\n<p>L\u2019annonce du pr\u00e9sident fran\u00e7ais est intervenue peu avant que le Premier ministre britannique Keir Starmer n\u2019indique qu\u2019il tiendrait vendredi une r\u00e9union d\u2019urgence avec l\u2019Allemagne et la France sur la situation humanitaire dans la bande de Gaza.<\/p>\n<p>La priorit\u00e9 de Londres est d\u2019att\u00e9nuer les souffrances dans l\u2019enclave palestinienne\u00a0et d\u2019obtenir un cessez-le-feu entre Isra\u00ebl et le Hamas, a soulign\u00e9, vendredi, un membre du gouvernement britannique, masquant mal son embarras, alors que Keir Starmer fait face \u00e0 une pression croissante pour reconna\u00eetre un \u00c9tat palestinien.<\/p>\n<p>L\u2019embarras en Europe<\/p>\n<p>Berlin, dont la position \u00e0 l\u2019\u00e9gard d\u2019Isra\u00ebl est fortement influenc\u00e9e par les cons\u00e9quences de la Shoah, a fait savoir qu\u2019elle n\u2019avait pas l\u2019intention d\u2019embo\u00eeter le pas de Paris \u00ab\u00a0\u00e0 court terme\u00a0\u00bb. Le ministre italien des Affaires \u00e9trang\u00e8res, Antonio Tajani, a fait valoir, pour sa part, que la reconnaissance d\u2019un \u00c9tat palestinien devait intervenir simultan\u00e9ment avec la reconnaissance d\u2019Isra\u00ebl par la nouvelle entit\u00e9.<\/p>\n<p>Le pr\u00e9sident palestinien Mahmoud Abbas, dans un communiqu\u00e9 saluant la d\u00e9marche fran\u00e7aise, a f\u00e9licit\u00e9 les dirigeants de l\u2019Arabie saoudite d\u2019avoir jou\u00e9 \u00ab\u00a0un r\u00f4le cl\u00e9 pour encourager la d\u00e9cision de la France de reconna\u00eetre l\u2019\u00c9tat de Palestine\u00a0\u00bb. Mahmoud Abbas a exhort\u00e9 \u00ab\u00a0tous les pays, en particulier les nations europ\u00e9ennes qui n\u2019ont pas encore reconnu l\u2019\u00c9tat de Palestine, \u00e0 le faire sur la base de la solution \u00e0 deux \u00c9tats approuv\u00e9e au niveau international\u00a0\u00bb.<\/p>\n<p>La strat\u00e9gie des colonies juives<\/p>\n<p>Selon le d\u00e9compte du minist\u00e8re des Affaires \u00e9trang\u00e8res palestinien qui prend en compte le Vatican, la France devrait devenir en septembre, le 150e pays \u00e0 reconna\u00eetre l\u2019\u00c9tat palestinien, mais le premier au sein du G7.<\/p>\n<p>        <img decoding=\"async\" class=\"std-img__img responsive-img\" src=\"https:\/\/www.europesays.com\/fr\/wp-content\/uploads\/2025\/07\/1753503492_448_image.png\" alt=\"Cliquer pour agrandir\"\/><\/p>\n<p>                Cliquer pour agrandir<br \/>\n                                    S.W.<\/p>\n<p>Les Palestiniens cherchent depuis longtemps \u00e0 cr\u00e9er un \u00c9tat ind\u00e9pendant en Cisjordanie, \u00e0 Gaza et \u00e0 J\u00e9rusalem-Est \u2013 des terres conquises par Isra\u00ebl lors de la guerre des Six Jours, en 1967. L\u2019Organisation de lib\u00e9ration de la Palestine a reconnu, de son c\u00f4t\u00e9, le droit d\u2019Isra\u00ebl \u00e0 exister en paix en 1993, au d\u00e9but du processus de paix soutenu par les \u00c9tats-Unis qui a mis en place l\u2019Autorit\u00e9 palestinienne, dirig\u00e9e par Mahmoud Abbas.<\/p>\n<p>Mais le Hamas et les autres groupes islamistes palestiniens qui dominent \u00e0 Gaza refusent de reconna\u00eetre Isra\u00ebl. La charte fondatrice du Hamas, en 1988, appelait \u00e0 la destruction d\u2019Isra\u00ebl, m\u00eame si ses dirigeants ont parfois propos\u00e9 une tr\u00eave \u00e0 long terme avec Isra\u00ebl en \u00e9change d\u2019un \u00c9tat viable. Mais Isra\u00ebl y voit surtout une ruse.<\/p>\n<p>Les d\u00e9tracteurs de l\u2019\u00c9tat h\u00e9breu l\u2019accusent, pour sa part, d\u2019avoir d\u00e9truit les perspectives d\u2019un \u00c9tat palestinien en multipliant la construction de colonies juives en Cisjordanie et en rasant une grande partie de Gaza depuis le d\u00e9but du conflit actuel. Ils soup\u00e7onnent aujourd\u2019hui Isra\u00ebl d\u2019affamer la population palestinienne pour la pousser \u00e0 quitter le territoire.<\/p>\n","protected":false},"excerpt":{"rendered":"Les Palestiniens se r\u00e9jouissent, les Europ\u00e9ens temporisent, Isra\u00ebl s\u2019insurge, Trump raille Macron. Royaume-Uni, Allemagne et Italie ont temporis\u00e9,&hellip;\n","protected":false},"author":2,"featured_media":274366,"comment_status":"","ping_status":"","sticky":false,"template":"","format":"standard","meta":{"footnotes":""},"categories":[1589],"tags":[11,73,1866,12,1864,1865,1863,308],"class_list":{"0":"post-274365","1":"post","2":"type-post","3":"status-publish","4":"format-standard","5":"has-post-thumbnail","7":"category-etats-unis","8":"tag-actualites","9":"tag-etats-unis","10":"tag-etats-unis-damerique","11":"tag-news","12":"tag-united-states","13":"tag-united-states-of-america","14":"tag-us","15":"tag-usa"},"share_on_mastodon":{"url":"https:\/\/pubeurope.com\/@fr\/114917612153148915","error":""},"_links":{"self":[{"href":"https:\/\/www.europesays.com\/fr\/wp-json\/wp\/v2\/posts\/274365","targetHints":{"allow":["GET"]}}],"collection":[{"href":"https:\/\/www.europesays.com\/fr\/wp-json\/wp\/v2\/posts"}],"about":[{"href":"https:\/\/www.europesays.com\/fr\/wp-json\/wp\/v2\/types\/post"}],"author":[{"embeddable":true,"href":"https:\/\/www.europesays.com\/fr\/wp-json\/wp\/v2\/users\/2"}],"replies":[{"embeddable":true,"href":"https:\/\/www.europesays.com\/fr\/wp-json\/wp\/v2\/comments?post=274365"}],"version-history":[{"count":0,"href":"https:\/\/www.europesays.com\/fr\/wp-json\/wp\/v2\/posts\/274365\/revisions"}],"wp:featuredmedia":[{"embeddable":true,"href":"https:\/\/www.europesays.com\/fr\/wp-json\/wp\/v2\/media\/274366"}],"wp:attachment":[{"href":"https:\/\/www.europesays.com\/fr\/wp-json\/wp\/v2\/media?parent=274365"}],"wp:term":[{"taxonomy":"category","embeddable":true,"href":"https:\/\/www.europesays.com\/fr\/wp-json\/wp\/v2\/categories?post=274365"},{"taxonomy":"post_tag","embeddable":true,"href":"https:\/\/www.europesays.com\/fr\/wp-json\/wp\/v2\/tags?post=274365"}],"curies":[{"name":"wp","href":"https:\/\/api.w.org\/{rel}","templated":true}]}}