{"id":274369,"date":"2025-07-26T04:20:10","date_gmt":"2025-07-26T04:20:10","guid":{"rendered":"https:\/\/www.europesays.com\/fr\/274369\/"},"modified":"2025-07-26T04:20:10","modified_gmt":"2025-07-26T04:20:10","slug":"allemagne-la-communaute-lgbtqi-prise-pour-cible","status":"publish","type":"post","link":"https:\/\/www.europesays.com\/fr\/274369\/","title":{"rendered":"Allemagne\u00a0: la communaut\u00e9 LGBTQI\u00a0+\u00a0prise pour cible"},"content":{"rendered":"<p>Danjel Zart tire nerveusement sur sa cigarette roul\u00e9e. Le patron du caf\u00e9-restaurant \u00ab\u00a0Das Hoven\u00a0\u00bb se dit \u00ab\u00a0sur ses gardes en essayant de ne pas devenir parano\u00a0\u00bb. Avant de lister les attaques subies par son bar aux couleurs LGBTQI +, son personnel ou lui-m\u00eame\u00a0: \u00ab\u00a0Un extincteur balanc\u00e9 dans les vitres, des coups donn\u00e9es aux serveuses, des menaces de mort par e-mail, les pneus crev\u00e9s de ma voiture\u2026\u00a0\u00bb.<\/p>\n<p>Depuis janvier l\u2019an dernier, il a d\u00e9pos\u00e9 45 plaintes au commissariat. \u00ab\u00a0Au d\u00e9but, les policiers ne nous prenaient pas trop au s\u00e9rieux. Maintenant, leurs voitures passent par ici lors de leurs rondes\u00a0\u00bb. Faute de preuve ou de flagrance, la plupart des plaintes sont class\u00e9es. Les suspects habituels, de l\u2019extr\u00eame droite \u00e0 la mouvance islamiste, sont \u00e0 l\u2019\u0153uvre, selon les associations militantes, dans un retour de balancier de l\u2019Histoire.<\/p>\n<p>Un climat d\u2019intimidations<\/p>\n<p>\u00ab\u00a0Les droits que nous avons durement acquis lors des derni\u00e8res d\u00e9cennies sont en passe d\u2019\u00eatre d\u00e9truits\u00a0\u00bb, alerte Alfonso Pantisano, charg\u00e9 des questions queer \u00e0 la mairie de Berlin. Ce fils d\u2019immigr\u00e9s italiens refuse de stigmatiser une communaut\u00e9, pr\u00e9f\u00e8re parler d\u2019une lame de fond en marge de l\u2019\u00e9lection de Donald Trump, un climat d\u2019intimidations, une strat\u00e9gie commune aux extr\u00e9mistes attaquant les fondements de la d\u00e9mocratie. \u00ab\u00a0Le feu se r\u00e9pand dans la maison du vivre ensemble\u00a0\u00bb, dramatise le social-d\u00e9mocrate. \u00ab\u00a0Quand les droits d\u2019une minorit\u00e9 sont attaqu\u00e9s, par exemple de se balader main dans la main librement dans les rues ou d\u2019\u00eatre ce que nous sommes\u2026 L\u2019Histoire a montr\u00e9 que le feu finit toujours par se propager et celle de l\u2019Allemagne nous a appris que la d\u00e9mocratie ne s\u2019effondre pas d\u2019un coup, mais progressivement\u00a0\u00bb.<\/p>\n<p>Berlin est un symbole \u00e0 ses yeux car \u00ab\u00a0la capitale allemande est le berceau de l\u2019histoire mondiale de l\u2019\u00e9mancipation queer. Dans les ann\u00e9es 1920, avant l\u2019arriv\u00e9e des nazis, cette ville \u00e9tait l\u2019\u00e9picentre d\u2019une vie ouverte et libre. En 1929, il y avait ici pr\u00e8s de 200 lieux de rencontre pour les homosexuels, les travestis, etc.\u00a0\u00bb. La campagne allemande n\u2019est pas \u00e9pargn\u00e9e par ce mouvement de recul\u00a0d\u00e9nonc\u00e9 par les associations militantes. \u00c0 la mi-juin, \u00e0 Bad Freienwalde, dans l\u2019arri\u00e8re-pays berlinois, une \u00ab\u00a0f\u00eate de la diversit\u00e9\u00a0\u00bb a \u00e9t\u00e9 attaqu\u00e9e par un gang de 15 jeunes masqu\u00e9s et arm\u00e9s. L\u2019enqu\u00eate oriente les policiers vers des militants du groupe n\u00e9o-nazi \u00ab\u00a0Troisi\u00e8me Voie\u00a0\u00bb.<\/p>\n<p>Un samedi sous protection<\/p>\n<p>Parfois organis\u00e9es dans des villages recul\u00e9s, des manifestations en faveur des droits des minorit\u00e9s sexuelles sont r\u00e9guli\u00e8rement prises pour cible. \u00ab\u00a0Cinquante-cinq parades pour le Christopher Street Day ou CSD (NDLR\u00a0: en m\u00e9moire du premier soul\u00e8vement \u00e0 New York contre les agressions polici\u00e8res subies par les homosexuels en 1969) ont \u00e9t\u00e9 attaqu\u00e9es, l\u2019an dernier, dans toute l\u2019Allemagne\u00a0\u00bb, recense Lorenz Blumenthaler, de la fondation Antonio-Amadeo qui lutte contre les discriminations. \u00ab\u00a0Cela allait des crachats \u00e0 la casserole d\u2019eau bouillante jet\u00e9e sur la manifestation\u00a0\u00bb.<\/p>\n<p>Le CSD organis\u00e9e, samedi, dans le centre-ville de Berlin, sera sous haute surveillance. Un service d\u2019ordre d\u2019un millier de personnes, en plus du dispositif policier, va veiller sur la parade de plusieurs centaines de milliers de participants. Le mot d\u2019ordre de cette 47e \u00e9dition de cette F\u00eate des fiert\u00e9s, \u00ab\u00a0plus politique que jamais\u00a0\u00bb, annonce l\u2019organisateur Thomas Hoffmann, sera \u00ab\u00a0Plus jamais silencieux\u00a0!\u00a0\u00bb.<\/p>\n","protected":false},"excerpt":{"rendered":"Danjel Zart tire nerveusement sur sa cigarette roul\u00e9e. Le patron du caf\u00e9-restaurant \u00ab\u00a0Das Hoven\u00a0\u00bb se dit \u00ab\u00a0sur ses&hellip;\n","protected":false},"author":2,"featured_media":274370,"comment_status":"","ping_status":"","sticky":false,"template":"","format":"standard","meta":{"footnotes":""},"categories":[1587],"tags":[11,672,1804,1805,1803,765,1777,674,1801,74,12,1802],"class_list":{"0":"post-274369","1":"post","2":"type-post","3":"status-publish","4":"format-standard","5":"has-post-thumbnail","7":"category-allemagne","8":"tag-actualites","9":"tag-allemagne","10":"tag-bundesrepublik-deutschland","11":"tag-de","12":"tag-deutschland","13":"tag-en-continu","14":"tag-eu","15":"tag-europe","16":"tag-germany","17":"tag-monde","18":"tag-news","19":"tag-republique-federale-dallemagne"},"share_on_mastodon":{"url":"https:\/\/pubeurope.com\/@fr\/114917620395517591","error":""},"_links":{"self":[{"href":"https:\/\/www.europesays.com\/fr\/wp-json\/wp\/v2\/posts\/274369","targetHints":{"allow":["GET"]}}],"collection":[{"href":"https:\/\/www.europesays.com\/fr\/wp-json\/wp\/v2\/posts"}],"about":[{"href":"https:\/\/www.europesays.com\/fr\/wp-json\/wp\/v2\/types\/post"}],"author":[{"embeddable":true,"href":"https:\/\/www.europesays.com\/fr\/wp-json\/wp\/v2\/users\/2"}],"replies":[{"embeddable":true,"href":"https:\/\/www.europesays.com\/fr\/wp-json\/wp\/v2\/comments?post=274369"}],"version-history":[{"count":0,"href":"https:\/\/www.europesays.com\/fr\/wp-json\/wp\/v2\/posts\/274369\/revisions"}],"wp:featuredmedia":[{"embeddable":true,"href":"https:\/\/www.europesays.com\/fr\/wp-json\/wp\/v2\/media\/274370"}],"wp:attachment":[{"href":"https:\/\/www.europesays.com\/fr\/wp-json\/wp\/v2\/media?parent=274369"}],"wp:term":[{"taxonomy":"category","embeddable":true,"href":"https:\/\/www.europesays.com\/fr\/wp-json\/wp\/v2\/categories?post=274369"},{"taxonomy":"post_tag","embeddable":true,"href":"https:\/\/www.europesays.com\/fr\/wp-json\/wp\/v2\/tags?post=274369"}],"curies":[{"name":"wp","href":"https:\/\/api.w.org\/{rel}","templated":true}]}}