{"id":274373,"date":"2025-07-26T04:22:19","date_gmt":"2025-07-26T04:22:19","guid":{"rendered":"https:\/\/www.europesays.com\/fr\/274373\/"},"modified":"2025-07-26T04:22:19","modified_gmt":"2025-07-26T04:22:19","slug":"et-sil-ny-a-pas-daccord-entre-lue-et-trump-le-1er-aout-il-se-passe-quoi","status":"publish","type":"post","link":"https:\/\/www.europesays.com\/fr\/274373\/","title":{"rendered":"et s&rsquo;il n&rsquo;y a pas d&rsquo;accord entre l&rsquo;UE et Trump le 1er ao\u00fbt, il se passe quoi?"},"content":{"rendered":"<p>\u00c0 d\u00e9sormais une semaine des droits de douane de 30% am\u00e9ricains, l&rsquo;UE n&rsquo;a toujours pas sign\u00e9 d&rsquo;accord. Plusieurs sc\u00e9narios sont sur la table en cas de \u00ab\u00a0no deal\u00a0\u00bb mais il semble que l&rsquo;application en r\u00e9torsion du m\u00eame taux de surtaxe que l&rsquo;am\u00e9ricain soit actuellement le plus probable.<\/p>\n<p>Le \u00ab\u00a0conclave\u00a0\u00bb le plus long de l&rsquo;Histoire. Alors qu&rsquo;Am\u00e9ricains et Europ\u00e9ens n\u00e9gocient maintenant depuis des mois un accord commercial, la fum\u00e9e blanche se fait toujours attendre.<\/p>\n<p>Dans la semaine, <a href=\"https:\/\/www.bfmtv.com\/economie\/international\/l-europe-sur-le-point-de-signer-un-accord-avec-trump-sur-les-droits-de-douane-au-taux-tres-eleve-de-15_AN-202507230476.html#:~:text=L&#039;Union%20europ%C3%A9enne%20et%20les,import%C3%A9s%20sur%20le%20territoire%20am%C3%A9ricain.\" target=\"_blank\" class=\"external_link\" rel=\"nofollow noopener\">des diplomates europ\u00e9ens \u00e9voquaient pourtant un accord imminent<\/a> sur les droits de douanes avec une UE pr\u00eate \u00e0 signer un \u00ab\u00a0deal\u00a0\u00bb avec des droits de douane r\u00e9hauss\u00e9es de 15% (contre 10% aujourd&rsquo;hui), mais la signature n&rsquo;a toujours pas eu lieu.<\/p>\n<p>Donald Trump qui pensait lui-m\u00eame pouvoir signer avec l&rsquo;Europe au lendemain de l&rsquo;accord avec le Japon <a href=\"https:\/\/www.bfmtv.com\/economie\/international\/a-7-jours-de-la-fin-de-l-ultimatum-trump-evoque-des-chances-a-50-50-de-conclure-un-accord-commercial-avec-l-union-europeenne_AD-202507250383.html\" title=\"\u00c0 7 jours de la fin de l&#039;ultimatum, Trump \u00e9voque des chances \u00e0 &quot;50-50&quot; de conclure un accord commercial avec l&#039;UE\" class=\"internal_link\" rel=\"nofollow noopener\" target=\"_blank\">parle d\u00e9sormais ce vendredi d&rsquo;une chance sur deux<\/a> de se mettre d&rsquo;accord avec l&rsquo;UE.<\/p>\n<p>Pourquoi est-ce que \u00e7a traine en longueur? Parce que petit \u00e0 petit dans les chancelleries de l&rsquo;UE on prend conscience \u00e0 coup d&rsquo;\u00e9tudes d&rsquo;impact chiffr\u00e9es du danger que constituerait une surtaxe, m\u00eame de \u00ab\u00a0seulement\u00a0\u00bb 15%.<\/p>\n<p>En France, les douanes viennent de d\u00e9voiler un rapport qui chiffre l&rsquo;impact sur les marges des entreprises exportatrices de la surtaxe de 10% actuellement en vigueur et font une estimation dans un sc\u00e9nario \u00e0 30% (celui qui est attendu le 1er ao\u00fbt). Actuellement les \u00ab\u00a0tariffs\u00a0\u00bb de Donald Trump amputent d\u00e9j\u00e0 leurs comptes de 1,2 milliard d&rsquo;euros. \u00c0 30%, \u00e7a grimperait \u00e0 3,5 milliards. Mais \u00e0 15% ce serait encore tr\u00e8s haut, de l&rsquo;ordre de 1,5 \u00e0 2 milliards d&rsquo;euros pour les quelque 2.000 entreprises fran\u00e7aises qui commercent avec les \u00c9tats-Unis.<\/p>\n<p>L&rsquo;UE appliquerait les m\u00eames taxes en retour<\/p>\n<p>Dans ce contexte, personne ne veut se pr\u00e9cipiter pour signer et chacun esp\u00e8re faire plier le locataire de la Maison Blanche qui, pour rappel, a sign\u00e9 un \u00ab\u00a0deal\u00a0\u00bb \u00e0 10% avec le Royaume-Uni, il y a d\u00e9j\u00e0 des semaines de cela.<\/p>\n<p>Bruxelles se pr\u00e9pare donc \u00e0 un sc\u00e9nario sans accord avec l&rsquo;espoir sans doute que le pr\u00e9sident am\u00e9ricain change d&rsquo;avis \u00e0 la derni\u00e8re minute comme il en est coutumier.<\/p>\n<p>En attendant, les diplomates europ\u00e9ens se sont mis d&rsquo;accord pour appliquer des repr\u00e9sailles \u00e0 93 milliards d&rsquo;euros sur les produits am\u00e9ricains <strong><a href=\"https:\/\/www.bfmtv.com\/economie\/international\/l-europe-arrive-demain-apres-le-japon-trump-pense-pouvoir-convaincre-l-ue-de-rapidement-signer-avec-un-taux-de-droits-de-douane-qui-risque-de-faire-mal_AN-202507230342.html\" title=\"&quot;L&#039;Europe arrive demain&quot;: apr\u00e8s le Japon, Trump pense pouvoir convaincre l&#039;UE de rapidement signer (avec un taux de droits de douane qui risque de faire mal)\" class=\"internal_link\" rel=\"nofollow noopener\" target=\"_blank\">si les n\u00e9gociations entre Bruxelles et Washington n&rsquo;aboutissent pas un accord<\/a><\/strong>.<\/p>\n<p>Elles porteraient sur le soja, les jeans, les motos ou encore les avions de Boeing et les voitures, plus des milliers d&rsquo;autres marchandises. Ces repr\u00e9sailles consisteraient \u00e0 appliquer en retour un taux de 30% sur ces produits am\u00e9ricains import\u00e9s en Europe selon <a href=\"https:\/\/www.cnbc.com\/2025\/07\/25\/what-europes-response-to-a-no-deal-with-trump-could-look-like.html\" target=\"_blank\" class=\"external_link\" rel=\"nofollow noopener\">CNBC<\/a>.<\/p>\n<p>\u00ab\u00a0Dans un sc\u00e9nario sans accord sans un nouveau report des tarifs am\u00e9ricains, je vois l\u2019UE opter pour une approche du tac au tac, c\u2019est-\u00e0-dire imposer des tarifs de 30% sur certains produits am\u00e9ricains, pas sur tous les produits, mais sur certains comme les c\u00e9l\u00e8bres motos, voitures, v\u00eatements et alcool\u00a0\u00bb, indique Carsten Brzeski, responsable mondial de la macro\u00e9conomie chez ING sur l&rsquo;antenne de CNBC.<\/p>\n<p>L&rsquo;id\u00e9e serait donc de se lancer dans un \u00ab\u00a0oeil pour oeil, dent pour dent\u00a0\u00bb mais sans aller dans la surench\u00e8re avec des tarifs douaniers sup\u00e9rieurs \u00e0 ceux impos\u00e9s par la Maison Blanche.<\/p>\n<p><img decoding=\"async\" src=\"https:\/\/www.europesays.com\/fr\/wp-content\/uploads\/2025\/04\/1745674328_238_principale-68_1.jpg\"  alt=\"Le Club : Droits de douane, Trump promet 30% \u00e0 l'Europe \u2013 14\/07\" title=\"Le Club : Droits de douane, Trump promet 30% \u00e0 l'Europe \u2013 14\/07\"\/>Le Club : Droits de douane, Trump promet 30% \u00e0 l&rsquo;Europe \u2013 14\/07Un \u00ab\u00a0bazooka commercial\u00a0\u00bb peu probable<\/p>\n<p>Reste l&rsquo;autre sc\u00e9nario, <a href=\"https:\/\/www.bfmtv.com\/economie\/international\/tout-comprendre-qu-est-ce-que-l-instrument-anti-coercition-ce-bazooka-commercial-de-l-ue-que-la-france-voudrait-degainer-contre-les-etats-unis_AV-202507220327.html\" title=\"TOUT COMPRENDRE. Qu&#039;est-ce que l&#039;&quot;instrument anti-coercition&quot;, ce &quot;bazooka commercial&quot; de l&#039;UE que la France voudrait d\u00e9gainer contre les \u00c9tats-Unis?\" class=\"internal_link\" rel=\"nofollow noopener\" target=\"_blank\">celui du \u00ab\u00a0bazooka commercial\u00a0\u00bb dont on a beaucoup parl\u00e9 \u00e0 Bruxelles<\/a><a href=\"https:\/\/www.bfmtv.com\/economie\/international\/tout-comprendre-qu-est-ce-que-l-instrument-anti-coercition-ce-bazooka-commercial-de-l-ue-que-la-france-voudrait-degainer-contre-les-etats-unis_AV-202507220327.html\" title=\"TOUT COMPRENDRE. Qu&#039;est-ce que l&#039;&quot;instrument anti-coercition&quot;, ce &quot;bazooka commercial&quot; de l&#039;UE que la France voudrait d\u00e9gainer contre les \u00c9tats-Unis?\" class=\"internal_link\" rel=\"nofollow noopener\" target=\"_blank\"> <\/a>depuis quelques jours, surtout sous l&rsquo;impulsion de la France qui semble avoir ralli\u00e9 l&rsquo;Allemagne \u00e0 sa cause ces derni\u00e8res heures.<\/p>\n<p>\u00ab\u00a0La position de l&rsquo;Europe doit \u00eatre une position de n\u00e9gociation mais \u00e9galement une position de fermet\u00e9. (&#8230;) Nous devons d\u00e9sormais changer de m\u00e9thode\u00a0\u00bb, a d\u00e9clar\u00e9 mardi le ministre de l&rsquo;Industrie, Marc Ferracci, \u00e9voquant la n\u00e9cessit\u00e9 de \u00ab\u00a0d\u00e9clencher un certain nombre de mesures de riposte\u00a0\u00bb contre les \u00c9tats-Unis en l&rsquo;absence d&rsquo;accord.<\/p>\n<p>Cet instrument anti-coercition (ACI) qu&rsquo;\u00e9voque sans le nommer le ministre fran\u00e7ais est un outil juridique dont s&rsquo;est dot\u00e9e l&rsquo;UE fin 2023 mais qui n&rsquo;a jamais \u00e9t\u00e9 utilis\u00e9. Il \u00e9tait \u00e0 l&rsquo;origine pens\u00e9 pour se d\u00e9fendre contre des menaces d&rsquo;ing\u00e9rences russes ou chinoises dans la politique europ\u00e9enne. Mais pas pour \u00eatre utilis\u00e9 contre l&rsquo;alli\u00e9 s\u00e9culaire des Europ\u00e9ens que sont les Am\u00e9ricains.<\/p>\n<p>Cet outil permettrait en plus de l&rsquo;application de droits de douane, d&rsquo;imposer des quotas sur plusieurs secteurs, d&rsquo;interdire l&rsquo;importation de certains produits am\u00e9ricains, de limiter les investissements d&rsquo;entreprises am\u00e9ricaines voire de leur interdire des march\u00e9s publics.<\/p>\n<p>C&rsquo;est \u00ab\u00a0consid\u00e9r\u00e9 comme l&rsquo;option nucl\u00e9aire, rappelle Alberto Rizzi, charg\u00e9 de recherche au Conseil europ\u00e9en des relations \u00e9trang\u00e8res, mais en r\u00e9alit\u00e9, il existe une marge de man\u0153uvre dans son application, tant que les mesures de r\u00e9torsion restent proportionn\u00e9es aux dommages caus\u00e9s par la coercition.\u00a0\u00bb<\/p>\n<p>Autrement l&rsquo;UE pourrait ne pas appliquer le paquet de mesures anti-coercition mais seulement quelques-unes pour faire pression sur les Am\u00e9ricains.<\/p>\n<p>Mais telle une \u00ab\u00a0option nucl\u00e9aire\u00a0\u00bb, cet instrument est avant tout brandi comme une arme de dissuasion qui n&rsquo;a pas vocation \u00e0 \u00eatre utilis\u00e9e. Surtout pas contre un alli\u00e9 \u00e9conomique omnipr\u00e9sent sur le continent europ\u00e9en via des milliers d&rsquo;entreprises, de travailleurs et des milliards de dollars de capitaux. Autrement dit, l&rsquo;ACI aurait des cons\u00e9quences n\u00e9gatives tr\u00e8s importantes sur les propres \u00e9conomies europ\u00e9ennes d\u00e9j\u00e0 fragilis\u00e9es apr\u00e8s des ann\u00e9es de flamb\u00e9es des prix de l&rsquo;\u00e9nergie et des mois de guerres commerciales avec les \u00c9tats-Unis mais aussi la Chine.<\/p>\n<p>\u00ab\u00a0Les repr\u00e9sailles sont consid\u00e9r\u00e9es comme un outil de n\u00e9gociation par l\u2019UE, donc l\u2019ACI ne sera probablement activ\u00e9e que dans une deuxi\u00e8me phase s\u2019il n\u2019y a pas de r\u00e9ponse des \u00c9tats-Unis apr\u00e8s l\u2019entr\u00e9e en vigueur des paquets tarifaires \u2013 l\u2019UE voudrait la conserver comme levier plut\u00f4t que de l\u2019utiliser imm\u00e9diatement\u00a0\u00bb, reconnait Alberto Rizzi.<\/p>\n<p>Il reste donc d\u00e9sormais 7 jours aux pays de l&rsquo;UE pour peser les pours et les contres de ces diff\u00e9rentes options.<\/p>\n<p><img loading=\"lazy\" decoding=\"async\" width=\"75\" height=\"75\" src=\"https:\/\/www.europesays.com\/fr\/wp-content\/uploads\/2025\/04\/bianchi-frederic-16_3.jpg\" class=\"author_pic\" alt=\"Fr\u00e9d\u00e9ric Bianchi\" title=\"Fr\u00e9d\u00e9ric Bianchi\"\/><\/p>\n","protected":false},"excerpt":{"rendered":"\u00c0 d\u00e9sormais une semaine des droits de douane de 30% am\u00e9ricains, l&rsquo;UE n&rsquo;a toujours pas sign\u00e9 d&rsquo;accord. Plusieurs&hellip;\n","protected":false},"author":2,"featured_media":274374,"comment_status":"","ping_status":"","sticky":false,"template":"","format":"standard","meta":{"footnotes":""},"categories":[1586],"tags":[11,1777,674,1779,1011,27,12,25,1778,364],"class_list":{"0":"post-274373","1":"post","2":"type-post","3":"status-publish","4":"format-standard","5":"has-post-thumbnail","7":"category-europe","8":"tag-actualites","9":"tag-eu","10":"tag-europe","11":"tag-european-union","12":"tag-fr","13":"tag-france","14":"tag-news","15":"tag-republique-francaise","16":"tag-ue","17":"tag-union-europeenne"},"share_on_mastodon":{"url":"https:\/\/pubeurope.com\/@fr\/114917627929057557","error":""},"_links":{"self":[{"href":"https:\/\/www.europesays.com\/fr\/wp-json\/wp\/v2\/posts\/274373","targetHints":{"allow":["GET"]}}],"collection":[{"href":"https:\/\/www.europesays.com\/fr\/wp-json\/wp\/v2\/posts"}],"about":[{"href":"https:\/\/www.europesays.com\/fr\/wp-json\/wp\/v2\/types\/post"}],"author":[{"embeddable":true,"href":"https:\/\/www.europesays.com\/fr\/wp-json\/wp\/v2\/users\/2"}],"replies":[{"embeddable":true,"href":"https:\/\/www.europesays.com\/fr\/wp-json\/wp\/v2\/comments?post=274373"}],"version-history":[{"count":0,"href":"https:\/\/www.europesays.com\/fr\/wp-json\/wp\/v2\/posts\/274373\/revisions"}],"wp:featuredmedia":[{"embeddable":true,"href":"https:\/\/www.europesays.com\/fr\/wp-json\/wp\/v2\/media\/274374"}],"wp:attachment":[{"href":"https:\/\/www.europesays.com\/fr\/wp-json\/wp\/v2\/media?parent=274373"}],"wp:term":[{"taxonomy":"category","embeddable":true,"href":"https:\/\/www.europesays.com\/fr\/wp-json\/wp\/v2\/categories?post=274373"},{"taxonomy":"post_tag","embeddable":true,"href":"https:\/\/www.europesays.com\/fr\/wp-json\/wp\/v2\/tags?post=274373"}],"curies":[{"name":"wp","href":"https:\/\/api.w.org\/{rel}","templated":true}]}}