{"id":274383,"date":"2025-07-26T04:29:11","date_gmt":"2025-07-26T04:29:11","guid":{"rendered":"https:\/\/www.europesays.com\/fr\/274383\/"},"modified":"2025-07-26T04:29:11","modified_gmt":"2025-07-26T04:29:11","slug":"resultat-anna-kalinskaya-clara-tauson-wta-500-washington-quarts-de-finale-samedi-26-juillet-2025-lequipe","status":"publish","type":"post","link":"https:\/\/www.europesays.com\/fr\/274383\/","title":{"rendered":"R\u00e9sultat : Anna Kalinskaya &#8211; Clara Tauson, WTA 500, Washington, Quarts de finale, Samedi 26 juillet 2025 &#8211; L&#039;\u00c9quipe"},"content":{"rendered":"<ol>\n<li><a href=\"https:\/\/news.google.com\/rss\/articles\/CBMixAFBVV95cUxNTXc3akJPSm5mck5VWlQ2V19XRG1OR0JQaFFEUVl1MW9HVUdQRlFoRFg0dHZDN0w3dFMzZ2dKZnl2eGQ4ZHhiX3VOSk0wbHZoZEhVRGt3cTBvRzRhQkMtbHZrdnlSSC1fVlA2d1RJbFZwdHA5djRGNTBTRk9rUWJ0SHJpbjFKRjRKS3ZibFY3WGlYRTJWdDFYOGo2X0Q1cUpCWVpuUmpRc1dPZzhrVWV6YmlqQlMwX21jdUF3b2ZuOE1CdWpM?oc=5\" target=\"_blank\" rel=\"nofollow noopener\">R\u00e9sultat : Anna Kalinskaya &#8211; Clara Tauson, WTA 500, Washington, Quarts de finale, Samedi 26 juillet 2025<\/a>&nbsp;&nbsp;L&rsquo;\u00c9quipe<\/li>\n<li><a href=\"https:\/\/news.google.com\/rss\/articles\/CBMizgFBVV95cUxNOGlaVXB1d2k3cFBCQnB1XzJBN1UxUTh2TXN0QVJVRXctS0lCRTVwZTZRRnZJbWhmeVRVZU1hcUV6VWJRYmx4LTNHSkVNR2ZDMTVlNjFNWXJiMDJpcDloMHh2UUtNaGRvekE1ZTA2bDdqNE53Ym1vbFNDOXNzSFJXZXNvdnA4VUpKNXE2NUtwN2E1eW9Nd3FtSGFFYnNMTEFzaUowNU43aFQ1dDg3ejdrQnRtX1lzVlFpSEtENDh6dkM4Wjl0dFBRMF9YakpLZw?oc=5\" target=\"_blank\" rel=\"nofollow noopener\">R\u00e9sultat : Daniil Medvedev &#8211; Corentin Moutet, ATP 500, Washington, Quarts de finale, Vendredi 25 juillet 2025<\/a>&nbsp;&nbsp;L&rsquo;\u00c9quipe<\/li>\n<li><a href=\"https:\/\/news.google.com\/rss\/articles\/CBMijwFBVV95cUxQcFlCQUVwTW9lTm4yZjZFRkwybzZ6SzNCN0p5RVlMNDRjUTR6X09zUG5FcWNtOHJfM0lZSk5VbDdQcHJBMEhUTFp1MFE0Z01XVjI2ckowYlZqSmN1YnNHNEg3dlpkTFNBMVBnMzRJQlFUMzlVSXZ2czFWbXlEUFVJSmR3ZlFFQWxUbDFFbjIyZw?oc=5\" target=\"_blank\" rel=\"nofollow noopener\">Tennis : Droguet s&rsquo;arr\u00eate en quart \u00e0 Umag<\/a>&nbsp;&nbsp;Le Figaro<\/li>\n<li><a href=\"https:\/\/news.google.com\/rss\/articles\/CBMi6wFBVV95cUxPbkZkNHdrUS1Hb2xqZXA1NmRUdGVFUUp3R21uRDA3Y0g2bld2bXphcmp2eWMxMjF4UDJETjFLeVRSbkRzWFNxRXdubDJPY3ZnekxJX09oc3ctNHdoWkdJdElMMWkydEluNHVkcXI3Vmc1cTJnREd4MFNYR1QtRG9YMmR4bXZRRjFqU28yQks4V2I4UlN3RjhOZUh1VTB1cXM3aHBBQjN1X29qVE4xa3RUcmVGaGRTZ1hCWDRmTjZJbWtkTlVVSHpzaVd1T0VKanBXdDZjc2NzYVpSUE56VlgwWWhVLTlhcy1saWo4?oc=5\" target=\"_blank\" rel=\"nofollow noopener\">Tombeur de Vit Kopriva, Titouan Droguet s&rsquo;offre un premier quart de finale sur le circuit ATP \u00e0 Umag<\/a>&nbsp;&nbsp;MSN<\/li>\n<li><a href=\"https:\/\/news.google.com\/rss\/articles\/CBMilAFBVV95cUxQdy0yWVRFckotRXA2YW5xWFJ2aHFqQlZRVURKWGF0cWkyMnpsZ3hrNk84RlFRQ19VV0FhbFBNdndhaHFkNVk0ZjItenlvWmFqRTZNRW9rcFVUYTVTaHI1ZXBNODV0dFhkZ1JaMFZqMmZOXzJjM0pxVUFXSGJtYVBaZW1sRVI4eF9sRElva3otN0NlWWlz?oc=5\" target=\"_blank\" rel=\"nofollow noopener\">ATP &#8211; Umag &gt; Le \u00ab\u00a0fail\u00a0\u00bb de Droguet face \u00e0 Dzumhur, d\u00e9j\u00e0 l\u00e9gendaire..<\/a>&nbsp;&nbsp;We Love Tennis<\/li>\n<\/ol>\n","protected":false},"excerpt":{"rendered":"R\u00e9sultat : Anna Kalinskaya &#8211; Clara Tauson, WTA 500, Washington, Quarts de finale, Samedi 26 juillet 2025&nbsp;&nbsp;L&rsquo;\u00c9quipe R\u00e9sultat&hellip;\n","protected":false},"author":2,"featured_media":1983,"comment_status":"","ping_status":"","sticky":false,"template":"","format":"standard","meta":{"footnotes":""},"categories":[1415],"tags":[1011,27,60,1467],"class_list":{"0":"post-274383","1":"post","2":"type-post","3":"status-publish","4":"format-standard","5":"has-post-thumbnail","7":"category-tennis","8":"tag-fr","9":"tag-france","10":"tag-sports","11":"tag-tennis"},"share_on_mastodon":{"url":"https:\/\/pubeurope.com\/@fr\/114917655425128217","error":""},"_links":{"self":[{"href":"https:\/\/www.europesays.com\/fr\/wp-json\/wp\/v2\/posts\/274383","targetHints":{"allow":["GET"]}}],"collection":[{"href":"https:\/\/www.europesays.com\/fr\/wp-json\/wp\/v2\/posts"}],"about":[{"href":"https:\/\/www.europesays.com\/fr\/wp-json\/wp\/v2\/types\/post"}],"author":[{"embeddable":true,"href":"https:\/\/www.europesays.com\/fr\/wp-json\/wp\/v2\/users\/2"}],"replies":[{"embeddable":true,"href":"https:\/\/www.europesays.com\/fr\/wp-json\/wp\/v2\/comments?post=274383"}],"version-history":[{"count":0,"href":"https:\/\/www.europesays.com\/fr\/wp-json\/wp\/v2\/posts\/274383\/revisions"}],"wp:featuredmedia":[{"embeddable":true,"href":"https:\/\/www.europesays.com\/fr\/wp-json\/wp\/v2\/media\/1983"}],"wp:attachment":[{"href":"https:\/\/www.europesays.com\/fr\/wp-json\/wp\/v2\/media?parent=274383"}],"wp:term":[{"taxonomy":"category","embeddable":true,"href":"https:\/\/www.europesays.com\/fr\/wp-json\/wp\/v2\/categories?post=274383"},{"taxonomy":"post_tag","embeddable":true,"href":"https:\/\/www.europesays.com\/fr\/wp-json\/wp\/v2\/tags?post=274383"}],"curies":[{"name":"wp","href":"https:\/\/api.w.org\/{rel}","templated":true}]}}