{"id":274386,"date":"2025-07-26T04:31:18","date_gmt":"2025-07-26T04:31:18","guid":{"rendered":"https:\/\/www.europesays.com\/fr\/274386\/"},"modified":"2025-07-26T04:31:18","modified_gmt":"2025-07-26T04:31:18","slug":"la-serie-qui-suit-les-futures-stars-du-motogp","status":"publish","type":"post","link":"https:\/\/www.europesays.com\/fr\/274386\/","title":{"rendered":"la s\u00e9rie qui suit les futures stars du MotoGP\u2122"},"content":{"rendered":"<p>Pour de nombreux jeunes pilotes, la <a class=\"inline-paragraph__link\" title=\"Red Bull MotoGP\u2122 Rookies Cup\" href=\"https:\/\/www.redbull.com\/fr-fr\/red-bull-motogp-rookies-cup-guide\" rel=\"nofollow noopener\" target=\"_blank\">Red Bull MotoGP\u2122 Rookies Cup<\/a> est leur premier v\u00e9ritable aper\u00e7u de la pression et de l\u2019intensit\u00e9 du sport de haut niveau. Born Racers explore le versant humain de cette comp\u00e9tition aux enjeux \u00e9lev\u00e9s, capturant les joies intenses et les \u00e9checs d\u00e9chirants v\u00e9cus par les pilotes et leurs familles.Cr\u00e9\u00e9e en 2007, la Red\u00a0Bull MotoGP\u2122 Rookies Cup s\u2019est impos\u00e9e comme un tremplin vers le prestigieux <a class=\"inline-paragraph__link\" title=\"championnat du monde MotoGP\u2122\" href=\"https:\/\/www.redbull.com\/fr-fr\/motogp-calendrier\" rel=\"nofollow noopener\" target=\"_blank\">championnat du monde MotoGP\u2122<\/a>. La majorit\u00e9 des participants ont 15 ans et se voient offrir une opportunit\u00e9 unique mais elle a un prix.<\/p>\n<p>01<\/p>\n<p>26 jeunes pilotes, un r\u00eave et de nombreuses \u00e9preuves sur la route de la gloire en MotoGP\u2122<a class=\"inline-image__link\" href=\"https:\/\/img.redbull.com\/images\/q_auto,f_auto\/redbullcom\/2025\/7\/1\/sepyzhrdcslwwn3jucnu\/maximo-quiles-marco-morelli-chincolla-valentin-perrone-canton-motogp-rookies-cup\" title=\"Les nouveaux visages de Born Racers \" rel=\"nofollow noopener\" target=\"_blank\"><img decoding=\"async\" class=\"image-view__content\" src=\"data:image\/webp;base64,UklGRmADAABXRUJQVlA4IFQDAADQFwCdASpkAEMAP1mawVeyKycprNpLykArCWYAzyCxOSvGy3nrPrpSpuNKz+YLLwRZq+fdf5WyCtdgYwH3fDOg0gOhZcXUW2C\/VM7KdGtTaOjCmxfmDhCtUvR6VAJS9L9z6rs3xTpNLcGfPjZ1XFeny0\/8Fv0ryMvrmrLAMTe\/WXdk9aeN19r1vZXbSezIoK3N5RjnWnpeVquBWaZc9pZimAZsBKC5\/bfsTV1fBKc+2mmc0LI6aYffbxlemFlTDDziF\/G8YC0AAP70LhJoDkdr1QcvI2PhAWnkoGEGlmJ5abKQetRAYtkA\/pkYo\/tRb\/rHyUa\/bbIcZViZBiizEHfpeq9\/JiJPrzST3x\/V71OkHALuTKVr05DtI6KpDDcK+dWnTG8ctaiKgpQt4unmU7PwLiAztRlH2sus6lUQgQ0QdGdkcF6ZHFvx+fwMM9gu6z\/h73fzrjmGWb3too1ljHFCs1f\/mhRy2N1wlBxOfDREHh0tQAuCYjEe3vNh5DJ+7ceJAGkpGYzY+b\/bBzJ8LgOuro2fuehk\/9paJYq6JgGwGBMkwqfiCjhONTrCZMq74fTdRsYIdWCFY49xhyUUqDYj+JNoYmXc\/fBsb8ecVQzoP\/AWB\/P033cDYVp0JIp2MQN6YXcX+Hwor\/Mx8+0cCKjj8mraW40Hg+UGC2yJc1g5EOJ7JoM5lw+pUn4iSBfuOqOE\/BjOMm4lVTsHAHv6gkZUlWZdkrvCIAbzcrj+MqEa+rvujrCc2\/ncgIGjOq3wByZq\/6lWxVSpJ6nyRdjYucIsyUGEwUnM2IfUQMquDuzxI8JQe+ZMIXfKN8HZ+8xFuam+O6p60P1Dt91+iQTu3mFTQ9pHEz0skNgu2Kg24AzRNC9ygrCO4Ml79RDwJ6HuBIi4OTHg4IiCoGjXax5\/bYlxWg5K5Qnk8XwnO1tIdwntQw7a8\/qXPYuwEmAYLphbe2NoDw6pS8TDCvJD8WfhzoNkDMD6YuWQ49yQbiL9eKA+UYCN9QfqHh2Sa9OJ02lXqd5pxCgiXP0VzZkb4s\/0XfbnFqYHMXyhXj+V+sxPLBIy5s2Tg6dwQcNDOeBgH5+dByxjjBGEUdQptERFeizwbYfkwNElK6uFP5JjWfM69zA85nogAAA=\" alt=\"Maximo Quiles, Marco Morelli Chincolla, Valentin Perrone Canton c\u00e9l\u00e8brent sur le poridum de la premi\u00e8re course de la Red Bull MotoGP Rookies 2024 en Espagne.\" title=\"Les nouveaux visages de Born Racers \" data-id=\"rrn:content:images:44b9e094-b800-4648-8849-be75e086acf8:fr-FR\" data-preview-src=\"https:\/\/www.europesays.com\/fr\/wp-content\/uploads\/2025\/07\/maximo-quiles-marco-morelli-chincolla-valentin-perrone-canton-motogp-rookies-cup.webp\"\/><\/a><\/p>\n<p class=\"cosmos-text cosmos-text--spacing-none cosmos-text--kind-normal cosmos-text--weight-regular cosmos-text--appearance-dark cosmos-text--size-xx-small@small cosmos-text--size-small@large sc-cosmos-text-9-14-0 sc-cosmos-text-9-14-0-s\" part=\"base\">Les nouveaux visages de Born Racers <\/p>\n<p class=\"cosmos-text cosmos-text--spacing-none cosmos-text--kind-subtle cosmos-text--weight-regular cosmos-text--appearance-dark cosmos-text--size-xx-small sc-cosmos-text-9-14-0 sc-cosmos-text-9-14-0-s\" part=\"base\">\u00a9 Gold &amp; Goose\/Red\u00a0Bull Content Pool<\/p>\n<p>Born Racers est une s\u00e9rie documentaire immersive qui suit la nouvelle g\u00e9n\u00e9ration d\u2019espoirs du MotoGP\u2122 dans leur qu\u00eate de gloire. Cam\u00e9ras en coulisses, elle r\u00e9v\u00e8le le talent brut, l\u2019ambition sans rel\u00e2che et la r\u00e9alit\u00e9 sans filtre d\u2019une vie men\u00e9e \u00e0 la limite, port\u00e9e par l\u2019\u00e9nergie survolt\u00e9e des futures stars de Red\u00a0Bull Racing.<\/p>\n<p>Pedro Acosta, rookie en cat\u00e9gorie reine lors de la saison MotoGP\u2122 2024, revient sur son passage dans la s\u00e9rie junior : \u201cC\u2019\u00e9tait une tr\u00e8s belle p\u00e9riode, j\u2019y ai nou\u00e9 de grandes amiti\u00e9s et je me suis beaucoup amus\u00e9, mais j\u2019ai aussi beaucoup souffert. Il existe peu d\u2019opportunit\u00e9s aussi bonnes que la Red\u00a0Bull MotoGP\u2122 Rookies Cup. C\u2019est un championnat tr\u00e8s regard\u00e9 par les \u00e9quipes du monde entier. Il forme de bons pilotes, et s\u2019ils g\u00e8rent bien leur carri\u00e8re, ils deviennent encore meilleurs.\u201d<\/p>\n<p><a class=\"inline-image__link\" href=\"https:\/\/img.redbull.com\/images\/q_auto,f_auto\/redbullcom\/2025\/7\/11\/daysxlptjlzrkk2xeyla\/pedro-acosta-grand-prix-ameriques-motogp-2024-vainqueur\" title=\"Pedro Acosta f\u00eate sa deuxi\u00e8me place au Circuit des Am\u00e9riques en 2024 \" rel=\"nofollow noopener\" target=\"_blank\"><img decoding=\"async\" class=\"image-view__content\" src=\"data:image\/webp;base64,UklGRm4DAABXRUJQVlA4IGIDAABwFgCdASpkAEMAP1mUvlgyKaclLNpM8kArCWwAw24QWZZFIzp4vzQgnJqA5szmzWYmssSDEvokFFyjM4abAHDtygJ0xLPv0w\/\/v7NlQj1L62PF9GDyKZtM\/66+TuaFI17E6hrUPZkqiauMWF8f3MzLtG0nRurfbLeNR79fNHf\/DWvzp\/SAFvVC9\/+xEZrYu72nE7Zpww4r4OIbPBRoxq4dv28DSBLAbN1wt9sgNYSYzZPnydny4K11yM9cAAD+b3bECLNC6aVQs9MHORuekGoyVA3FTzWelWu19BFmgmmLLx3JCyuYb7syfLvzsXgGkSr+K6bCKs1ehGSQncolFFsoktKPOiCCCJkm\/5CByrfBUnyeknFFkDrx12vhTg\/7Vh54rSYaZvgc8PQ9IAu5Pmm6VSOxGmaQM1fWrNZa9wJbQhe4tggS6Ork19K56ONZ20MFOt4uGAA0Eh67mAedVLTH+XJUgcLUm9rIdzOMA9H1YqeGG9yDcYhSwFYMqMYcMjs\/eNuEfHvbaqcnYAP0Zt5c7yso8YOaYtEImk+Vc28pr0wFor30yv7zB\/6B7v74mE2NGZBKfYgYyAjKFba0hi4\/qjE2i01MsSNBoW55QO0zwYfUQm\/l9LLnSfg6Yugs6DvriMuSm1nvX7mpCsd3B0Rwbwo5FsAnhdWceXyBlxymvykCOLGKOudPY9wVLDo6v+JlZ6q3ortfTSZXOm3C5jAMzTptl\/v\/LWFrego3YYRn9cgPEwvmUXtv35v7JvusK+hMMjuiELhwKsXIIPXTyOVP+xriDcJxBwDdk4hb0OPpwor\/ibSb0cndknVVBzUlCCDtTZ6G9PAKQ1inc4GvgNrOfV+u5LpitPeRFnpREFgmKmDW52uWr+9YYY4o8QnQP5CenGagDMErfS4rK2dsKTslpKj3fH7qxNHu\/CbdoQz641uYyOREi\/oMIwngSvaAH+cdYQjdpJLgoe4b94TMx13B0QuJ7Me6KhA4mTcNmSvfHqfSspDdmj+K3bvOmeXmANUftmF1xED4AT4yO1uF6NPHNIefJLiRjipt4l5hnWpcDoAI\/2\/iGpRVUXDCceCqYqzSFlafeEVhcRjQabtSy3cBTzoEipGNv7cpVq0vcyn8MjFFwO8IpRYZjWSm\/ZtafQAAAA==\" alt=\"Pedro Acosta est l'un des meilleurs pilotes de MotoGP. On le voit ici f\u00eater sa victoire lors du Grand Prix Red Bull des Am\u00e9riques. \" title=\"Pedro Acosta f\u00eate sa deuxi\u00e8me place au Circuit des Am\u00e9riques en 2024 \" data-id=\"rrn:content:images:01e91074-d7e5-4854-86bd-071943d27427:fr-FR\" data-preview-src=\"https:\/\/www.europesays.com\/fr\/wp-content\/uploads\/2025\/07\/pedro-acosta-grand-prix-ameriques-motogp-2024-vainqueur.webp\"\/><\/a><\/p>\n<p class=\"cosmos-text cosmos-text--spacing-none cosmos-text--kind-normal cosmos-text--weight-regular cosmos-text--appearance-dark cosmos-text--size-xx-small@small cosmos-text--size-small@large sc-cosmos-text-9-14-0 sc-cosmos-text-9-14-0-s\" part=\"base\">Pedro Acosta f\u00eate sa deuxi\u00e8me place au Circuit des Am\u00e9riques en 2024 <\/p>\n<p class=\"cosmos-text cosmos-text--spacing-none cosmos-text--kind-subtle cosmos-text--weight-regular cosmos-text--appearance-dark cosmos-text--size-xx-small sc-cosmos-text-9-14-0 sc-cosmos-text-9-14-0-s\" part=\"base\">\u00a9 Gold &amp; Goose\/Red\u00a0Bull Content Pool <\/p>\n<blockquote class=\"inline-quote inline-quote--medium inline-quote--visible\"><p>Il existe peu d&rsquo;opportunit\u00e9s aussi int\u00e9ressantes que de participer \u00e0 la Red\u00a0Bull MotoGP\u2122 Rookies Cup<\/p><\/blockquote>\n<p>\u201cJe me souviens que j\u2019\u00e9tais dans une p\u00e9riode critique, car la situation devenait tendue \u00e0 la maison, donc la pression ext\u00e9rieure \u00e9tait tr\u00e8s forte\u201d, confie Pedro Acosta, champion de la Red\u00a0Bull MotoGP\u2122 Rookies Cup en 2020. \u201cJe pense aussi que c\u2019est une \u00e9tape que tous les jeunes pilotes devraient vivre, car elle permet de r\u00e9aliser ce que l\u2019on a, o\u00f9 l\u2019on est, et jusqu\u2019o\u00f9 on peut aller.\u201d<\/p>\n<p>L\u2019accessibilit\u00e9 de ce championnat, combin\u00e9e \u00e0 son taux de r\u00e9ussite historique, fait de la Red\u00a0Bull MotoGP\u2122 Rookies Cup l\u2019acad\u00e9mie de course la plus performante au monde.<\/p>\n<p>Voir le calendrier des sorties ci-dessous :<\/p>\n<p class=\"cosmos-text cosmos-text--spacing-none cosmos-text--kind-normal cosmos-text--weight-medium cosmos-text--appearance-dark cosmos-text--size-x-small sc-cosmos-text-9-14-0 sc-cosmos-text-9-14-0-s\" part=\"base\">Fait partie de cet article<\/p>\n<p><a class=\"part-of-this-story-card part-of-this-story-card--large\" href=\"https:\/\/www.redbull.com\/int-en\/rookiescup\/race-series\/red-bull-rookies-cup\" rel=\"nofollow noopener\" target=\"_blank\"><img decoding=\"async\" class=\"asset-info__logo asset-info__logo--wide\" alt=\"MotoGP Rookies Cup\" src=\"https:\/\/www.europesays.com\/fr\/wp-content\/uploads\/2025\/07\/motogp-rookies-cup.png\" \/>Red\u00a0Bull Rookies CupRed\u00a0Bull Rookies Cup<\/a><\/p>\n","protected":false},"excerpt":{"rendered":"Pour de nombreux jeunes pilotes, la Red Bull MotoGP\u2122 Rookies Cup est leur premier v\u00e9ritable aper\u00e7u de la&hellip;\n","protected":false},"author":2,"featured_media":274387,"comment_status":"","ping_status":"","sticky":false,"template":"","format":"standard","meta":{"footnotes":""},"categories":[1413],"tags":[1011,27,1457,1456,60],"class_list":{"0":"post-274386","1":"post","2":"type-post","3":"status-publish","4":"format-standard","5":"has-post-thumbnail","7":"category-moto","8":"tag-fr","9":"tag-france","10":"tag-moto","11":"tag-motocycle","12":"tag-sports"},"share_on_mastodon":{"url":"https:\/\/pubeurope.com\/@fr\/114917663259795602","error":""},"_links":{"self":[{"href":"https:\/\/www.europesays.com\/fr\/wp-json\/wp\/v2\/posts\/274386","targetHints":{"allow":["GET"]}}],"collection":[{"href":"https:\/\/www.europesays.com\/fr\/wp-json\/wp\/v2\/posts"}],"about":[{"href":"https:\/\/www.europesays.com\/fr\/wp-json\/wp\/v2\/types\/post"}],"author":[{"embeddable":true,"href":"https:\/\/www.europesays.com\/fr\/wp-json\/wp\/v2\/users\/2"}],"replies":[{"embeddable":true,"href":"https:\/\/www.europesays.com\/fr\/wp-json\/wp\/v2\/comments?post=274386"}],"version-history":[{"count":0,"href":"https:\/\/www.europesays.com\/fr\/wp-json\/wp\/v2\/posts\/274386\/revisions"}],"wp:featuredmedia":[{"embeddable":true,"href":"https:\/\/www.europesays.com\/fr\/wp-json\/wp\/v2\/media\/274387"}],"wp:attachment":[{"href":"https:\/\/www.europesays.com\/fr\/wp-json\/wp\/v2\/media?parent=274386"}],"wp:term":[{"taxonomy":"category","embeddable":true,"href":"https:\/\/www.europesays.com\/fr\/wp-json\/wp\/v2\/categories?post=274386"},{"taxonomy":"post_tag","embeddable":true,"href":"https:\/\/www.europesays.com\/fr\/wp-json\/wp\/v2\/tags?post=274386"}],"curies":[{"name":"wp","href":"https:\/\/api.w.org\/{rel}","templated":true}]}}