{"id":274413,"date":"2025-07-26T04:47:14","date_gmt":"2025-07-26T04:47:14","guid":{"rendered":"https:\/\/www.europesays.com\/fr\/274413\/"},"modified":"2025-07-26T04:47:14","modified_gmt":"2025-07-26T04:47:14","slug":"la-cour-de-cassation-annule-le-mandat-darret-visant-bachar-al-assad-liberation","status":"publish","type":"post","link":"https:\/\/www.europesays.com\/fr\/274413\/","title":{"rendered":"La Cour de cassation annule le mandat d\u2019arr\u00eat visant Bachar al-Assad \u2013 Lib\u00e9ration"},"content":{"rendered":"<p class=\"sc-ksZaOG ehjQrN text-element\">En audience publique et en direct sur Internet. La Cour de cassation a d\u00e9cid\u00e9 ce vendredi 25\u00a0juillet d\u2019annuler le <a href=\"https:\/\/www.liberation.fr\/idees-et-debats\/tribunes\/justice-internationale-le-cas-bachar-al-assad-ou-la-fin-de-limmunite-presidentielle-20250724_SRDVQVHZBNAIFO575BEYHH3GTU\/\" target=\"_blank\" rel=\"noreferrer nofollow noopener\" title=\"https:\/\/www.liberation.fr\/idees-et-debats\/tribunes\/justice-internationale-le-cas-bachar-al-assad-ou-la-fin-de-limmunite-presidentielle-20250724_SRDVQVHZBNAIFO575BEYHH3GTU\/\">mandat d\u2019arr\u00eat visant le pr\u00e9sident syrien d\u00e9chu<\/a> Bachar al-Assad pour <a href=\"https:\/\/www.liberation.fr\/planete\/2018\/05\/03\/armes-chimiques-mensonges-toxiques_1647640\/\" target=\"_blank\" rel=\"noreferrer nofollow noopener\" title=\"https:\/\/www.liberation.fr\/planete\/2018\/05\/03\/armes-chimiques-mensonges-toxiques_1647640\/\">des attaques chimiques en\u00a02013<\/a> ayant fait plus de 1\u00a0000 morts.<\/p>\n<p class=\"sc-ksZaOG ehjQrN text-element\">Le mandat d\u2019arr\u00eat avait \u00e9t\u00e9 d\u00e9livr\u00e9 en novembre\u00a02023 alors que Bachar al-Assad \u00ab\u00e9tait encore chef d\u2019Etat en exercice\u00bb, et n\u2019\u00e9tait donc pas \u00abr\u00e9gulier\u00bb, a d\u00e9clar\u00e9 le pr\u00e9sident de la Cour de cassation, Christophe Soulard.<\/p>\n<p class=\"sc-ksZaOG ehjQrN text-element\">\u00abCependant\u00bb, depuis que Bachar al-Assad a \u00e9t\u00e9 renvers\u00e9 en d\u00e9cembre\u00a02024 et n\u2019est plus pr\u00e9sident, \u00abde nouveaux mandats d\u2019arr\u00eat ont pu ou pourront \u00eatre d\u00e9livr\u00e9s \u00e0 son encontre pour des faits susceptibles de constituer des crimes de guerre et des crimes contre l\u2019humanit\u00e9\u00bb, a d\u00e9velopp\u00e9 Christophe Soulard. L\u2019information judiciaire ouverte \u00e0 son encontre peut donc se poursuivre, a-t-il ajout\u00e9.<\/p>\n<p class=\"sc-ksZaOG ehjQrN text-element\">Cette d\u00e9cision \u00e9tait tr\u00e8s attendue en France comme \u00e0 l\u2019\u00e9tranger, notamment par les organisations de d\u00e9fense des droits de l\u2019homme engag\u00e9es dans la lutte contre l\u2019impunit\u00e9 des chefs d\u2019Etat soup\u00e7onn\u00e9s de crimes internationaux sur leur population.<\/p>\n<p class=\"sc-ksZaOG ehjQrN text-element\">La Cour n\u2019a pas suivi la position du procureur g\u00e9n\u00e9ral R\u00e9my Heitz qui avait propos\u00e9 lors de l\u2019audience le 4\u00a0juillet de maintenir le mandat d\u2019arr\u00eat contre Bachar al-Assad, en \u00e9cartant l\u2019immunit\u00e9 personnelle dont il b\u00e9n\u00e9ficiait car la France ne le consid\u00e9rait plus depuis\u00a02012 comme le \u00abchef d\u2019Etat l\u00e9gitime en exercice\u00bb eu \u00e9gard aux \u00abcrimes de masse commis par le pouvoir syrien\u00bb.<\/p>\n<p class=\"sc-ksZaOG ehjQrN text-element\">En revanche, la Cour de cassation a reconnu pour la premi\u00e8re fois une exception \u00e0 l\u2019immunit\u00e9 fonctionnelle dont b\u00e9n\u00e9ficient les agents d\u2019Etats \u00e9trangers s\u2019ils sont poursuivis pour des crimes de guerre et des crimes contre l\u2019humanit\u00e9. La mise en examen pour complicit\u00e9 d\u2019un ancien gouverneur de la Banque centrale syrienne (2005-2016) et ex-ministre de l\u2019Economie (2016-2017), Adib Mayaleh, est donc valid\u00e9e.<\/p>\n<p class=\"sc-ksZaOG ehjQrN text-element\">Deux juges d\u2019instruction parisiens avaient \u00e9mis, en novembre\u00a02023, un mandat d\u2019arr\u00eat pour complicit\u00e9 de crimes contre l\u2019humanit\u00e9 et de crimes de guerre contre Bachar al-Assad pour les attaques chimiques imput\u00e9es au pouvoir syrien en\u00a02013, ayant fait plus de mille morts.<\/p>\n<p class=\"sc-ksZaOG ehjQrN text-element\">Ce mandat d\u2019arr\u00eat \u00e9tait contest\u00e9 par le parquet national antiterroriste (Pnat), soutenu par le parquet g\u00e9n\u00e9ral de la cour d\u2019appel de Paris, au nom de l\u2019immunit\u00e9 absolue dont jouissent les chefs d\u2019Etat en exercice devant les tribunaux de pays \u00e9trangers. Mais la cour d\u2019appel avait valid\u00e9 ce mandat en juin\u00a02024, estimant que ces crimes \u00abne peuvent \u00eatre consid\u00e9r\u00e9s comme faisant partie des fonctions officielles d\u2019un chef de l\u2019Etat\u00bb.<\/p>\n<p class=\"sc-ksZaOG ehjQrN text-element\"><b>Mise \u00e0 jour\u00a0:<\/b> \u00e0 18\u00a0h\u00a013, ajout de contexte.<\/p>\n","protected":false},"excerpt":{"rendered":"En audience publique et en direct sur Internet. La Cour de cassation a d\u00e9cid\u00e9 ce vendredi 25\u00a0juillet d\u2019annuler&hellip;\n","protected":false},"author":2,"featured_media":274414,"comment_status":"","ping_status":"","sticky":false,"template":"","format":"standard","meta":{"footnotes":""},"categories":[4],"tags":[11,14393,1011,27,12,25,32],"class_list":{"0":"post-274413","1":"post","2":"type-post","3":"status-publish","4":"format-standard","5":"has-post-thumbnail","7":"category-france","8":"tag-actualites","9":"tag-bachar-al-assad","10":"tag-fr","11":"tag-france","12":"tag-news","13":"tag-republique-francaise","14":"tag-syrie"},"share_on_mastodon":{"url":"https:\/\/pubeurope.com\/@fr\/114917726215009984","error":""},"_links":{"self":[{"href":"https:\/\/www.europesays.com\/fr\/wp-json\/wp\/v2\/posts\/274413","targetHints":{"allow":["GET"]}}],"collection":[{"href":"https:\/\/www.europesays.com\/fr\/wp-json\/wp\/v2\/posts"}],"about":[{"href":"https:\/\/www.europesays.com\/fr\/wp-json\/wp\/v2\/types\/post"}],"author":[{"embeddable":true,"href":"https:\/\/www.europesays.com\/fr\/wp-json\/wp\/v2\/users\/2"}],"replies":[{"embeddable":true,"href":"https:\/\/www.europesays.com\/fr\/wp-json\/wp\/v2\/comments?post=274413"}],"version-history":[{"count":0,"href":"https:\/\/www.europesays.com\/fr\/wp-json\/wp\/v2\/posts\/274413\/revisions"}],"wp:featuredmedia":[{"embeddable":true,"href":"https:\/\/www.europesays.com\/fr\/wp-json\/wp\/v2\/media\/274414"}],"wp:attachment":[{"href":"https:\/\/www.europesays.com\/fr\/wp-json\/wp\/v2\/media?parent=274413"}],"wp:term":[{"taxonomy":"category","embeddable":true,"href":"https:\/\/www.europesays.com\/fr\/wp-json\/wp\/v2\/categories?post=274413"},{"taxonomy":"post_tag","embeddable":true,"href":"https:\/\/www.europesays.com\/fr\/wp-json\/wp\/v2\/tags?post=274413"}],"curies":[{"name":"wp","href":"https:\/\/api.w.org\/{rel}","templated":true}]}}