{"id":274417,"date":"2025-07-26T04:49:11","date_gmt":"2025-07-26T04:49:11","guid":{"rendered":"https:\/\/www.europesays.com\/fr\/274417\/"},"modified":"2025-07-26T04:49:11","modified_gmt":"2025-07-26T04:49:11","slug":"saint-etienne-ce-concept-qui-cartonne-a-lyon-va-ouvrir-avec-des-prix-encore-plus-attractifs","status":"publish","type":"post","link":"https:\/\/www.europesays.com\/fr\/274417\/","title":{"rendered":"Saint-\u00c9tienne. Ce concept qui cartonne \u00e0 Lyon va ouvrir avec des prix encore \u00ab\u00a0plus attractifs\u00a0\u00bb"},"content":{"rendered":"<p>            Par<br \/>\n        <strong><br \/>\n            <a href=\"https:\/\/actu.fr\/auteur\/julien-sournies\" title=\"Consulter tous les articles de Julien Sournies\" target=\"_blank\" rel=\"noopener\">Julien Sournies<\/a><br \/>\n        <\/strong><\/p>\n<p>        Publi\u00e9 le<\/p>\n<p>            26 juil. 2025 \u00e0 6h14        <\/p>\n<p>Sa r\u00e9putation n\u2019est plus \u00e0 faire \u00e0 <a href=\"https:\/\/actu.fr\/lyon\/\" target=\"_blank\" rel=\"noopener\">Lyon<\/a>\u2009: <a href=\"https:\/\/actu.fr\/auvergne-rhone-alpes\/lyon_69123\/lyon-ce-grand-food-court-au-succes-inegale-continue-de-seduire-on-a-trouve-la-recette_61722261.html\" target=\"_blank\" rel=\"noopener\">La Commune<\/a>, food court \u00e0 succ\u00e8s install\u00e9 dans le 7e arrondissement, va ouvrir un <a href=\"https:\/\/actu.fr\/auvergne-rhone-alpes\/saint-etienne_42218\/saint-etienne-les-halles-mazerat-trouvent-un-repreneur-voici-le-nouveau-concept_62894359.html\" target=\"_blank\" rel=\"noopener\">deuxi\u00e8me \u00e9tablissement<\/a> \u00e0 <a href=\"https:\/\/actu.fr\/saint-etienne\/\" target=\"_blank\" rel=\"noopener\">Saint-\u00c9tienne<\/a> en janvier prochain au sein des <strong>Halles Mazerat<\/strong>, inoccup\u00e9es depuis le d\u00e9part de Biltoki en mars dernier. Reposant sur trois piliers majeurs, ce concept de restauration bien d\u00e9fini se voudra \u00ab\u2009\u00eatre des plus conviviaux\u2009\u00bb, o\u00f9 tout un chacun pourra \u00ab\u2009cr\u00e9er son propre parcours et son exp\u00e9rience\u2009\u00bb, promet Lucie Bouvier, responsable communication de La Commune.<\/p>\n<p>Quelques diff\u00e9rences avec Lyon<\/p>\n<p class=\" wall-content\">\u00ab\u2009La Commune repose sur trois piliers cruciaux, \u00e0 savoir la partie culinaire o\u00f9 on accompagne les chefs, la partie bar et les programmations culturelles\u2009\u00bb, pr\u00e9sente Lucie Bouvier.<\/p>\n<p class=\" wall-content\">S\u2019il faut s\u2019attendre \u00e0 retrouver plus ou moins les m\u00eames ingr\u00e9dients que ceux qui font le charme du food court lyonnais, le St\u00e9phanois, qui entrera en travaux en <strong>septembre<\/strong>, aura tout de m\u00eame quelques <strong>particularit\u00e9s<\/strong>.<\/p>\n<p class=\" wall-content\"><a href=\"https:\/\/www.instagram.com\/p\/DMTAK7MI_8z\/embed\" title=\"Ouvrir le lien sur Instagram\" target=\"_blank\" rel=\"noopener\">Visualiser le contenu sur Instagram<\/a><\/p>\n<p class=\" wall-content\">Comme \u00e0 Lyon, <strong>huit \u00e9choppes<\/strong> s\u2019assureront de nourrir convenablement la client\u00e8le. \u00ab\u2009Ici aussi, ce sera une cuisine du monde, o\u00f9 il faut s\u2019attendre \u00e0 toutes les saveurs. Notre objectif est d\u2019apporter de la diversit\u00e9 afin que les chefs ne se concurrencent pas entre eux\u2009\u00bb, r\u00e9sume la responsable communication de la marque.<\/p>\n<p class=\" wall-content\">\u00c0 Saint-\u00c9tienne aussi, le concept reposera sur un syst\u00e8me de \u00ab\u2009turn-over\u2009\u00bb. Signant d\u2019abord un bail de six mois renouvelable une fois, les chefs cuisiniers ne pourront pas rester plus d\u2019un an et demi entre les murs. \u00ab\u2009\u00c0 Saint-\u00c9tienne, ils pourront toutefois rester potentiellement plus longtemps avant de se jeter dans le grand bain\u2009\u00bb, note Lucie Bouvier.<\/p>\n<p>\u00ab\u2009On sera sur des tarifs adapt\u00e9s \u00e0 la client\u00e8le locale\u2009\u00bb<\/p>\n<p class=\" wall-content\">Du c\u00f4t\u00e9 des tarifs, les prix seront par ailleurs l\u00e9g\u00e8rement \u00ab\u2009plus attractifs\u2009\u00bb. \u00ab\u2009C\u2019est une question qui est beaucoup revenue. <strong>On ne sera pas sur les m\u00eames prix qu\u2019\u00e0 Lyon<\/strong>. On sera sur des tarifs adapt\u00e9s \u00e0 la client\u00e8le locale\u2009\u00bb, pr\u00e9cise Lucie Bouvier.<\/p>\n<p>    <img   decoding=\"async\" loading=\"lazy\" src=\"https:\/\/www.europesays.com\/fr\/wp-content\/uploads\/2025\/07\/img20220509121428-960x640.jpg\" alt=\"Les Berthom vont installer sa 18e adresse en France \u00e0 proximit\u00e9 des Halles Mazerat.\" width=\"960\" height=\"640\"\/><br \/>\n    La Commune va ouvrir un deuxi\u00e8me \u00e9tablissement \u00e0 Saint-\u00c9tienne en janvier prochain au sein des Halles Mazerat. (\u00a9MS \/ Actu Saint-\u00c9tienne)<\/p>\n<p class=\" wall-content\">Si le large \u00e9ventail de cuisines contribue au succ\u00e8s de l\u2019\u00e9tablissement lyonnais, les futures Halles de La Commune \u00e0 Saint-\u00c9tienne mettront davantage l\u2019accent sur la partie bar, avec des prix \u00e9galement revus \u00e0 la baisse.<\/p>\n<p class=\" wall-content\">\u00ab\u2009Le bar sera en plein c\u0153ur des halles. On va faire en sorte que tous les trajets se fassent autour du bar. Il y aura une carte assez sourc\u00e9e avec des bi\u00e8res uniquement fran\u00e7aises\u2009\u00bb, poursuit la responsable communication.<\/p>\n<blockquote class=\"ac-article-quote wall-content\">\n<p>Durant les travaux, on va aussi essayer de maximiser le nombre de places assises. On va faire en sorte que les St\u00e9phanois peuvent rester le plus longtemps possible. En tout, on esp\u00e8re accueillir environ 700 personnes par jour.<\/p>\n<p>    <strong>Lucie Bouvier<\/strong><br \/>\n        Responsable de la communication de La Commune    <\/p><\/blockquote>\n<p class=\" wall-content\">\u00c0 cela, l\u2019\u00e9tablissement misera aussi sur la qualit\u00e9 des \u00e9v\u00e9nements culturels propos\u00e9s, lesquels auront lieu trois \u00e0 quatre fois par semaine. Alors que son ouverture est programm\u00e9e \u00ab\u2009courant janvier\u2009\u00bb, le futur pensionnaire des Halles Mazerat indique \u00eatre toujours \u00e0 la recherche de porteurs de projet.<\/p>\n<p class=\" wall-content\">Suivez toute l\u2019actualit\u00e9 de vos villes et m\u00e9dias favoris en vous inscrivant \u00e0 <a href=\"https:\/\/moncompte.actu.fr\" title=\"D\u00e9couvez Mon Actu\" rel=\"nofollow noopener\" data-trk=\"{&quot;cta&quot;:{&quot;action&quot;:&quot;https:\\\/\\\/moncompte.actu.fr&quot;,&quot;category&quot;:&quot;mon compte&quot;,&quot;from&quot;:&quot;article footer&quot;,&quot;name&quot;:&quot;Mon actu&quot;,&quot;type&quot;:&quot;cta&quot;}}\" target=\"_blank\">Mon Actu<\/a>.<\/p>\n<ul class=\"ac-article-tag wall-content\">\n<li><a href=\"https:\/\/actu.fr\/tag\/nouveaux-commerces\" data-trk=\"{&quot;cta&quot;:{&quot;action&quot;:&quot;Nouveaux commerces&quot;,&quot;category&quot;:&quot;tag&quot;,&quot;from&quot;:&quot;article footer&quot;,&quot;name&quot;:&quot;Nouveaux commerces&quot;,&quot;type&quot;:&quot;cta&quot;}}\" target=\"_blank\" rel=\"noopener\">#Nouveaux commerces<\/a><\/li>\n<li><a href=\"https:\/\/actu.fr\/tag\/restaurant\" data-trk=\"{&quot;cta&quot;:{&quot;action&quot;:&quot;Restaurant&quot;,&quot;category&quot;:&quot;tag&quot;,&quot;from&quot;:&quot;article footer&quot;,&quot;name&quot;:&quot;Restaurant&quot;,&quot;type&quot;:&quot;cta&quot;}}\" target=\"_blank\" rel=\"noopener\">#Restaurant<\/a><\/li>\n<\/ul>\n<p>                    <script async src=\"\/\/www.instagram.com\/embed.js\"><\/script><\/p>\n","protected":false},"excerpt":{"rendered":"Par Julien Sournies Publi\u00e9 le 26 juil. 2025 \u00e0 6h14 Sa r\u00e9putation n\u2019est plus \u00e0 faire \u00e0 Lyon\u2009:&hellip;\n","protected":false},"author":2,"featured_media":274418,"comment_status":"","ping_status":"","sticky":false,"template":"","format":"standard","meta":{"footnotes":""},"categories":[9653],"tags":[1111,11,2430,1777,674,1011,27,12,3147,25,1340,4001,104],"class_list":{"0":"post-274417","1":"post","2":"type-post","3":"status-publish","4":"format-standard","5":"has-post-thumbnail","7":"category-saint-etienne","8":"tag-actu","9":"tag-actualites","10":"tag-auvergne-rhone-alpes","11":"tag-eu","12":"tag-europe","13":"tag-fr","14":"tag-france","15":"tag-news","16":"tag-nouveaux-commerces","17":"tag-republique-francaise","18":"tag-restaurant","19":"tag-saint-etienne","20":"tag-societe"},"share_on_mastodon":{"url":"https:\/\/pubeurope.com\/@fr\/114917734079144587","error":""},"_links":{"self":[{"href":"https:\/\/www.europesays.com\/fr\/wp-json\/wp\/v2\/posts\/274417","targetHints":{"allow":["GET"]}}],"collection":[{"href":"https:\/\/www.europesays.com\/fr\/wp-json\/wp\/v2\/posts"}],"about":[{"href":"https:\/\/www.europesays.com\/fr\/wp-json\/wp\/v2\/types\/post"}],"author":[{"embeddable":true,"href":"https:\/\/www.europesays.com\/fr\/wp-json\/wp\/v2\/users\/2"}],"replies":[{"embeddable":true,"href":"https:\/\/www.europesays.com\/fr\/wp-json\/wp\/v2\/comments?post=274417"}],"version-history":[{"count":0,"href":"https:\/\/www.europesays.com\/fr\/wp-json\/wp\/v2\/posts\/274417\/revisions"}],"wp:featuredmedia":[{"embeddable":true,"href":"https:\/\/www.europesays.com\/fr\/wp-json\/wp\/v2\/media\/274418"}],"wp:attachment":[{"href":"https:\/\/www.europesays.com\/fr\/wp-json\/wp\/v2\/media?parent=274417"}],"wp:term":[{"taxonomy":"category","embeddable":true,"href":"https:\/\/www.europesays.com\/fr\/wp-json\/wp\/v2\/categories?post=274417"},{"taxonomy":"post_tag","embeddable":true,"href":"https:\/\/www.europesays.com\/fr\/wp-json\/wp\/v2\/tags?post=274417"}],"curies":[{"name":"wp","href":"https:\/\/api.w.org\/{rel}","templated":true}]}}