{"id":274419,"date":"2025-07-26T04:50:11","date_gmt":"2025-07-26T04:50:11","guid":{"rendered":"https:\/\/www.europesays.com\/fr\/274419\/"},"modified":"2025-07-26T04:50:11","modified_gmt":"2025-07-26T04:50:11","slug":"saint-etienne-sans-permis-il-est-interpelle-pour-des-rodeos-sauvages-au-cret-de-roc","status":"publish","type":"post","link":"https:\/\/www.europesays.com\/fr\/274419\/","title":{"rendered":"Saint-Etienne. Sans permis, il est interpell\u00e9 pour des rod\u00e9os sauvages au Cr\u00eat-de-Roc"},"content":{"rendered":"<p>Depuis plusieurs jours, les habitants du quartier du Cr\u00eat-de-Roc \u00e0 Saint-Etienne se plaignaient des nuisances provoqu\u00e9es par un jeune homme au volant d\u2019une voiture de type Peugeot 207.<\/p>\n<p>Pr\u00e9venues par les riverains, les \u00e9quipes de la police municipale ont donc accentu\u00e9 leur pr\u00e9sence dans le secteur pour tenter de mettre un terme \u00e0 ces rod\u00e9os sauvages, bruyants et potentiellement dangereux.<\/p>\n<p>  Le v\u00e9hicule immobilis\u00e9 le jour m\u00eame par la police<\/p>\n<p>Et ce mercredi 23\u00a0juillet, peu apr\u00e8s 18 heures, les agents municipaux ont pu intercepter le conducteur de la petite berline fran\u00e7aise alors qu\u2019il se livrait \u00e0 des figures, cramponn\u00e9 derri\u00e8re son volant. Selon une source polici\u00e8re, le v\u00e9hicule avait \u00e9t\u00e9 contr\u00f4l\u00e9 et immobilis\u00e9 en raison d\u2019un \u00e9l\u00e9ment jug\u00e9 saillant par les forces de l\u2019ordre, susceptible d\u2019\u00eatre dangereux pour autrui.<\/p>\n<p>Au moment de l\u2019interpeller, les forces de l\u2019ordre ont d\u00e9couvert que le conducteur \u00e9tait \u00e2g\u00e9 de 17 ans et ne disposait pas du permis de conduire.<\/p>\n<p>Apr\u00e8s avoir \u00e9t\u00e9 plac\u00e9 en garde \u00e0 vue dans les locaux de l\u2019H\u00f4tel de police \u00e0 Saint-Etienne, le contrevenant, habitant \u00e0 Saint-Etienne, s\u2019est vu notifier une convocation en justice dans le cadre d\u2019une comparution sur reconnaissance pr\u00e9alable de culpabilit\u00e9 au cours des prochaines semaines.<\/p>\n","protected":false},"excerpt":{"rendered":"Depuis plusieurs jours, les habitants du quartier du Cr\u00eat-de-Roc \u00e0 Saint-Etienne se plaignaient des nuisances provoqu\u00e9es par un&hellip;\n","protected":false},"author":2,"featured_media":274420,"comment_status":"","ping_status":"","sticky":false,"template":"","format":"standard","meta":{"footnotes":""},"categories":[9653],"tags":[1111,11,2430,271,272,7539,1777,674,274,1011,27,12,25,4001,7538,104,2803],"class_list":{"0":"post-274419","1":"post","2":"type-post","3":"status-publish","4":"format-standard","5":"has-post-thumbnail","7":"category-saint-etienne","8":"tag-actu","9":"tag-actualites","10":"tag-auvergne-rhone-alpes","11":"tag-crime","12":"tag-delit-et-contravention","13":"tag-edition-loire-sud","14":"tag-eu","15":"tag-europe","16":"tag-faits-divers-justice","17":"tag-fr","18":"tag-france","19":"tag-news","20":"tag-republique-francaise","21":"tag-saint-etienne","22":"tag-saint-etienne-ville","23":"tag-societe","24":"tag-transport"},"share_on_mastodon":{"url":"https:\/\/pubeurope.com\/@fr\/114917738340267318","error":""},"_links":{"self":[{"href":"https:\/\/www.europesays.com\/fr\/wp-json\/wp\/v2\/posts\/274419","targetHints":{"allow":["GET"]}}],"collection":[{"href":"https:\/\/www.europesays.com\/fr\/wp-json\/wp\/v2\/posts"}],"about":[{"href":"https:\/\/www.europesays.com\/fr\/wp-json\/wp\/v2\/types\/post"}],"author":[{"embeddable":true,"href":"https:\/\/www.europesays.com\/fr\/wp-json\/wp\/v2\/users\/2"}],"replies":[{"embeddable":true,"href":"https:\/\/www.europesays.com\/fr\/wp-json\/wp\/v2\/comments?post=274419"}],"version-history":[{"count":0,"href":"https:\/\/www.europesays.com\/fr\/wp-json\/wp\/v2\/posts\/274419\/revisions"}],"wp:featuredmedia":[{"embeddable":true,"href":"https:\/\/www.europesays.com\/fr\/wp-json\/wp\/v2\/media\/274420"}],"wp:attachment":[{"href":"https:\/\/www.europesays.com\/fr\/wp-json\/wp\/v2\/media?parent=274419"}],"wp:term":[{"taxonomy":"category","embeddable":true,"href":"https:\/\/www.europesays.com\/fr\/wp-json\/wp\/v2\/categories?post=274419"},{"taxonomy":"post_tag","embeddable":true,"href":"https:\/\/www.europesays.com\/fr\/wp-json\/wp\/v2\/tags?post=274419"}],"curies":[{"name":"wp","href":"https:\/\/api.w.org\/{rel}","templated":true}]}}