{"id":274428,"date":"2025-07-26T05:00:34","date_gmt":"2025-07-26T05:00:34","guid":{"rendered":"https:\/\/www.europesays.com\/fr\/274428\/"},"modified":"2025-07-26T05:00:34","modified_gmt":"2025-07-26T05:00:34","slug":"football-deux-matches-amicaux-en-quatre-jours-pour-le-stade-lavallois-sport","status":"publish","type":"post","link":"https:\/\/www.europesays.com\/fr\/274428\/","title":{"rendered":"Football. Deux matches amicaux en quatre jours pour le Stade lavallois . Sport"},"content":{"rendered":"<p>Le Stade lavallois d\u00e9bute une quatri\u00e8me semaine de pr\u00e9paration intense. Au programme\u00a0: deux matches amicaux, le premier aura lieu d\u00e8s ce mercredi. Les Tango affrontent le FC Rouen (National) \u00e0 18 h, au stade Henri-Breux \u00e0 Evron. Il s\u2019agit de leur troisi\u00e8me match de pr\u00e9paration apr\u00e8s celui face au FC Nantes (<a href=\"https:\/\/laval.maville.com\/sport\/detail_-stade-lavallois.-ce-qu-il-faut-retenir-du-premier-match-amical-des-tango-face-au-fc-nantes-_11-6898005_actu.Htm\" target=\"_self\" rel=\"noopener\">d\u00e9faite 2-0<\/a>) et face \u00e0 l\u2019US Concarneau (<a href=\"https:\/\/lannion-perros.maville.com\/sport\/detail_-football.-amical-le-stade-lavallois-arrache-la-victoire-face-a-l-us-concarneau-_6-6905627_actu.Htm\" target=\"_self\" rel=\"noopener\">victoire 3-2<\/a>).<\/p>\n<p>Un seul changement dans le groupe par rapport au match face \u00e0 Concarneau. Amin Cherni a quitt\u00e9 le club lavallois pour le G\u00f6ztepe SK (Turquie). Aucun joueur ne le remplace, c\u2019est donc avec 24\u00a0joueurs qu\u2019Olivier Frapolli va aborder cette rencontre. Il explique\u00a0: <strong>\u00ab\u00a0Sur ces 24\u00a0joueurs align\u00e9s, il y en a 11\u00a0qui auront moins de 23\u00a0ans.\u00a0\u00bb<\/strong><\/p>\n<p>L\u2019objectif, donc\u00a0: prendre en exp\u00e9rience en donnant du temps de jeu \u00e0 chacun.<\/p>\n<p>La rencontre face aux Rouennais s\u2019effectuera sur deux mi-temps de 45\u00a0minutes. Samedi face \u00e0 l\u2019UNFP (\u00e0 Ch\u00e2teau-Gontier), les staffs se sont mis d\u2019accord sur trois mi-temps de 45\u00a0minutes pour <strong>\u00ab nous permettre de faire tourner au maximum\u00a0\u00bb<\/strong>, s\u2019est r\u00e9joui le technicien lavallois Olivier Frapolli.<\/p>\n<p>Tavares, Bianda et Ouaneh absents<\/p>\n<p>Du c\u00f4t\u00e9 des absents\u00a0: Yohan Tavares, malade depuis plusieurs semaines, revient mais, affaibli, il reprend sa pr\u00e9paration. Il n\u2019avait pas pris part au <a href=\"https:\/\/lannion-perros.maville.com\/sport\/detail_-carte.-foot-arzon-perros-guirec...-ces-villes-bretonnes-qui-accueillent-les-stages-de-pre-saison-_52677-6900686_actu.Htm\" target=\"_self\" rel=\"noopener\">stage \u00e0 Perros-Guirec<\/a> (Finis\u00e8re) la semaine pass\u00e9e. William Bianda, touch\u00e9 au genou face \u00e0 Nantes est pr\u00e9serv\u00e9. Peter Ouaneh, lui, poursuit sa phase de r\u00e9athl\u00e9tisation et ne devrait pas faire partie des groupes lors des premiers matches de Ligue 2. Enfin, la nouvelle recrue <a href=\"https:\/\/laval.maville.com\/sport\/detail_-mercato-stade-lavallois.-le-milieu-de-terrain-cyril-mandouki-signe-jusqu-en-2027-_11-6909943_actu.Htm\" target=\"_self\" rel=\"noopener\">Cyril Mandouki<\/a> passe des tests physiques et n\u2019a pas encore int\u00e9gr\u00e9 les entra\u00eenements collectifs. Le maitre mot parmi le staff est la patience.<\/p>\n<p>Pour rappel, la premi\u00e8re journ\u00e9e de Ligue 2 aura lieu samedi 9\u00a0ao\u00fbt (20 h) pour les Tango. Ils recevront l\u2019AS Saint-Etienne, r\u00e9trograd\u00e9 de Ligue 1\u00a0la saison derni\u00e8re. Pour assister \u00e0 cette rencontre \u00e0 Le Basser, la billetterie ouvre ce mercredi \u00e0 15\u00a0h.<\/p>\n<p>Le groupe<\/p>\n<p><strong>Gardiens\u00a0: <\/strong>Samassa, Hautbois, N\u2019Tessa. <strong>D\u00e9fenseurs\u00a0: <\/strong>Kokolo, Delannay, Pellenard, Adilehou, Badey, Commaret, Vargas, Mateta. <strong>Milieux\u00a0:<\/strong> Sanna, Thomas, Maggiotti, Sellouki, Montet, Benard, Clavreul, Raimbault.<strong> Attaquants\u00a0:<\/strong> Mupemba, Camara, Zohi, Tchokount\u00e9, Faurand-Tournaire.<\/p>\n<p>\u00a0<\/p>\n","protected":false},"excerpt":{"rendered":"Le Stade lavallois d\u00e9bute une quatri\u00e8me semaine de pr\u00e9paration intense. Au programme\u00a0: deux matches amicaux, le premier aura&hellip;\n","protected":false},"author":2,"featured_media":273255,"comment_status":"","ping_status":"","sticky":false,"template":"","format":"standard","meta":{"footnotes":""},"categories":[9587],"tags":[1111,11,2063,1777,674,1011,27,1922,1393,2487,12,5161,1404,25,2923,9590,3728,4251,853],"class_list":{"0":"post-274428","1":"post","2":"type-post","3":"status-publish","4":"format-standard","5":"has-post-thumbnail","7":"category-rouen","8":"tag-actu","9":"tag-actualites","10":"tag-annonces","11":"tag-eu","12":"tag-europe","13":"tag-fr","14":"tag-france","15":"tag-info","16":"tag-loisirs","17":"tag-meteo","18":"tag-news","19":"tag-normandie","20":"tag-quotidien","21":"tag-republique-francaise","22":"tag-restaurants","23":"tag-rouen","24":"tag-saint-malo","25":"tag-sortir","26":"tag-spectacles"},"share_on_mastodon":{"url":"https:\/\/pubeurope.com\/@fr\/114917777261245768","error":""},"_links":{"self":[{"href":"https:\/\/www.europesays.com\/fr\/wp-json\/wp\/v2\/posts\/274428","targetHints":{"allow":["GET"]}}],"collection":[{"href":"https:\/\/www.europesays.com\/fr\/wp-json\/wp\/v2\/posts"}],"about":[{"href":"https:\/\/www.europesays.com\/fr\/wp-json\/wp\/v2\/types\/post"}],"author":[{"embeddable":true,"href":"https:\/\/www.europesays.com\/fr\/wp-json\/wp\/v2\/users\/2"}],"replies":[{"embeddable":true,"href":"https:\/\/www.europesays.com\/fr\/wp-json\/wp\/v2\/comments?post=274428"}],"version-history":[{"count":0,"href":"https:\/\/www.europesays.com\/fr\/wp-json\/wp\/v2\/posts\/274428\/revisions"}],"wp:featuredmedia":[{"embeddable":true,"href":"https:\/\/www.europesays.com\/fr\/wp-json\/wp\/v2\/media\/273255"}],"wp:attachment":[{"href":"https:\/\/www.europesays.com\/fr\/wp-json\/wp\/v2\/media?parent=274428"}],"wp:term":[{"taxonomy":"category","embeddable":true,"href":"https:\/\/www.europesays.com\/fr\/wp-json\/wp\/v2\/categories?post=274428"},{"taxonomy":"post_tag","embeddable":true,"href":"https:\/\/www.europesays.com\/fr\/wp-json\/wp\/v2\/tags?post=274428"}],"curies":[{"name":"wp","href":"https:\/\/api.w.org\/{rel}","templated":true}]}}