{"id":274429,"date":"2025-07-26T05:02:09","date_gmt":"2025-07-26T05:02:09","guid":{"rendered":"https:\/\/www.europesays.com\/fr\/274429\/"},"modified":"2025-07-26T05:02:09","modified_gmt":"2025-07-26T05:02:09","slug":"pres-de-grenoble-pourquoi-ce-village-de-montagne-attire-plus-de-20-000-personnes-en-un-week-end","status":"publish","type":"post","link":"https:\/\/www.europesays.com\/fr\/274429\/","title":{"rendered":"Pr\u00e8s de Grenoble. Pourquoi ce village de montagne attire plus de 20 000 personnes en un week-end"},"content":{"rendered":"<p>            Par<br \/>\n        <strong><br \/>\n            <a href=\"https:\/\/actu.fr\/auteur\/lisa-rodrigues\" title=\"Consulter tous les articles de Lisa Rodrigues\" target=\"_blank\" rel=\"noopener\">Lisa Rodrigues<\/a><br \/>\n        <\/strong><\/p>\n<p>        Publi\u00e9 le<\/p>\n<p>            26 juil. 2025 \u00e0 6h32        <\/p>\n<p>C\u2019est l\u2019une des plus <strong>importantes f\u00eates agricoles<\/strong> dans le Vercors qui, lors des derni\u00e8res \u00e9ditions, a attir\u00e9 plus de 20 000 personnes. Apr\u00e8s un an d\u2019absence, la F\u00eate du Bleu, c\u00e9l\u00e9brant l\u2019AOP Bleu du Vercors-Sassenage, revient pour une 25e \u00e9dition les <strong>samedi 26 et dimanche 27 juillet<\/strong> \u00e0 M\u00e9audre en <a href=\"https:\/\/actu.fr\/auvergne-rhone-alpes\/isere_38\" target=\"_blank\" rel=\"noopener\">Is\u00e8re<\/a>.<\/p>\n<p>    <a href=\"https:\/\/www.google.com\/maps\/embed?pb=!1m18!1m12!1m3!1d45036.09286077517!2d5.493474748558797!3d45.131283993759226!2m3!1f0!2f0!3f0!3m2!1i1024!2i768!4f13.1!3m3!1m2!1s0x478a93793969e2e3%3A0x408ab2ae4be75d0!2sM%C3%A9audre%2C%2038112%20Autrans-M%C3%A9audre%20en%20Vercors!5e0!3m2!1sfr!2sfr!4v1753184717516!5m2!1sfr!2sfr\" title=\"Ouvrie le lien\" target=\"_blank\" rel=\"noopener\">Cliquez ici pour visualiser le contenu<\/a><\/p>\n<p class=\" wall-content\">Pendant ces deux jours, des animations, spectacles et d\u00e9monstrations agricoles sont au programme.\u00a0<\/p>\n<p>Au programme du week-end<\/p>\n<p class=\" wall-content\">Parmi les temps forts, la pr\u00e9sentation de \u00ab\u00a0gestes d\u2019autrefois\u00a0\u00bb par des membres d\u2019une association agricole (battage au fl\u00e9au,\u00a0 cuisson du pain au feu de bois ou conduite de tracteurs anciens ou des <strong>d\u00e9monstrations de fabrications de produits<\/strong> \u00e0 base de fromage auront lieu le samedi apr\u00e8s-midi et le dimanche, de 10h30 \u00e0 12h30 et de 14h45 \u00e0 17h30.\u00a0<\/p>\n<p class=\" wall-content\">Il y a une nouveaut\u00e9 cette ann\u00e9e : ce sont les olympiades agricoles, pour les petits comme pour les grands. On peut ainsi noter l\u2019organisation\u00a0d\u2019une \u00ab\u00a0\u00e9preuve de maniabilit\u00e9 de tracteurs\u00a0\u00bb pour les agriculteurs le dimanche.<\/p>\n<p>    <a href=\"https:\/\/www.facebook.com\/plugins\/post.php?href=https%3A%2F%2Fwww.facebook.com%2FFetedubleu%2Fposts%2Fpfbid0Ri7M16Azi9aFB2RCCZmCykJwQ6fyywhtCD22v3LDu8fbfGkxK8BxRLwRL477MDD9l&amp;show_text=true&amp;width=350\" title=\"Ouvrie le lien\" target=\"_blank\" rel=\"noopener\">Cliquez ici pour visualiser le contenu<\/a><\/p>\n<p class=\" wall-content\">Tout au long du week-end, plusieurs collectifs, associations et \u00e9tablissements de formation agricole locaux tiendront un stand pour renseigner les visiteurs sur leurs activit\u00e9s. Enfin, des spectacles de danse et des concerts assureront l\u2019animation sur place.<\/p>\n<p>Pas d\u2019animaux cette ann\u00e9e<\/p>\n<p class=\" wall-content\">Cette ann\u00e9e, la F\u00eate du Bleu va se d\u00e9rouler dans une ambiance particuli\u00e8re : une partie du d\u00e9partement est sous surveillance \u00e9troite concernant la <strong>dermatose nodulaire contagieuse<\/strong>, une maladie touchant les bovins, mais non transmissible \u00e0 l\u2019homme. En cons\u00e9quence, le programme des festivit\u00e9s a \u00e9t\u00e9 adapt\u00e9 \u00e0 la situation.<\/p>\n<blockquote class=\"ac-article-quote wall-content\">\n<p>En lien \u00e9troit avec les autorit\u00e9s sanitaires, les services v\u00e9t\u00e9rinaires et les repr\u00e9sentants des fili\u00e8res, des mesures strictes ont \u00e9t\u00e9 mises en place. Ainsi, aucun animal d\u2019\u00e9levage ne sera pr\u00e9sent sur le site de la f\u00eate, conform\u00e9ment aux recommandations sanitaires en vigueur.<\/p>\n<p>    <strong>Organisation de la F\u00eate du Bleu<\/strong>\n            <\/p><\/blockquote>\n<p class=\" wall-content\">Exit donc la pr\u00e9sence sur place des vaches et autres animaux de la ferme pour limiter le risque de contagion de la maladie, actuellement pr\u00e9sente en <a href=\"https:\/\/actu.fr\/savoie\/\" target=\"_blank\" rel=\"noopener\">Savoie<\/a> et Haute-Savoie.<\/p>\n<p>    <a href=\"https:\/\/www.facebook.com\/plugins\/post.php?href=https%3A%2F%2Fwww.facebook.com%2FFDSEA38%2Fposts%2Fpfbid02AioAQdaoTafpPg4FPHXRoacfUtiKo2jZq8ji85dQGJoJLKhaTuLnyM78nFKAaesRl&amp;show_text=true&amp;width=350\" title=\"Ouvrie le lien\" target=\"_blank\" rel=\"noopener\">Cliquez ici pour visualiser le contenu<\/a><\/p>\n<p class=\" wall-content\">\u00ab\u00a0Cette \u00e9dition sera donc recentr\u00e9e sur la mise en valeur des produits fermiers et artisanaux\u00a0\u00bb, pr\u00e9cisent les organisateurs de la F\u00eate du Bleu. Avec, notamment, le <strong>march\u00e9 du terroir<\/strong> et ses \u00ab\u00a044 producteurs et artisans alimentaires du Parc naturel r\u00e9gional du <a href=\"https:\/\/actu.fr\/auvergne-rhone-alpes\/gresse-en-vercors_38186\/pres-de-grenoble-pourquoi-ce-petit-village-des-alpes-a-besoin-de-nouveaux-habitants_60782297.html\" target=\"_blank\" rel=\"noopener\">Vercors<\/a>\u00a0\u00bb ou repr\u00e9sentant diverses AOP (Appellation d\u2019origine prot\u00e9g\u00e9e) et IGP (Indication g\u00e9ographique prot\u00e9g\u00e9e).\u00a0<\/p>\n<p class=\" wall-content\">Suivez toute l\u2019actualit\u00e9 de vos villes et m\u00e9dias favoris en vous inscrivant \u00e0 <a href=\"https:\/\/moncompte.actu.fr\" title=\"D\u00e9couvez Mon Actu\" rel=\"nofollow noopener\" data-trk=\"{&quot;cta&quot;:{&quot;action&quot;:&quot;https:\\\/\\\/moncompte.actu.fr&quot;,&quot;category&quot;:&quot;mon compte&quot;,&quot;from&quot;:&quot;article footer&quot;,&quot;name&quot;:&quot;Mon actu&quot;,&quot;type&quot;:&quot;cta&quot;}}\" target=\"_blank\">Mon Actu<\/a>.<\/p>\n","protected":false},"excerpt":{"rendered":"Par Lisa Rodrigues Publi\u00e9 le 26 juil. 2025 \u00e0 6h32 C\u2019est l\u2019une des plus importantes f\u00eates agricoles dans&hellip;\n","protected":false},"author":2,"featured_media":274430,"comment_status":"","ping_status":"","sticky":false,"template":"","format":"standard","meta":{"footnotes":""},"categories":[9566],"tags":[1111,11,2430,1777,674,1011,27,1661,2731,1652,5324,12,25],"class_list":{"0":"post-274429","1":"post","2":"type-post","3":"status-publish","4":"format-standard","5":"has-post-thumbnail","7":"category-grenoble","8":"tag-actu","9":"tag-actualites","10":"tag-auvergne-rhone-alpes","11":"tag-eu","12":"tag-europe","13":"tag-fr","14":"tag-france","15":"tag-gastronomie","16":"tag-grenoble","17":"tag-loisirs-culture","18":"tag-montagne","19":"tag-news","20":"tag-republique-francaise"},"share_on_mastodon":{"url":"https:\/\/pubeurope.com\/@fr\/114917785216622220","error":""},"_links":{"self":[{"href":"https:\/\/www.europesays.com\/fr\/wp-json\/wp\/v2\/posts\/274429","targetHints":{"allow":["GET"]}}],"collection":[{"href":"https:\/\/www.europesays.com\/fr\/wp-json\/wp\/v2\/posts"}],"about":[{"href":"https:\/\/www.europesays.com\/fr\/wp-json\/wp\/v2\/types\/post"}],"author":[{"embeddable":true,"href":"https:\/\/www.europesays.com\/fr\/wp-json\/wp\/v2\/users\/2"}],"replies":[{"embeddable":true,"href":"https:\/\/www.europesays.com\/fr\/wp-json\/wp\/v2\/comments?post=274429"}],"version-history":[{"count":0,"href":"https:\/\/www.europesays.com\/fr\/wp-json\/wp\/v2\/posts\/274429\/revisions"}],"wp:featuredmedia":[{"embeddable":true,"href":"https:\/\/www.europesays.com\/fr\/wp-json\/wp\/v2\/media\/274430"}],"wp:attachment":[{"href":"https:\/\/www.europesays.com\/fr\/wp-json\/wp\/v2\/media?parent=274429"}],"wp:term":[{"taxonomy":"category","embeddable":true,"href":"https:\/\/www.europesays.com\/fr\/wp-json\/wp\/v2\/categories?post=274429"},{"taxonomy":"post_tag","embeddable":true,"href":"https:\/\/www.europesays.com\/fr\/wp-json\/wp\/v2\/tags?post=274429"}],"curies":[{"name":"wp","href":"https:\/\/api.w.org\/{rel}","templated":true}]}}