{"id":27443,"date":"2025-04-15T20:03:16","date_gmt":"2025-04-15T20:03:16","guid":{"rendered":"https:\/\/www.europesays.com\/fr\/27443\/"},"modified":"2025-04-15T20:03:16","modified_gmt":"2025-04-15T20:03:16","slug":"ligue-1-montpellier-hsc-officiellement-relegue-en-ligue-2-des-ce-week-end-si-sport","status":"publish","type":"post","link":"https:\/\/www.europesays.com\/fr\/27443\/","title":{"rendered":"Ligue 1. Montpellier HSC officiellement rel\u00e9gu\u00e9 en Ligue 2\u00a0d\u00e8s ce week-end si\u2026 . Sport"},"content":{"rendered":"<p>Ils ne se font gu\u00e8re plus d\u2019illusions. Avec une s\u00e9rie de dix d\u00e9faites cons\u00e9cutives en Ligue 1, les joueurs du Montpellier HSC filent tout droit vers la Ligue 2, seize ans apr\u00e8s leur remont\u00e9e dans l\u2019\u00e9lite du football fran\u00e7ais. La question n\u2019est plus vraiment de savoir si mais plut\u00f4t quand la rel\u00e9gation du club champion de France en 2012 va arriver.<\/p>\n<p><strong>Lire aussi\u00a0:<\/strong>\u00a0<a href=\"https:\/\/rennes.maville.com\/sport\/detail_--leur-histoire-est-finie-avec-le-club-nicollin-depite-apres-la-defaite-de-montpellier-a-angers-_54135-6764434_actu.Htm\" target=\"_self\" rel=\"noopener\">\u00ab\u00a0Leur histoire est finie avec le club\u00a0\u00bb\u00a0: Nicollin d\u00e9pit\u00e9 apr\u00e8s la d\u00e9faite de Montpellier \u00e0 Angers<\/a><\/p>\n<p>\u00c7a pourrait \u00eatre d\u00e8s cette 30e journ\u00e9e de Ligue 1, ce week-end.\u00a0<a href=\"https:\/\/montpellier.maville.com\/sport\/detail_-ligue-1.-zoumana-camara-succede-a-jean-louis-gasset-sur-le-banc-de-montpellier-lanterne-rouge-_52743-6756202_actu.Htm\" target=\"_self\" rel=\"noopener\">Les hommes du nouveau coach Zoumana Camara<\/a>, qui comptent 12\u00a0points de retard sur le barragiste Le Havre, se d\u00e9placent \u00e0 Marseille samedi (21\u00a0h\u00a005).<\/p>\n<p>Montpellier officiellement rel\u00e9gu\u00e9 en Ligue 2\u00a0d\u00e8s ce week-end si\u2026<\/p>\n<p>Il perd \u00e0 Marseille et que Le Havre ne perd pas \u00e0 Paris.<br \/>Il fait match nul et Le Havre gagne \u00e0 Paris.<\/p>\n<p>\u00a0<\/p>\n","protected":false},"excerpt":{"rendered":"Ils ne se font gu\u00e8re plus d\u2019illusions. Avec une s\u00e9rie de dix d\u00e9faites cons\u00e9cutives en Ligue 1, les&hellip;\n","protected":false},"author":2,"featured_media":27444,"comment_status":"","ping_status":"","sticky":false,"template":"","format":"standard","meta":{"footnotes":""},"categories":[9599],"tags":[1111,11,3809,1465,1777,674,63,1011,27,1792,1922,2047,2208,12,2680,25,479,517,1470],"class_list":{"0":"post-27443","1":"post","2":"type-post","3":"status-publish","4":"format-standard","5":"has-post-thumbnail","7":"category-montpellier","8":"tag-actu","9":"tag-actualites","10":"tag-ball","11":"tag-basket","12":"tag-eu","13":"tag-europe","14":"tag-football","15":"tag-fr","16":"tag-france","17":"tag-handball","18":"tag-info","19":"tag-mans","20":"tag-montpellier","21":"tag-news","22":"tag-occitanie","23":"tag-republique-francaise","24":"tag-rugby","25":"tag-sport","26":"tag-volley"},"share_on_mastodon":{"url":"https:\/\/pubeurope.com\/@fr\/114343772403033640","error":""},"_links":{"self":[{"href":"https:\/\/www.europesays.com\/fr\/wp-json\/wp\/v2\/posts\/27443","targetHints":{"allow":["GET"]}}],"collection":[{"href":"https:\/\/www.europesays.com\/fr\/wp-json\/wp\/v2\/posts"}],"about":[{"href":"https:\/\/www.europesays.com\/fr\/wp-json\/wp\/v2\/types\/post"}],"author":[{"embeddable":true,"href":"https:\/\/www.europesays.com\/fr\/wp-json\/wp\/v2\/users\/2"}],"replies":[{"embeddable":true,"href":"https:\/\/www.europesays.com\/fr\/wp-json\/wp\/v2\/comments?post=27443"}],"version-history":[{"count":0,"href":"https:\/\/www.europesays.com\/fr\/wp-json\/wp\/v2\/posts\/27443\/revisions"}],"wp:featuredmedia":[{"embeddable":true,"href":"https:\/\/www.europesays.com\/fr\/wp-json\/wp\/v2\/media\/27444"}],"wp:attachment":[{"href":"https:\/\/www.europesays.com\/fr\/wp-json\/wp\/v2\/media?parent=27443"}],"wp:term":[{"taxonomy":"category","embeddable":true,"href":"https:\/\/www.europesays.com\/fr\/wp-json\/wp\/v2\/categories?post=27443"},{"taxonomy":"post_tag","embeddable":true,"href":"https:\/\/www.europesays.com\/fr\/wp-json\/wp\/v2\/tags?post=27443"}],"curies":[{"name":"wp","href":"https:\/\/api.w.org\/{rel}","templated":true}]}}