{"id":274435,"date":"2025-07-26T05:05:10","date_gmt":"2025-07-26T05:05:10","guid":{"rendered":"https:\/\/www.europesays.com\/fr\/274435\/"},"modified":"2025-07-26T05:05:10","modified_gmt":"2025-07-26T05:05:10","slug":"strasbourg-les-lignes-c-et-d-fortement-perturbees-a-partir-de-lundi-on-fait-le-point","status":"publish","type":"post","link":"https:\/\/www.europesays.com\/fr\/274435\/","title":{"rendered":"Strasbourg. Les lignes C et D fortement perturb\u00e9es \u00e0 partir de lundi : on\u00a0fait\u00a0le\u00a0point"},"content":{"rendered":"<p>            Par<br \/>\n        <strong><br \/>\n            <a href=\"https:\/\/actu.fr\/auteur\/redaction-strasbourg\" title=\"Consulter tous les articles de R\u00e9daction Strasbourg\" target=\"_blank\" rel=\"noopener\">R\u00e9daction Strasbourg<\/a><br \/>\n        <\/strong><\/p>\n<p>        Publi\u00e9 le<\/p>\n<p>            26 juil. 2025 \u00e0 7h02        <\/p>\n<p>Les travaux d\u2019\u00e9t\u00e9 de la <a href=\"https:\/\/actu.fr\/tag\/compagnie-des-transports-strasbourgeois-cts\" target=\"_blank\" rel=\"noopener\">CTS<\/a> \u00e0 <a href=\"https:\/\/actu.fr\/strasbourg\/\" target=\"_blank\" rel=\"noopener\">Strasbourg<\/a> se poursuivent. C\u2019est d\u00e9sormais au tour des <strong>lignes C et D du tram<\/strong> d\u2019\u00eatre impact\u00e9es par des <strong>travaux. <\/strong>Du lundi 28\u00a0juillet et au vendredi 22\u00a0ao\u00fbt, <strong>plusieurs stations ne seront pas desservies.<\/strong><\/p>\n<p>Des bus de remplacement mis en place<\/p>\n<p class=\" wall-content\">Durant\u00a0les chantiers, les\u00a0trams ne circuleront pas\u00a0<strong>entre les stations\u00a0Landsberg et Neuhof Reuss\u00a0et\u00a0Landsberg et Kehl Rathaus<\/strong>. Des\u00a0bus de remplacement\u00a0seront mis en place.<\/p>\n<p class=\" wall-content\">Ces bus circuleront\u2009:<\/p>\n<ul class=\" wall-content\">\n<li>toutes les 7\u00a0minutes en journ\u00e9e<\/li>\n<li>toutes les 10 \u00e0 15\u00a0minutes avant 6\u2009h et apr\u00e8s 19\u2009h<\/li>\n<li>toutes les 20\u00a0minutes apr\u00e8s 22\u2009h<\/li>\n<li>toutes les 12 \u00e0 20\u00a0minutes le dimanche et les jours f\u00e9ri\u00e9s, toutes les 12 \u00e0 20\u00a0minutes. Toutefois, <strong>les bus ne desserviront pas les stations allemandes<\/strong> par \u00ab\u2009manque d\u2019accessibilit\u00e9\u2009\u00bb.<\/li>\n<\/ul>\n<p>    <img   decoding=\"async\" loading=\"lazy\" src=\"https:\/\/www.europesays.com\/fr\/wp-content\/uploads\/2025\/07\/design-sans-titre-22-1-960x640.jpg\" alt=\"Plusieurs stations des lignes C et D ne seront pas desservies du 28 juillet au 22 ao\u00fbt.\" width=\"960\" height=\"640\"\/><br \/>\n    Plusieurs stations des lignes C et D ne seront pas desservies du 28\u00a0juillet au 22\u00a0ao\u00fbt. (\u00a9CTS)<\/p>\n<p class=\" wall-content\">En compl\u00e9ment des bus de remplacement, la CTS conseille \u00e0 ses usagers de <strong>prendre la ligne 2<\/strong> depuis la station port du Rhin pour rejoindre la gare ou encore d\u2019emprunter la ligne Chron\u2019hop C8 pour relier Etoile Bourse\/Gravi\u00e8re Stade de la Meinau\/ Kibitzenau et Neuhof Rodolphe Reuss.<\/p>\n<p class=\" wall-content\">Suivez toute l\u2019actualit\u00e9 de vos villes et m\u00e9dias favoris en vous inscrivant \u00e0 <a href=\"https:\/\/moncompte.actu.fr\" title=\"D\u00e9couvez Mon Actu\" rel=\"nofollow noopener\" data-trk=\"{&quot;cta&quot;:{&quot;action&quot;:&quot;https:\\\/\\\/moncompte.actu.fr&quot;,&quot;category&quot;:&quot;mon compte&quot;,&quot;from&quot;:&quot;article footer&quot;,&quot;name&quot;:&quot;Mon actu&quot;,&quot;type&quot;:&quot;cta&quot;}}\" target=\"_blank\">Mon Actu<\/a>.<\/p>\n<ul class=\"ac-article-tag wall-content\">\n<li><a href=\"https:\/\/actu.fr\/tag\/compagnie-des-transports-strasbourgeois-cts\" data-trk=\"{&quot;cta&quot;:{&quot;action&quot;:&quot;Compagnie des transports strasbourgeois (CTS)&quot;,&quot;category&quot;:&quot;tag&quot;,&quot;from&quot;:&quot;article footer&quot;,&quot;name&quot;:&quot;Compagnie des transports strasbourgeois (CTS)&quot;,&quot;type&quot;:&quot;cta&quot;}}\" target=\"_blank\" rel=\"noopener\">#Compagnie des transports strasbourgeois (CTS)<\/a><\/li>\n<li><a href=\"https:\/\/actu.fr\/tag\/transport\" data-trk=\"{&quot;cta&quot;:{&quot;action&quot;:&quot;Transport&quot;,&quot;category&quot;:&quot;tag&quot;,&quot;from&quot;:&quot;article footer&quot;,&quot;name&quot;:&quot;Transport&quot;,&quot;type&quot;:&quot;cta&quot;}}\" target=\"_blank\" rel=\"noopener\">#Transport<\/a><\/li>\n<\/ul>\n","protected":false},"excerpt":{"rendered":"Par R\u00e9daction Strasbourg Publi\u00e9 le 26 juil. 2025 \u00e0 7h02 Les travaux d\u2019\u00e9t\u00e9 de la CTS \u00e0 Strasbourg&hellip;\n","protected":false},"author":2,"featured_media":59659,"comment_status":"","ping_status":"","sticky":false,"template":"","format":"standard","meta":{"footnotes":""},"categories":[2820],"tags":[1111,11,7344,1777,674,1011,27,775,12,25,104,640,2803],"class_list":{"0":"post-274435","1":"post","2":"type-post","3":"status-publish","4":"format-standard","5":"has-post-thumbnail","7":"category-strasbourg","8":"tag-actu","9":"tag-actualites","10":"tag-compagnie-des-transports-strasbourgeois-cts","11":"tag-eu","12":"tag-europe","13":"tag-fr","14":"tag-france","15":"tag-grand-est","16":"tag-news","17":"tag-republique-francaise","18":"tag-societe","19":"tag-strasbourg","20":"tag-transport"},"share_on_mastodon":{"url":"https:\/\/pubeurope.com\/@fr\/114917797038103558","error":""},"_links":{"self":[{"href":"https:\/\/www.europesays.com\/fr\/wp-json\/wp\/v2\/posts\/274435","targetHints":{"allow":["GET"]}}],"collection":[{"href":"https:\/\/www.europesays.com\/fr\/wp-json\/wp\/v2\/posts"}],"about":[{"href":"https:\/\/www.europesays.com\/fr\/wp-json\/wp\/v2\/types\/post"}],"author":[{"embeddable":true,"href":"https:\/\/www.europesays.com\/fr\/wp-json\/wp\/v2\/users\/2"}],"replies":[{"embeddable":true,"href":"https:\/\/www.europesays.com\/fr\/wp-json\/wp\/v2\/comments?post=274435"}],"version-history":[{"count":0,"href":"https:\/\/www.europesays.com\/fr\/wp-json\/wp\/v2\/posts\/274435\/revisions"}],"wp:featuredmedia":[{"embeddable":true,"href":"https:\/\/www.europesays.com\/fr\/wp-json\/wp\/v2\/media\/59659"}],"wp:attachment":[{"href":"https:\/\/www.europesays.com\/fr\/wp-json\/wp\/v2\/media?parent=274435"}],"wp:term":[{"taxonomy":"category","embeddable":true,"href":"https:\/\/www.europesays.com\/fr\/wp-json\/wp\/v2\/categories?post=274435"},{"taxonomy":"post_tag","embeddable":true,"href":"https:\/\/www.europesays.com\/fr\/wp-json\/wp\/v2\/tags?post=274435"}],"curies":[{"name":"wp","href":"https:\/\/api.w.org\/{rel}","templated":true}]}}