{"id":274441,"date":"2025-07-26T05:09:15","date_gmt":"2025-07-26T05:09:15","guid":{"rendered":"https:\/\/www.europesays.com\/fr\/274441\/"},"modified":"2025-07-26T05:09:15","modified_gmt":"2025-07-26T05:09:15","slug":"reze-un-nouveau-look-pour-lecole-roger-salengro","status":"publish","type":"post","link":"https:\/\/www.europesays.com\/fr\/274441\/","title":{"rendered":"Rez\u00e9. Un nouveau look pour l\u2019\u00e9cole Roger-Salengro"},"content":{"rendered":"<p>Le chemin des \u00c9coliers qui relie la primaire \u00e0 la maternelle est ferm\u00e9. La raison, la r\u00e9novation compl\u00e8te de l\u2019\u00e9cole primaire.<\/p>\n<p>Pr\u00e9vus jusqu\u2019\u00e0 la fin 2026, les travaux qui s\u2019\u00e9talent sur dix-neuf mois visent \u00e0 am\u00e9liorer la qualit\u00e9 des locaux, am\u00e9nager de nouveaux espaces, r\u00e9duire de moiti\u00e9 les consommations \u00e9nerg\u00e9tiques, prot\u00e9ger contre les chaleurs estivales et achever l\u2019accessibilit\u00e9 pour les personnes en situation de handicap.<\/p>\n<p>L\u2019op\u00e9ration co\u00fbte 3,1\u00a0millions d\u2019euros, dont une partie est financ\u00e9e par le Fonds europ\u00e9en de d\u00e9veloppement r\u00e9gional (Feder) et le Fonds vert. Le chantier bat son plein en ce moment et l\u2019acc\u00e8s est ferm\u00e9, mais que les enfants se rassurent, ou ne se r\u00e9jouissent pas trop vite\u2026 Elle leur ouvrira bien ses portes \u00e0 la rentr\u00e9e, lundi 1er\u00a0septembre.<\/p>\n<p>\u00a0<\/p>\n","protected":false},"excerpt":{"rendered":"Le chemin des \u00c9coliers qui relie la primaire \u00e0 la maternelle est ferm\u00e9. La raison, la r\u00e9novation compl\u00e8te&hellip;\n","protected":false},"author":2,"featured_media":274442,"comment_status":"","ping_status":"","sticky":false,"template":"","format":"standard","meta":{"footnotes":""},"categories":[2818],"tags":[1111,11,1122,1777,674,1011,27,16751,766,12,4565,2636,25,3740,41402,3272],"class_list":{"0":"post-274441","1":"post","2":"type-post","3":"status-publish","4":"format-standard","5":"has-post-thumbnail","7":"category-nantes","8":"tag-actu","9":"tag-actualites","10":"tag-ecole","11":"tag-eu","12":"tag-europe","13":"tag-fr","14":"tag-france","15":"tag-look","16":"tag-nantes","17":"tag-news","18":"tag-nouveau","19":"tag-pays-de-la-loire","20":"tag-republique-francaise","21":"tag-reze","22":"tag-roger-salengro","23":"tag-saint-nazaire"},"share_on_mastodon":{"url":"https:\/\/pubeurope.com\/@fr\/114917812791399411","error":""},"_links":{"self":[{"href":"https:\/\/www.europesays.com\/fr\/wp-json\/wp\/v2\/posts\/274441","targetHints":{"allow":["GET"]}}],"collection":[{"href":"https:\/\/www.europesays.com\/fr\/wp-json\/wp\/v2\/posts"}],"about":[{"href":"https:\/\/www.europesays.com\/fr\/wp-json\/wp\/v2\/types\/post"}],"author":[{"embeddable":true,"href":"https:\/\/www.europesays.com\/fr\/wp-json\/wp\/v2\/users\/2"}],"replies":[{"embeddable":true,"href":"https:\/\/www.europesays.com\/fr\/wp-json\/wp\/v2\/comments?post=274441"}],"version-history":[{"count":0,"href":"https:\/\/www.europesays.com\/fr\/wp-json\/wp\/v2\/posts\/274441\/revisions"}],"wp:featuredmedia":[{"embeddable":true,"href":"https:\/\/www.europesays.com\/fr\/wp-json\/wp\/v2\/media\/274442"}],"wp:attachment":[{"href":"https:\/\/www.europesays.com\/fr\/wp-json\/wp\/v2\/media?parent=274441"}],"wp:term":[{"taxonomy":"category","embeddable":true,"href":"https:\/\/www.europesays.com\/fr\/wp-json\/wp\/v2\/categories?post=274441"},{"taxonomy":"post_tag","embeddable":true,"href":"https:\/\/www.europesays.com\/fr\/wp-json\/wp\/v2\/tags?post=274441"}],"curies":[{"name":"wp","href":"https:\/\/api.w.org\/{rel}","templated":true}]}}