{"id":274452,"date":"2025-07-26T05:16:19","date_gmt":"2025-07-26T05:16:19","guid":{"rendered":"https:\/\/www.europesays.com\/fr\/274452\/"},"modified":"2025-07-26T05:16:19","modified_gmt":"2025-07-26T05:16:19","slug":"londres-deux-adolescents-condamnes-a-15-ans-de-prison-pour-le-meurtre-dun-garcon-de","status":"publish","type":"post","link":"https:\/\/www.europesays.com\/fr\/274452\/","title":{"rendered":"Londres\u00a0: deux adolescents condamn\u00e9s \u00e0 15\u00a0ans de prison pour le meurtre d\u2019un gar\u00e7on de"},"content":{"rendered":"<tr wp_automatic_readability=\"5.8922155688623\">\n<td valign=\"middle\" align=\"center\" class=\"col-logo\" wp_automatic_readability=\"5\">\n    <img decoding=\"async\" src=\"https:\/\/maville.com\/design\/images\/logo-of-monetise.svg?version=20130627\" alt=\"logo Ouest-France\" height=\"66\"\/><\/p>\n<p>Contenu r\u00e9serv\u00e9 aux abonn\u00e9s<\/p>\n<\/td>\n<td class=\"col-titre\">\n\t\t\tVendredi 25 juillet 2025 19:20<br \/>\n\t\t\t<a class=\"icon-bulle sizeL count\" href=\"#ancreAvis\"><br \/>\n\t&#8230;<br \/>\n<\/a><\/td>\n<\/tr>\n<p>\t\t<a class=\"mavillebox2 elmt-photo\" href=\"https:\/\/maville.com\/photosmvi\/2025\/07\/25\/P35374827D6913893G.jpg\" title=\" Une photo non dat\u00e9e publi\u00e9e par la police m\u00e9tropolitaine britannique \u00e0 Londres le 9\u00a0janvier 2025 montre Kelyan Bokassa, victime d\u2019un meurtre \u00e2g\u00e9e de 14\u00a0ans.  \u00a9  Service de police londonien \/ Archives AFP  &lt;!--TAG-BLC credit--&gt;\" rel=\"galerie_actu nofollow noopener\" target=\"_blank\"><br \/>\n\t<img decoding=\"async\" src=\"https:\/\/www.europesays.com\/fr\/wp-content\/uploads\/2025\/07\/P35374827D6913893G_crop_640-330_.jpg\" alt=\"photo  une photo non dat\u00e9e publi\u00e9e par la police m\u00e9tropolitaine britannique \u00e0 londres le 9\u00a0janvier 2025 montre kelyan bokassa, victime d\u2019un meurtre \u00e2g\u00e9e de 14\u00a0ans.  \u00a9  service de police londonien \/ archives afp \"\/><br \/>\n\t1<br \/>\n<\/a><\/p>\n<p class=\"elmt-legende\"> Une photo non dat\u00e9e publi\u00e9e par la police m\u00e9tropolitaine britannique \u00e0 Londres le 9\u00a0janvier 2025 montre Kelyan Bokassa, victime d\u2019un meurtre \u00e2g\u00e9e de 14\u00a0ans.  \u00a9  Service de police londonien \/ Archives AFP  <\/p>\n<p>\t\tIls avaient tu\u00e9 un gar\u00e7on de 14\u00a0ans \u00e0 coups de machette dans un bus londonien en plein jour.\u00a0Deux adolescents de 15 et 16\u00a0ans, li\u00e9s \u00e0 des gangs de rue, ont \u00e9t\u00e9 condamn\u00e9s ce vendredi \u00e0 une peine minimale de 15\u00a0ans et 10\u00a0mois de prison.<\/p>\n<p><b>Cet article est r\u00e9serv\u00e9 aux abonn\u00e9s<\/b><\/p>\n<p>Pour un acc\u00e8s imm\u00e9diat, abonnez-vous<\/p>\n<p><b>1\u00e8re semaine offerte<\/b><\/p>\n<p>\t\tOuest-France<\/p>\n<p>\t\t&#13;<\/p>\n","protected":false},"excerpt":{"rendered":"Contenu r\u00e9serv\u00e9 aux abonn\u00e9s Vendredi 25 juillet 2025 19:20 &#8230; 1 Une photo non dat\u00e9e publi\u00e9e par la&hellip;\n","protected":false},"author":2,"featured_media":274453,"comment_status":"","ping_status":"","sticky":false,"template":"","format":"standard","meta":{"footnotes":""},"categories":[2815],"tags":[5659,9284,1111,11,3959,1764,16087,1777,674,1011,27,35528,811,1307,4534,777,12,806,25],"class_list":{"0":"post-274452","1":"post","2":"type-post","3":"status-publish","4":"format-standard","5":"has-post-thumbnail","7":"category-lille","8":"tag-5659","9":"tag-9284","10":"tag-actu","11":"tag-actualites","12":"tag-adolescents","13":"tag-ans","14":"tag-condamnes","15":"tag-eu","16":"tag-europe","17":"tag-fr","18":"tag-france","19":"tag-garcon","20":"tag-hauts-de-france","21":"tag-lille","22":"tag-londres","23":"tag-meurtre","24":"tag-news","25":"tag-prison","26":"tag-republique-francaise"},"share_on_mastodon":{"url":"https:\/\/pubeurope.com\/@fr\/114917840449211465","error":""},"_links":{"self":[{"href":"https:\/\/www.europesays.com\/fr\/wp-json\/wp\/v2\/posts\/274452","targetHints":{"allow":["GET"]}}],"collection":[{"href":"https:\/\/www.europesays.com\/fr\/wp-json\/wp\/v2\/posts"}],"about":[{"href":"https:\/\/www.europesays.com\/fr\/wp-json\/wp\/v2\/types\/post"}],"author":[{"embeddable":true,"href":"https:\/\/www.europesays.com\/fr\/wp-json\/wp\/v2\/users\/2"}],"replies":[{"embeddable":true,"href":"https:\/\/www.europesays.com\/fr\/wp-json\/wp\/v2\/comments?post=274452"}],"version-history":[{"count":0,"href":"https:\/\/www.europesays.com\/fr\/wp-json\/wp\/v2\/posts\/274452\/revisions"}],"wp:featuredmedia":[{"embeddable":true,"href":"https:\/\/www.europesays.com\/fr\/wp-json\/wp\/v2\/media\/274453"}],"wp:attachment":[{"href":"https:\/\/www.europesays.com\/fr\/wp-json\/wp\/v2\/media?parent=274452"}],"wp:term":[{"taxonomy":"category","embeddable":true,"href":"https:\/\/www.europesays.com\/fr\/wp-json\/wp\/v2\/categories?post=274452"},{"taxonomy":"post_tag","embeddable":true,"href":"https:\/\/www.europesays.com\/fr\/wp-json\/wp\/v2\/tags?post=274452"}],"curies":[{"name":"wp","href":"https:\/\/api.w.org\/{rel}","templated":true}]}}