{"id":274454,"date":"2025-07-26T05:17:13","date_gmt":"2025-07-26T05:17:13","guid":{"rendered":"https:\/\/www.europesays.com\/fr\/274454\/"},"modified":"2025-07-26T05:17:13","modified_gmt":"2025-07-26T05:17:13","slug":"ces-plages-de-marseille-sont-les-plus-recherchees-de-france-voici-lesquelles","status":"publish","type":"post","link":"https:\/\/www.europesays.com\/fr\/274454\/","title":{"rendered":"Ces plages de Marseille sont les plus recherch\u00e9es de France, voici lesquelles"},"content":{"rendered":"<p>            Par<br \/>\n        <strong><br \/>\n            <a href=\"https:\/\/actu.fr\/auteur\/thomas-blanc\" title=\"Consulter tous les articles de Thomas Blanc\" target=\"_blank\" rel=\"noopener\">Thomas Blanc<\/a><br \/>\n        <\/strong><\/p>\n<p>        Publi\u00e9 le<\/p>\n<p>            26 juil. 2025 \u00e0 7h02        <\/p>\n<p>Chaque \u00e9t\u00e9, les <strong>plages fran\u00e7aises<\/strong> attirent des millions de visiteurs en qu\u00eate d\u2019\u00e9vasion. Alors que les vacances d\u2019\u00e9t\u00e9 ont commenc\u00e9 il y a environ un mois et que la chaleur demeure intense dans de nombreuses r\u00e9gions de France, ils seront tr\u00e8s nombreux \u00e0 choisir les plages de <a href=\"https:\/\/actu.fr\/marseille\/\" target=\"_blank\" rel=\"noopener\">Marseille<\/a> et des <a href=\"https:\/\/actu.fr\/provence-alpes-cote-d-azur\/bouches-du-rhone_13\" target=\"_blank\" rel=\"noopener\">Bouches-du-Rh\u00f4ne<\/a>.<\/p>\n<p class=\" wall-content\">Comment est-il possible de le savoir\u2009? <strong>Une \u00e9tude<\/strong> r\u00e9cente r\u00e9v\u00e8le que les plages du d\u00e9partement sont parmi les plus recherch\u00e9es de France sur internet.<\/p>\n<p>Les Calanques \u00e0 l\u2019honneur<\/p>\n<p class=\" wall-content\">Parmi les dix plages de France <strong>les plus recherch\u00e9es sur internet<\/strong> au cours des douze derniers mois, quatre sont \u00e0 Marseille, selon l\u2019\u00e9tude r\u00e9alis\u00e9e par <a href=\"https:\/\/blog.likibu.com\/fr\/top-plages-francaises\/\" target=\"_blank\" rel=\"noopener\">Likibu.com<\/a>. Juste apr\u00e8s la plage d\u2019<strong>Omaha Beach<\/strong> dans le <a href=\"https:\/\/actu.fr\/14actu\/\" target=\"_blank\" rel=\"noopener\">Calvados<\/a>, qui tr\u00f4ne en t\u00eate du classement pour des raisons historiques \u00e9videntes, c\u2019est le d\u00e9fil\u00e9 des plages du <a href=\"https:\/\/actu.fr\/tag\/parc-des-calanques\" target=\"_blank\" rel=\"noopener\">Parc national des Calanques<\/a>.<\/p>\n<p class=\" wall-content\">La deuxi\u00e8me du classement est la plage de la <strong>Calanque d\u2019En-Vau<\/strong>, situ\u00e9e \u00e0 l\u2019extr\u00eame sud du 9e arrondissement Marseille, dans le quartier de Vaufr\u00e8ges et avant la calanque de Port Pin.<\/p>\n<p class=\" wall-content\">Elle est \u00ab\u2009la plus grandiose [des calanques] de par ses hautes falaises, avec sa belle plage de galets [\u2026] elle est embl\u00e9matique du massif\u2009\u00bb, d\u2019apr\u00e8s l\u2019office de tourisme de la ville de Marseille.<\/p>\n<p>    <img   decoding=\"async\" loading=\"lazy\" src=\"https:\/\/www.europesays.com\/fr\/wp-content\/uploads\/2025\/07\/capture-decran-2025-07-22-173629-1-960x640.png\" alt=\"Vue sur la plage de la calanque d'En-Vau\" width=\"960\" height=\"640\"\/><br \/>\n    Vue sur la plage de la calanque d\u2019En-Vau (\u00a9saOMTCM)<\/p>\n<p class=\" wall-content\">En troisi\u00e8me position de ce classement, une jumelle de la calanque d\u2019En-Vau, la calanque de Sormiou. La plage de la <strong>Calanque de Sormiou<\/strong> est longue de 60\u00a0m\u00e8tres et est constitu\u00e9e de galets et de sable, c\u2019est l\u2019une des rares grandes plages des calanques.<\/p>\n<p>Cassis dans le classement<\/p>\n<p class=\" wall-content\">La plage de la <strong>calanque de Port-Miou<\/strong>, \u00e0 <a href=\"https:\/\/actu.fr\/provence-alpes-cote-d-azur\/cassis_13022\" target=\"_blank\" rel=\"noopener\">Cassis<\/a> cette fois, est la cinqui\u00e8me plage la plus recherch\u00e9e sur internet.<\/p>\n<p class=\" wall-content\">Enfin, la derni\u00e8re plage du top\u00a010 situ\u00e9e sur la commune de Marseille sont plusieurs, ce sont les plages du Prado. Au nombre de six, les plages du <a href=\"https:\/\/actu.fr\/tag\/prado\" target=\"_blank\" rel=\"noopener\">Prado<\/a>, dans le 8e arrondissement, s\u2019\u00e9tendent sur plusieurs kilom\u00e8tres. Elles sont les plus larges de Marseille et accueillent donc beaucoup de monde surtout les week-ends.<\/p>\n<p class=\" wall-content\">La suite de ce classement est compos\u00e9e de plages r\u00e9parties dans toute la France, principalement dans le <a href=\"https:\/\/actu.fr\/var\/\" target=\"_blank\" rel=\"noopener\">Var<\/a> et en <a href=\"https:\/\/actu.fr\/corse\/\" target=\"_blank\" rel=\"noopener\">Corse<\/a>, mais\u00a0aussi sur <a href=\"https:\/\/actu.fr\/nouvelle-aquitaine\/le-porge_33333\/selon-ce-classement-une-seule-plage-en-gironde-figure-parmi-les-50-preferees-en-france_62928569.html\" target=\"_blank\" rel=\"noopener\">la fa\u00e7ade atlantique<\/a> et dans les d\u00e9partements ultramarins comme en <a href=\"https:\/\/actu.fr\/gadeloupe\/guadeloupe_971\" target=\"_blank\" rel=\"noopener\">Guadeloupe<\/a>.<\/p>\n<p class=\" wall-content\">Suivez toute l\u2019actualit\u00e9 de vos villes et m\u00e9dias favoris en vous inscrivant \u00e0 <a href=\"https:\/\/moncompte.actu.fr\" title=\"D\u00e9couvez Mon Actu\" rel=\"nofollow noopener\" data-trk=\"{&quot;cta&quot;:{&quot;action&quot;:&quot;https:\\\/\\\/moncompte.actu.fr&quot;,&quot;category&quot;:&quot;mon compte&quot;,&quot;from&quot;:&quot;article footer&quot;,&quot;name&quot;:&quot;Mon actu&quot;,&quot;type&quot;:&quot;cta&quot;}}\" target=\"_blank\">Mon Actu<\/a>.<\/p>\n","protected":false},"excerpt":{"rendered":"Par Thomas Blanc Publi\u00e9 le 26 juil. 2025 \u00e0 7h02 Chaque \u00e9t\u00e9, les plages fran\u00e7aises attirent des millions&hellip;\n","protected":false},"author":2,"featured_media":260299,"comment_status":"","ping_status":"","sticky":false,"template":"","format":"standard","meta":{"footnotes":""},"categories":[2814],"tags":[1111,11,1777,674,1011,27,884,12,5448,8302,882,25,104,602],"class_list":{"0":"post-274454","1":"post","2":"type-post","3":"status-publish","4":"format-standard","5":"has-post-thumbnail","7":"category-marseille","8":"tag-actu","9":"tag-actualites","10":"tag-eu","11":"tag-europe","12":"tag-fr","13":"tag-france","14":"tag-marseille","15":"tag-news","16":"tag-plage-du-prado","17":"tag-plages","18":"tag-provence-alpes-cote-dazur","19":"tag-republique-francaise","20":"tag-societe","21":"tag-tourisme"},"share_on_mastodon":{"url":"https:\/\/pubeurope.com\/@fr\/114917844180913932","error":""},"_links":{"self":[{"href":"https:\/\/www.europesays.com\/fr\/wp-json\/wp\/v2\/posts\/274454","targetHints":{"allow":["GET"]}}],"collection":[{"href":"https:\/\/www.europesays.com\/fr\/wp-json\/wp\/v2\/posts"}],"about":[{"href":"https:\/\/www.europesays.com\/fr\/wp-json\/wp\/v2\/types\/post"}],"author":[{"embeddable":true,"href":"https:\/\/www.europesays.com\/fr\/wp-json\/wp\/v2\/users\/2"}],"replies":[{"embeddable":true,"href":"https:\/\/www.europesays.com\/fr\/wp-json\/wp\/v2\/comments?post=274454"}],"version-history":[{"count":0,"href":"https:\/\/www.europesays.com\/fr\/wp-json\/wp\/v2\/posts\/274454\/revisions"}],"wp:featuredmedia":[{"embeddable":true,"href":"https:\/\/www.europesays.com\/fr\/wp-json\/wp\/v2\/media\/260299"}],"wp:attachment":[{"href":"https:\/\/www.europesays.com\/fr\/wp-json\/wp\/v2\/media?parent=274454"}],"wp:term":[{"taxonomy":"category","embeddable":true,"href":"https:\/\/www.europesays.com\/fr\/wp-json\/wp\/v2\/categories?post=274454"},{"taxonomy":"post_tag","embeddable":true,"href":"https:\/\/www.europesays.com\/fr\/wp-json\/wp\/v2\/tags?post=274454"}],"curies":[{"name":"wp","href":"https:\/\/api.w.org\/{rel}","templated":true}]}}