{"id":274455,"date":"2025-07-26T05:18:14","date_gmt":"2025-07-26T05:18:14","guid":{"rendered":"https:\/\/www.europesays.com\/fr\/274455\/"},"modified":"2025-07-26T05:18:14","modified_gmt":"2025-07-26T05:18:14","slug":"une-jeune-femme-de-20-ans-entre-la-vie-et-la-mort-apres-un-accident-sur-la50-ce-samedi-matin","status":"publish","type":"post","link":"https:\/\/www.europesays.com\/fr\/274455\/","title":{"rendered":"une jeune femme de 20\u00a0ans entre la vie et la mort apr\u00e8s un accident sur l&rsquo;A50 ce samedi matin"},"content":{"rendered":"<p>Un accident &#8211; impliquant au moins deux v\u00e9hicules &#8211; a eu lieu ce samedi matin vers 5h30. Et ce sur l\u2019A50, dans le secteur de La Pomme et en direction du centre-ville de Marseille. Une jeune femme de 20\u00a0ans a \u00e9t\u00e9 transport\u00e9e par le Samu vers un h\u00f4pital. Inconsciente, son pronostic vital est engag\u00e9. Trois autres personnes sont aussi bless\u00e9es mais apparemment moins gravement.<\/p>\n<p>Deux voies sont coup\u00e9es au trafic de tous les v\u00e9hicules dans cette zone. Les marins-pompiers sont sur place\u00a0: 7 secouristes et cinq v\u00e9hicules. Selon les premiers \u00e9l\u00e9ments, la vitesse est en cause dans cet accident. Les patrouilleurs de la Direction interd\u00e9partementale des routes de M\u00e9diterran\u00e9e (Dirmed) sont aussi sur zone ainsi que les forces de l\u2019ordre.<\/p>\n<p>Le trafic est satur\u00e9 sur pr\u00e8s d\u2019un kilom\u00e8tre dans ce secteur autoroutier.<\/p>\n","protected":false},"excerpt":{"rendered":"Un accident &#8211; impliquant au moins deux v\u00e9hicules &#8211; a eu lieu ce samedi matin vers 5h30. Et&hellip;\n","protected":false},"author":2,"featured_media":274456,"comment_status":"","ping_status":"","sticky":false,"template":"","format":"standard","meta":{"footnotes":""},"categories":[2814],"tags":[6873,17,1111,11,1102,2834,1777,674,1294,1011,27,3913,884,12,882,16,25,96,4717],"class_list":{"0":"post-274455","1":"post","2":"type-post","3":"status-publish","4":"format-standard","5":"has-post-thumbnail","7":"category-marseille","8":"tag-20-ans","9":"tag-17","10":"tag-actu","11":"tag-actualites","12":"tag-breakingnews","13":"tag-entre","14":"tag-eu","15":"tag-europe","16":"tag-femme","17":"tag-fr","18":"tag-france","19":"tag-jeune","20":"tag-marseille","21":"tag-news","22":"tag-provence-alpes-cote-dazur","23":"tag-region","24":"tag-republique-francaise","25":"tag-une","26":"tag-vie"},"share_on_mastodon":{"url":"https:\/\/pubeurope.com\/@fr\/114917848170913739","error":""},"_links":{"self":[{"href":"https:\/\/www.europesays.com\/fr\/wp-json\/wp\/v2\/posts\/274455","targetHints":{"allow":["GET"]}}],"collection":[{"href":"https:\/\/www.europesays.com\/fr\/wp-json\/wp\/v2\/posts"}],"about":[{"href":"https:\/\/www.europesays.com\/fr\/wp-json\/wp\/v2\/types\/post"}],"author":[{"embeddable":true,"href":"https:\/\/www.europesays.com\/fr\/wp-json\/wp\/v2\/users\/2"}],"replies":[{"embeddable":true,"href":"https:\/\/www.europesays.com\/fr\/wp-json\/wp\/v2\/comments?post=274455"}],"version-history":[{"count":0,"href":"https:\/\/www.europesays.com\/fr\/wp-json\/wp\/v2\/posts\/274455\/revisions"}],"wp:featuredmedia":[{"embeddable":true,"href":"https:\/\/www.europesays.com\/fr\/wp-json\/wp\/v2\/media\/274456"}],"wp:attachment":[{"href":"https:\/\/www.europesays.com\/fr\/wp-json\/wp\/v2\/media?parent=274455"}],"wp:term":[{"taxonomy":"category","embeddable":true,"href":"https:\/\/www.europesays.com\/fr\/wp-json\/wp\/v2\/categories?post=274455"},{"taxonomy":"post_tag","embeddable":true,"href":"https:\/\/www.europesays.com\/fr\/wp-json\/wp\/v2\/tags?post=274455"}],"curies":[{"name":"wp","href":"https:\/\/api.w.org\/{rel}","templated":true}]}}