{"id":274457,"date":"2025-07-26T05:19:09","date_gmt":"2025-07-26T05:19:09","guid":{"rendered":"https:\/\/www.europesays.com\/fr\/274457\/"},"modified":"2025-07-26T05:19:09","modified_gmt":"2025-07-26T05:19:09","slug":"ztl-a-lyon-ce-nouveau-sens-interdit-nest-pas-respecte-les-voitures-continuent-de-lemprunter","status":"publish","type":"post","link":"https:\/\/www.europesays.com\/fr\/274457\/","title":{"rendered":"ZTL \u00e0 Lyon. Ce nouveau sens interdit n&rsquo;est pas respect\u00e9, les voitures continuent de l&#8217;emprunter"},"content":{"rendered":"<p>            Par<br \/>\n        <strong><br \/>\n            <a href=\"https:\/\/actu.fr\/auteur\/ludivine-caporal\" title=\"Consulter tous les articles de Ludivine Caporal\" target=\"_blank\" rel=\"noopener\">Ludivine Caporal<\/a><br \/>\n        <\/strong><\/p>\n<p>        Publi\u00e9 le<\/p>\n<p>            26 juil. 2025 \u00e0 7h00        <\/p>\n<p>Il suffit de se poser une quinzaine de minutes \u00e0 l\u2019intersection entre la rue Edouard-Herriot et la rue Tupin, dans le 2\u1d49 arrondissement de <a href=\"https:\/\/actu.fr\/auvergne-rhone-alpes\/lyon_69123\" target=\"_blank\" rel=\"noopener\">Lyon<\/a>, pour observer de nombreux automobilistes <strong>commettre une infraction<\/strong> sans sourciller, \u00e0 savoir s\u2019engager dans un sens interdit.<\/p>\n<p class=\" wall-content\">Si certains h\u00e9sitent et que d\u2019autres tournent bien \u00e0 gauche ou \u00e0 droite, comme il est d\u00e9sormais obligatoire de le faire au milieu de la rue Edouard-Herriot depuis <a href=\"https:\/\/actu.fr\/auvergne-rhone-alpes\/lyon_69123\/ztl-a-lyon-commercants-habitants-et-usagers-des-tcl-agaces-on-ne-tiendra-pas_62869137.html\" target=\"_blank\" rel=\"noopener\">l\u2019instauration de la Zone \u00e0 Trafic Limit\u00e9 (ZTL)<\/a> le 21\u00a0juin dernier, <strong>la plupart ne s\u2019emb\u00eatent pas<\/strong> et empruntent quand m\u00eame cette nouvelle portion interdite aux voitures et r\u00e9serv\u00e9e aux v\u00e9los, aux taxis, aux bus ou encore aux services de secours.<\/p>\n<p>Une petite portion de route concern\u00e9e<\/p>\n<p class=\" wall-content\">Depuis un mois, les r\u00e8gles de circulation en <a href=\"https:\/\/actu.fr\/tag\/presqu-ile\" target=\"_blank\" rel=\"noopener\">Presqu\u2019\u00eele<\/a> ont en effet \u00e9t\u00e9 totalement boulevers\u00e9es, r\u00e9servant par exemple <a href=\"https:\/\/actu.fr\/auvergne-rhone-alpes\/lyon_69123\/ztl-a-lyon-cette-rue-interdite-aux-voitures-provoque-une-incomprehension-totale-la-mairie-reagit_62882896.html\" target=\"_blank\" rel=\"noopener\">la rue Grenette<\/a> aux bus TCL et emp\u00eachant les automobilistes <strong>de la parcourir ou m\u00eame de la traverser \u00e0 cet endroit.<\/strong><\/p>\n<p class=\" wall-content\">Un panneau sens interdit, rue Edouard-Herriot, a ainsi \u00e9t\u00e9 install\u00e9 juste avant l\u2019intersection avec la rue Grenette. Mais force est de constater que celui-ci n\u2019est pas encore respect\u00e9.<\/p>\n<p class=\" wall-content\">\n<p class=\" wall-content\">Il faut dire que la portion concern\u00e9e est plut\u00f4t courte et n\u2019a <strong>pas chang\u00e9 de sens de circulation<\/strong> pour les v\u00e9hicules autoris\u00e9s, ce qui motive sans doute les automobilistes \u00e0 franchir cette ligne rouge sans craindre une amende ou un accident.<\/p>\n<p class=\" wall-content\">D\u2019autant que nous avons constat\u00e9 que la police municipale, qui s\u2019est retrouv\u00e9e pas plus tard que cette semaine au milieu des v\u00e9hicules en infraction sans en faire cas, ne semble pas encore tr\u00e8s \u00e0 cheval sur les sanctions\u2026<\/p>\n<p>\u00ab\u00a0Les r\u00e8gles de s\u00e9curit\u00e9 routi\u00e8re continuent de s\u2019appliquer pleinement\u00a0\u00bb<\/p>\n<p class=\" wall-content\">Interrog\u00e9e, la Ville de Lyon rappelle de son c\u00f4t\u00e9 que la ZTL fait actuellement toujours l\u2019objet d\u2019une \u00ab\u00a0phase d\u2019accompagnement et de p\u00e9dagogie, en particulier \u00e0 destination des ayants droit, afin de faciliter l\u2019appropriation du dispositif par tous les usagers. L\u2019objectif de cette p\u00e9riode transitoire, qui se poursuit <strong>jusqu\u2019en septembre<\/strong>, est de permettre \u00e0 chacun de s\u2019adapter progressivement aux nouvelles r\u00e8gles de circulation\u00a0\u00bb.<\/p>\n<p class=\" wall-content\">\u00ab\u00a0Cela dit, il est important de rappeler que les r\u00e8gles de s\u00e9curit\u00e9 routi\u00e8re continuent de s\u2019appliquer pleinement. Lorsque des automobilistes empruntent des rues en sens interdit ou adoptent des comportements contraires au code de la route, la police municipale intervient et sanctionne, comme le pr\u00e9voit la loi\u00a0\u00bb, affirme-t-elle.<\/p>\n<p class=\" wall-content\">Suivez toute l\u2019actualit\u00e9 de vos villes et m\u00e9dias favoris en vous inscrivant \u00e0 <a href=\"https:\/\/moncompte.actu.fr\" title=\"D\u00e9couvez Mon Actu\" rel=\"nofollow noopener\" data-trk=\"{&quot;cta&quot;:{&quot;action&quot;:&quot;https:\\\/\\\/moncompte.actu.fr&quot;,&quot;category&quot;:&quot;mon compte&quot;,&quot;from&quot;:&quot;article footer&quot;,&quot;name&quot;:&quot;Mon actu&quot;,&quot;type&quot;:&quot;cta&quot;}}\" target=\"_blank\">Mon Actu<\/a>.<\/p>\n<ul class=\"ac-article-tag wall-content\">\n<li><a href=\"https:\/\/actu.fr\/tag\/circulation\" data-trk=\"{&quot;cta&quot;:{&quot;action&quot;:&quot;Circulation&quot;,&quot;category&quot;:&quot;tag&quot;,&quot;from&quot;:&quot;article footer&quot;,&quot;name&quot;:&quot;Circulation&quot;,&quot;type&quot;:&quot;cta&quot;}}\" target=\"_blank\" rel=\"noopener\">#Circulation<\/a><\/li>\n<li><a href=\"https:\/\/actu.fr\/tag\/presqu-ile\" data-trk=\"{&quot;cta&quot;:{&quot;action&quot;:&quot;Presqu\\u2019Ile&quot;,&quot;category&quot;:&quot;tag&quot;,&quot;from&quot;:&quot;article footer&quot;,&quot;name&quot;:&quot;Presqu\\u2019Ile&quot;,&quot;type&quot;:&quot;cta&quot;}}\" target=\"_blank\" rel=\"noopener\">#Presqu\u2019Ile<\/a><\/li>\n<\/ul>\n","protected":false},"excerpt":{"rendered":"Par Ludivine Caporal Publi\u00e9 le 26 juil. 2025 \u00e0 7h00 Il suffit de se poser une quinzaine de&hellip;\n","protected":false},"author":2,"featured_media":274458,"comment_status":"","ping_status":"","sticky":false,"template":"","format":"standard","meta":{"footnotes":""},"categories":[1889],"tags":[1111,11,2430,3542,1777,674,1011,27,2428,12,2809,25,104],"class_list":{"0":"post-274457","1":"post","2":"type-post","3":"status-publish","4":"format-standard","5":"has-post-thumbnail","7":"category-lyon","8":"tag-actu","9":"tag-actualites","10":"tag-auvergne-rhone-alpes","11":"tag-circulation","12":"tag-eu","13":"tag-europe","14":"tag-fr","15":"tag-france","16":"tag-lyon","17":"tag-news","18":"tag-presquile","19":"tag-republique-francaise","20":"tag-societe"},"share_on_mastodon":{"url":"https:\/\/pubeurope.com\/@fr\/114917852079639507","error":""},"_links":{"self":[{"href":"https:\/\/www.europesays.com\/fr\/wp-json\/wp\/v2\/posts\/274457","targetHints":{"allow":["GET"]}}],"collection":[{"href":"https:\/\/www.europesays.com\/fr\/wp-json\/wp\/v2\/posts"}],"about":[{"href":"https:\/\/www.europesays.com\/fr\/wp-json\/wp\/v2\/types\/post"}],"author":[{"embeddable":true,"href":"https:\/\/www.europesays.com\/fr\/wp-json\/wp\/v2\/users\/2"}],"replies":[{"embeddable":true,"href":"https:\/\/www.europesays.com\/fr\/wp-json\/wp\/v2\/comments?post=274457"}],"version-history":[{"count":0,"href":"https:\/\/www.europesays.com\/fr\/wp-json\/wp\/v2\/posts\/274457\/revisions"}],"wp:featuredmedia":[{"embeddable":true,"href":"https:\/\/www.europesays.com\/fr\/wp-json\/wp\/v2\/media\/274458"}],"wp:attachment":[{"href":"https:\/\/www.europesays.com\/fr\/wp-json\/wp\/v2\/media?parent=274457"}],"wp:term":[{"taxonomy":"category","embeddable":true,"href":"https:\/\/www.europesays.com\/fr\/wp-json\/wp\/v2\/categories?post=274457"},{"taxonomy":"post_tag","embeddable":true,"href":"https:\/\/www.europesays.com\/fr\/wp-json\/wp\/v2\/tags?post=274457"}],"curies":[{"name":"wp","href":"https:\/\/api.w.org\/{rel}","templated":true}]}}