{"id":274463,"date":"2025-07-26T05:24:16","date_gmt":"2025-07-26T05:24:16","guid":{"rendered":"https:\/\/www.europesays.com\/fr\/274463\/"},"modified":"2025-07-26T05:24:16","modified_gmt":"2025-07-26T05:24:16","slug":"mbappe-dement-avoir-voulu-etre-le-dernier-porteur-de-la-flamme","status":"publish","type":"post","link":"https:\/\/www.europesays.com\/fr\/274463\/","title":{"rendered":"Mbapp\u00e9 d\u00e9ment avoir voulu \u00eatre le dernier porteur de la flamme"},"content":{"rendered":"<p>Le capitaine de l\u2019\u00e9quipe de France, mis en cause par le Canard Encha\u00een\u00e9 mercredi, a d\u00e9menti vendredi avoir d\u00e9clin\u00e9 l\u2019invitation de Tony Estanguet pour participer \u00e0 la c\u00e9r\u00e9monie d\u2019ouverture des JO de Paris.<\/p>\n<p class=\"fig-paragraph\">Dans son \u00e9dition de mercredi, Le Canard Encha\u00een\u00e9 a avanc\u00e9 que Mbapp\u00e9 avait refus\u00e9 la proposition de Tony Estanguet, le patron de Paris-2024, d\u2019\u00eatre\u00a0<a href=\"https:\/\/www.lefigaro.fr\/sports\/jeux-olympiques\/jo-paris-2024-ces-porteurs-de-la-flamme-celebres-ou-inconnus-a-ne-pas-rater-sur-le-parcours-20240508\" data-fig-type=\"Article\" data-gtm-custom-categorie=\"navigation\" data-gtm-custom-action=\"crossclick\" data-gtm-custom-label=\"Contextuel\" data-gtm-event=\"customEventSPE\" data-fig-domain=\"LEFIGARO\" target=\"_blank\" rel=\"noopener\">le porteur masqu\u00e9 de la flamme olympique<\/a>\u00a0pour la c\u00e9r\u00e9monie d\u2019ouverture des Jeux olympiques. Selon l\u2019hebdomadaire, l\u2019attaquant du Real Madrid l\u2019a d\u00e9clin\u00e9e sous pr\u00e9texte qu\u2019il n\u2019\u00e9tait pas le dernier porteur de la flamme olympique, un r\u00f4le finalement \u00e9chu \u00e0 Teddy Riner et Marie-Jos\u00e9 P\u00e9rec.<\/p>\n<p class=\"fig-paragraph\">\u00abMDR. Vous avez oubli\u00e9 de dire que je voulais aussi \u00eatre le meneur de l&rsquo;\u00e9quipe de France de Basket je pense&#8230;\u00bb a ironis\u00e9 le capitaine des Bleus sur son compte X. \u00abJ&rsquo;\u00e9tais juste au calme en vacances \u00e0 l&rsquo;autre bout du globe. Aucune raison d&rsquo;\u00eatre dernier porteur de flamme vu que je n&rsquo;ai aucune histoire avec les JO\u00bb a-t-il poursuivi.<\/p>\n","protected":false},"excerpt":{"rendered":"Le capitaine de l\u2019\u00e9quipe de France, mis en cause par le Canard Encha\u00een\u00e9 mercredi, a d\u00e9menti vendredi avoir&hellip;\n","protected":false},"author":2,"featured_media":274464,"comment_status":"","ping_status":"","sticky":false,"template":"","format":"standard","meta":{"footnotes":""},"categories":[1888],"tags":[1111,1928,11,1927,1777,674,1011,27,7941,6477,12,1926,626,1925,25,29441],"class_list":{"0":"post-274463","1":"post","2":"type-post","3":"status-publish","4":"format-standard","5":"has-post-thumbnail","7":"category-paris","8":"tag-actu","9":"tag-actu-paris","10":"tag-actualites","11":"tag-actualites-paris","12":"tag-eu","13":"tag-europe","14":"tag-fr","15":"tag-france","16":"tag-jo-paris-2024","17":"tag-kylian-mbappe","18":"tag-news","19":"tag-news-paris","20":"tag-paris","21":"tag-paris-news","22":"tag-republique-francaise","23":"tag-tony-estanguet"},"share_on_mastodon":{"url":"https:\/\/pubeurope.com\/@fr\/114917871737066559","error":""},"_links":{"self":[{"href":"https:\/\/www.europesays.com\/fr\/wp-json\/wp\/v2\/posts\/274463","targetHints":{"allow":["GET"]}}],"collection":[{"href":"https:\/\/www.europesays.com\/fr\/wp-json\/wp\/v2\/posts"}],"about":[{"href":"https:\/\/www.europesays.com\/fr\/wp-json\/wp\/v2\/types\/post"}],"author":[{"embeddable":true,"href":"https:\/\/www.europesays.com\/fr\/wp-json\/wp\/v2\/users\/2"}],"replies":[{"embeddable":true,"href":"https:\/\/www.europesays.com\/fr\/wp-json\/wp\/v2\/comments?post=274463"}],"version-history":[{"count":0,"href":"https:\/\/www.europesays.com\/fr\/wp-json\/wp\/v2\/posts\/274463\/revisions"}],"wp:featuredmedia":[{"embeddable":true,"href":"https:\/\/www.europesays.com\/fr\/wp-json\/wp\/v2\/media\/274464"}],"wp:attachment":[{"href":"https:\/\/www.europesays.com\/fr\/wp-json\/wp\/v2\/media?parent=274463"}],"wp:term":[{"taxonomy":"category","embeddable":true,"href":"https:\/\/www.europesays.com\/fr\/wp-json\/wp\/v2\/categories?post=274463"},{"taxonomy":"post_tag","embeddable":true,"href":"https:\/\/www.europesays.com\/fr\/wp-json\/wp\/v2\/tags?post=274463"}],"curies":[{"name":"wp","href":"https:\/\/api.w.org\/{rel}","templated":true}]}}