{"id":274465,"date":"2025-07-26T05:25:15","date_gmt":"2025-07-26T05:25:15","guid":{"rendered":"https:\/\/www.europesays.com\/fr\/274465\/"},"modified":"2025-07-26T05:25:15","modified_gmt":"2025-07-26T05:25:15","slug":"quand-il-est-epuise-le-cancer-sinvite","status":"publish","type":"post","link":"https:\/\/www.europesays.com\/fr\/274465\/","title":{"rendered":"quand il est \u00e9puis\u00e9, le cancer s\u2019invite"},"content":{"rendered":"<p>            Par<br \/>\n        <strong><br \/>\n            <a href=\"https:\/\/actu.fr\/auteur\/sophie-vincelot-actu-fr\" title=\"Consulter tous les articles de Sophie Vincelot\" target=\"_blank\" rel=\"noopener\">Sophie Vincelot<\/a><br \/>\n        <\/strong><\/p>\n<p>        Publi\u00e9 le<\/p>\n<p>            26 juil. 2025 \u00e0 7h04        <\/p>\n<p>Qui n\u2019a jamais ressenti cette satisfaction\u2009? Celle de revenir de ses vacances et d\u2019afficher un <a href=\"https:\/\/actu.fr\/lifestyle\/bronzage-cinq-questions-reponses-autour-des-gelules-solaires_32431645.html\" target=\"_blank\" rel=\"noopener\">teint h\u00e2l\u00e9<\/a> au bureau\u2009? Pour beaucoup, <strong>le bronzage reste le garant de cong\u00e9s r\u00e9ussis<\/strong>.<\/p>\n<p class=\" wall-content\">Ce changement de carnation de la peau constitue un rituel <a href=\"https:\/\/actu.fr\/societe\" target=\"_blank\" rel=\"noopener\">social<\/a>, nourri depuis plusieurs d\u00e9cennies\u2026 qu\u2019il serait judicieux d\u2019abandonner. Chaque ann\u00e9e, entre 141\u2009200 et 243\u2009500 cas de cancers de la peau sont diagnostiqu\u00e9s en France, selon <a href=\"https:\/\/www.santepubliquefrance.fr\/maladies-et-traumatismes\/cancers\/cancers-de-la-peau\" target=\"_blank\" rel=\"noopener\">Sant\u00e9 publique France<\/a>. Dans <a href=\"https:\/\/actu.fr\/societe\/protegez-vous-du-soleil-les-rayons-uv-causent-plus-de-80-des-cancers-de-la-peau-dans-le-monde_62701084.html\" target=\"_blank\" rel=\"noopener\">plus de 85\u2009% des cas<\/a>, ils sont attribuables \u00e0 une <strong>exposition excessive aux ultraviolets<\/strong> (UV).<\/p>\n<p class=\" wall-content\">Et un terme revient souvent\u2009: celui de <strong>\u00ab\u2009capital soleil\u2009\u00bb<\/strong>. Les campagnes de pr\u00e9vention en parlent r\u00e9guli\u00e8rement et les <a href=\"https:\/\/actu.fr\/societe\/inquiets-les-dermatologues-lancent-l-alerte-sur-la-resine-epoxy-star-des-loisirs-creatifs_62046306.html\" target=\"_blank\" rel=\"noopener\">dermatologues<\/a> rappellent sans cesse le devoir de le pr\u00e9server.<\/p>\n<p>\u00ab\u2009Comme un permis \u00e0 points\u2009\u00bb<\/p>\n<p class=\" wall-content\">Mais de quoi parle-t-on exactement\u2009? Le capital soleil est \u00ab\u2009une forme de repr\u00e9sentation sch\u00e9matique, que l\u2019on pourrait imaginer comme un <strong style=\"font-size: 1.8rem;\">permis \u00e0 points\u2009\u00bb<\/strong>, r\u00e9sume aupr\u00e8s d\u2019actu.fr le Dr Marie-Estelle Roux, dermatologue et membre du <a href=\"https:\/\/www.syndicatdermatos.org\/\" target=\"_blank\" rel=\"noopener\">Syndicat national des dermatologues-v\u00e9n\u00e9r\u00e9ologues<\/a> (SNDV).<\/p>\n<p class=\" wall-content\">Ce quota repr\u00e9sente la <strong>quantit\u00e9 totale d\u2019UV que l\u2019on peut supporter sur toute une vie<\/strong>. Il diff\u00e8re selon sa couleur et nature de peau. Il ne se mesure pas en tant que tel.<\/p>\n<p class=\" wall-content\">N\u00e9anmoins, on peut l\u2019\u00e9valuer selon les <strong>six phototypes <\/strong>de peau, \u00e9tablis dans la classification de Fitzpatrick, rappelle la <a href=\"https:\/\/www.sfdermato.org\/upload\/scores\/fitzaptrick-07c01cd700377584cb403f9135752e97.pdf\" target=\"_blank\" rel=\"noopener\">Soci\u00e9t\u00e9 fran\u00e7aise de dermatologie<\/a>. Cela va d\u2019une peau claire qui ne bronze pas (avec des taches de rousseur et des cheveux blonds ou roux) \u00e0 une peau noire.<\/p>\n<p>Plus la peau est fonc\u00e9e, plus on a de \u00ab\u2009points\u2009\u00bb<\/p>\n<p class=\" wall-content\">La r\u00e8gle g\u00e9n\u00e9rale est que <strong>plus on a la peau fonc\u00e9e, plus on a de \u00ab\u2009points\u2009\u00bb.<\/strong><\/p>\n<blockquote class=\"ac-article-quote wall-content\">\n<p>Nous n&rsquo;avons pas toutes et tous le m\u00eame nombre de points au d\u00e9part et nous ne les perdons pas de la m\u00eame fa\u00e7on. Cela d\u00e9pend aussi de la g\u00e9n\u00e9tique, du mode de vie, mais aussi de son exposition au soleil. Il n&rsquo;y a pas d&rsquo;\u00e9galit\u00e9 et de justice par rapport au capital soleil.<\/p>\n<p>    <strong>Dr Marie-Estelle Roux<\/strong><br \/>\n        Dermatologue et membre du Syndicat national des dermatologues-v\u00e9n\u00e9r\u00e9ologues    <\/p><\/blockquote>\n<p class=\" wall-content\">Surtout, ce \u00ab\u2009r\u00e9servoir\u2009\u00bb <strong>s\u2019\u00e9puise sans jamais se renouveler<\/strong>. En effet, plus on re\u00e7oit d\u2019UV, plus il y a de l\u00e9sions cutan\u00e9es. Les cellules souches et les couches profondes, elles, se d\u00e9truisent en cas de br\u00fblure au soleil.<\/p>\n<p>Pr\u00e9server son capital soleil, \u00e7a commence d\u00e8s l\u2019enfance<\/p>\n<p class=\" wall-content\">D\u2019o\u00f9 l\u2019importance de veiller \u00e0 bien pr\u00e9server son \u00ab\u2009capital soleil\u2009\u00bb. C\u2019est (heureusement) possible de plusieurs mani\u00e8res diff\u00e9rentes et <strong>\u00e7a <\/strong><strong>commence d\u00e8s les premi\u00e8res ann\u00e9es de notre vie<\/strong>.<\/p>\n<p class=\" wall-content\">\u00ab\u2009Les coups de soleil attrap\u00e9s pendant <a href=\"https:\/\/actu.fr\/tag\/enfants\" target=\"_blank\" rel=\"noopener\">l\u2019enfance<\/a> font le nid des m\u00e9lanomes, une fois adulte\u2009\u00bb, reprend Marie-Estelle Roux. Il est donc essentiel de <strong style=\"font-size: 1.8rem;\">prot\u00e9ger les enfants du soleil<\/strong>.<\/p>\n<blockquote class=\"ac-article-quote wall-content\">\n<p>Jusqu&rsquo;\u00e0 12 ans, il faut les pr\u00e9server au maximum et \u00e9viter de sortir quand le soleil est au z\u00e9nith.<\/p>\n<p>    <strong>Dr Marie-Estelle Roux<\/strong><br \/>\n        Dermatologue et membre du Syndicat national des dermatologues-v\u00e9n\u00e9r\u00e9ologues    <\/p><\/blockquote>\n<p>Rester \u00e0 l\u2019ombre, mettre de la cr\u00e8me solaire\u2026<\/p>\n<p class=\" wall-content\">Une r\u00e8gle qui peine encore \u00e0 s\u2019installer dans l\u2019imaginaire collectif. Car, en moyenne, plus de la moiti\u00e9 de notre capital soleil est consomm\u00e9e \u00e0 l\u2019\u00e2ge de 18\u00a0ans.\u00a0C\u2019est pourquoi qu\u2019une fois adulte, cette surveillance doit rester \u00e0 un niveau maximal. \u00ab\u2009D\u00e8s que l\u2019on peut, il vaut mieux <strong>rester \u00e0 l\u2019ombre\u2009\u00bb<\/strong>, expose la dermatologue.<\/p>\n<blockquote class=\"ac-article-quote wall-content\">\n<p>Et d\u00e8s que cela n&rsquo;est pas possible, il faut se prot\u00e9ger avec des v\u00eatements, des casquettes et des lunettes. Et utiliser de la cr\u00e8me quand notre peau est expos\u00e9e.<\/p>\n<p>    <strong>Dr Marie-Estelle Roux<\/strong><br \/>\n        Dermatologue et membre du Syndicat national des dermatologues-v\u00e9n\u00e9r\u00e9ologues    <\/p><\/blockquote>\n<p class=\" wall-content\">Par ailleurs, il ne faut pas oublier que beaucoup de m\u00e9dicaments sont <strong>photosensibilisants<\/strong>. C\u2019est le cas de certains <a href=\"https:\/\/actu.fr\/societe\/on-resiste-de-mieux-en-mieux-aux-antibiotiques-et-ce-n-est-pas-une-bonne-nouvelle-pour-notre-sante_61613936.html\" target=\"_blank\" rel=\"noopener\">antibiotiques<\/a>, antidouleurs et anti-inflammatoires. Ce qui peut provoquer des r\u00e9actions anormales de la peau quand celle-ci est expos\u00e9e au soleil.<\/p>\n<p>Des signes \u00e0 surveiller<\/p>\n<p class=\" wall-content\">Pour les personnes les plus inqui\u00e8tes, plusieurs <strong>indices<\/strong> peuvent indiquer quand notre \u00ab\u2009quota soleil\u2009\u00bb s\u2019appr\u00eate \u00e0 s\u2019\u00e9puiser \u2013 ou qu\u2019il l\u2019est d\u00e9j\u00e0.<\/p>\n<p class=\" wall-content\">\u00ab\u2009On peut observer des <strong>troubles pigmentaires<\/strong>, avec l\u2019apparition de taches fonc\u00e9es ou blanches sur la peau, l\u2019\u00e9paississement de la peau ou encore l\u2019apparition de la couperose [dilatation anormale et permanente de petits vaisseaux sanguins de la peau, NDLR.]\u2009\u00bb, explique Marie-Estelle Roux.<\/p>\n<p class=\" wall-content\">Ensuite, il faut surveiller l\u2019apparition de \u00ab\u2009l\u00e9sions pr\u00e9canc\u00e9reuses, comme les <strong>k\u00e9ratoses solaires<\/strong> ou k\u00e9ratoses actiniques\u2009\u00bb, poursuit la sp\u00e9cialiste. Il s\u2019agit de\u00a0petites cro\u00fbtes rugueuses et inflammatoires, \u00ab\u2009souvent pr\u00e9sentes sur le visage\u2009\u00bb.<\/p>\n<p class=\" wall-content\">Enfin, le dernier stade d\u2019un \u00ab\u2009capital soleil\u2009\u00bb \u00e9puis\u00e9, ce sont les cancers de la peau. \u00ab\u2009\u00c0 savoir <strong>les carcinomes et les m\u00e9lanomes\u2009\u00bb<\/strong>, conclut le Dr Roux.<\/p>\n<p class=\" wall-content\">Un seul conseil pour \u00e9viter d\u2019en arriver \u00e0 de telles extr\u00e9mit\u00e9s\u2009: exposer le moins possible sa peau au soleil. Et tant pis pour le bronzage \u00e0 la rentr\u00e9e.<\/p>\n<p class=\" wall-content\">Suivez toute l\u2019actualit\u00e9 de vos villes et m\u00e9dias favoris en vous inscrivant \u00e0 <a href=\"https:\/\/moncompte.actu.fr\" title=\"D\u00e9couvez Mon Actu\" rel=\"nofollow noopener\" data-trk=\"{&quot;cta&quot;:{&quot;action&quot;:&quot;https:\\\/\\\/moncompte.actu.fr&quot;,&quot;category&quot;:&quot;mon compte&quot;,&quot;from&quot;:&quot;article footer&quot;,&quot;name&quot;:&quot;Mon actu&quot;,&quot;type&quot;:&quot;cta&quot;}}\" target=\"_blank\">Mon Actu<\/a>.<\/p>\n","protected":false},"excerpt":{"rendered":"Par Sophie Vincelot Publi\u00e9 le 26 juil. 2025 \u00e0 7h04 Qui n\u2019a jamais ressenti cette satisfaction\u2009? Celle de&hellip;\n","protected":false},"author":2,"featured_media":274466,"comment_status":"","ping_status":"","sticky":false,"template":"","format":"standard","meta":{"footnotes":""},"categories":[1888],"tags":[11,101,1777,674,1011,27,1305,12,626,25,71,3176],"class_list":{"0":"post-274465","1":"post","2":"type-post","3":"status-publish","4":"format-standard","5":"has-post-thumbnail","7":"category-paris","8":"tag-actualites","9":"tag-cancer","10":"tag-eu","11":"tag-europe","12":"tag-fr","13":"tag-france","14":"tag-lifestyle","15":"tag-news","16":"tag-paris","17":"tag-republique-francaise","18":"tag-sante","19":"tag-vacances-scolaires"},"share_on_mastodon":{"url":"https:\/\/pubeurope.com\/@fr\/114917875617397081","error":""},"_links":{"self":[{"href":"https:\/\/www.europesays.com\/fr\/wp-json\/wp\/v2\/posts\/274465","targetHints":{"allow":["GET"]}}],"collection":[{"href":"https:\/\/www.europesays.com\/fr\/wp-json\/wp\/v2\/posts"}],"about":[{"href":"https:\/\/www.europesays.com\/fr\/wp-json\/wp\/v2\/types\/post"}],"author":[{"embeddable":true,"href":"https:\/\/www.europesays.com\/fr\/wp-json\/wp\/v2\/users\/2"}],"replies":[{"embeddable":true,"href":"https:\/\/www.europesays.com\/fr\/wp-json\/wp\/v2\/comments?post=274465"}],"version-history":[{"count":0,"href":"https:\/\/www.europesays.com\/fr\/wp-json\/wp\/v2\/posts\/274465\/revisions"}],"wp:featuredmedia":[{"embeddable":true,"href":"https:\/\/www.europesays.com\/fr\/wp-json\/wp\/v2\/media\/274466"}],"wp:attachment":[{"href":"https:\/\/www.europesays.com\/fr\/wp-json\/wp\/v2\/media?parent=274465"}],"wp:term":[{"taxonomy":"category","embeddable":true,"href":"https:\/\/www.europesays.com\/fr\/wp-json\/wp\/v2\/categories?post=274465"},{"taxonomy":"post_tag","embeddable":true,"href":"https:\/\/www.europesays.com\/fr\/wp-json\/wp\/v2\/tags?post=274465"}],"curies":[{"name":"wp","href":"https:\/\/api.w.org\/{rel}","templated":true}]}}