{"id":274469,"date":"2025-07-26T05:27:11","date_gmt":"2025-07-26T05:27:11","guid":{"rendered":"https:\/\/www.europesays.com\/fr\/274469\/"},"modified":"2025-07-26T05:27:11","modified_gmt":"2025-07-26T05:27:11","slug":"larmee-russe-est-sur-le-point-de-semparer-de-loblast-de-louhansk","status":"publish","type":"post","link":"https:\/\/www.europesays.com\/fr\/274469\/","title":{"rendered":"L&rsquo;arm\u00e9e russe est sur le point de s&#8217;emparer de l\u2019oblast de Louhansk"},"content":{"rendered":"<dl class=\"post-meta-box flex flex-wrap items-top border-grey-lighter border-b post-meta relative z-20\">&#13;<br \/>\n                                  &#13;<br \/>\n                                  &#13;<br \/>\n                                  &#13;<\/p>\n<dt class=\"inline-block py-1 leading-5 w-1\/5 sm:1\/6 xl:w-3\/10 flex items-top font-sans text-3xs text-grey tracking-wider uppercase border-grey-lighter border-t\">&#13;<br \/>\n                                    Date                                  <\/dt>\n<p>&#13;<\/p>\n<dd class=\"inline-block w-4\/5 sm:5\/6 xl:w-7\/10 pl-1u lg:pl-0 flex-grow  py-1 font-sans text-xs leading-5 border-grey-lighter border-t\">&#13;<br \/>\n                                    26 juillet 2025&#13;\n                                  <\/dd>\n<p>&#13;\n                                <\/dl>\n<p>                                      &#13;<br \/>\n        &#13;<br \/>\n            &#13;<br \/>\n        &#13;<br \/>\n        &#13;<br \/>\n            &#13;<br \/>\n            &#13;<br \/>\n        &#13;<br \/>\n        Ajouter&#13;<br \/>\n        Article ajout\u00e9&#13;<\/p>\n<p>    &#13;<br \/>\n        T\u00e9l\u00e9charger le PDF&#13;<br \/>\n        &#13;<br \/>\n            &#13;<br \/>\n            &#13;<br \/>\n            &#13;<br \/>\n        &#13;<br \/>\n&#13;<br \/>\n&#13;<\/p>\n<dl class=\"post-meta-box flex flex-wrap items-top border-grey-lighter border-b post-meta relative z-20 mt-4\">&#13;<\/p>\n<dt class=\"partager inline-block py-1 leading-5 w-1\/5 sm:1\/6 xl:w-3\/10 flex items-top font-sans text-3xs text-grey tracking-wider uppercase border-grey-lighter border-t\">&#13;<br \/>\n                                    Partager                                  <\/dt>\n<p>&#13;<\/p>\n<dd class=\"partager inline-block w-4\/5 sm:5\/6 xl:w-7\/10 pl-1u lg:pl-0 flex-grow  py-1 font-sans text-xs leading-5 border-grey-lighter border-t\">&#13;<br \/>\n                                    <a target=\"_blank\" data-social=\"twitter\" class=\"text-red no-underline inline-block w-4 h-4 mr-2\" href=\"https:\/\/twitter.com\/intent\/tweet\/?text=L%E2%80%99arm%C3%A9e+russe+est+sur+le+point+de+s%E2%80%99emparer+enti%C3%A8rement+de+l%E2%80%99oblast+de+Louhansk&amp;url=https%3A%2F%2Flegrandcontinent.eu%2Ffr%2F2025%2F07%2F26%2Flarmee-russe-est-sur-le-point-de-semparer-entierement-de-loblast-de-louhansk%2F\" rel=\"nofollow noopener\">&#13;<br \/>\n                                        &#13;<br \/>\n                                      <\/a>&#13;<br \/>\n                                    <a target=\"_blank\" data-social=\"facebook\" class=\"text-red no-underline inline-block w-4 h-4 mr-2\" href=\"https:\/\/facebook.com\/sharer\/sharer.php?u=https%3A%2F%2Flegrandcontinent.eu%2Ffr%2F2025%2F07%2F26%2Flarmee-russe-est-sur-le-point-de-semparer-entierement-de-loblast-de-louhansk%2F\" rel=\"nofollow noopener\">&#13;<br \/>\n                                        &#13;<br \/>\n                                      <\/a>&#13;<br \/>\n                                    <a target=\"_blank\" data-social=\"linkedin\" class=\"text-red no-underline inline-block w-4 h-4 mr-2\" href=\"https:\/\/www.linkedin.com\/shareArticle?title=L%E2%80%99arm%C3%A9e+russe+est+sur+le+point+de+s%E2%80%99emparer+enti%C3%A8rement+de+l%E2%80%99oblast+de+Louhansk&amp;url=https%3A%2F%2Flegrandcontinent.eu%2Ffr%2F2025%2F07%2F26%2Flarmee-russe-est-sur-le-point-de-semparer-entierement-de-loblast-de-louhansk%2F\" rel=\"nofollow noopener\">&#13;<br \/>\n                                        &#13;<br \/>\n                                      <\/a>&#13;<br \/>\n&#13;<br \/>\n&#13;\n                                  <\/dd>\n<p>&#13;<br \/>\n                                  &#13;\n                                <\/dl>\n<p>Le 24 juillet 2025, les forces ukrainiennes ne contr\u00f4laient plus que 35 km\u00b2 \u00e0 l\u2019int\u00e9rieur des fronti\u00e8res administratives de la r\u00e9gion de Louhansk, dans le sud-est du pays. Si la Russie parvenait \u00e0 prendre le contr\u00f4le de la totalit\u00e9 de la r\u00e9gion, ce qui semble tr\u00e8s probable \u00e0 court terme compte tenu du rythme de progression de son arm\u00e9e, il s\u2019agirait de la deuxi\u00e8me r\u00e9gion ukrainienne \u00e0 tomber enti\u00e8rement entre ses mains depuis 2014, apr\u00e8s l\u2019annexion de la Crim\u00e9e.<\/p>\n<p>La capture des r\u00e9gions de Donetsk et de Louhansk, qui forment le Donbass, constitue le principal objectif de guerre du Kremlin en Ukraine.<\/p>\n<ul class=\"wp-block-list\">\n<li>Moscou s\u2019\u00e9tait rapproch\u00e9 de la capture de Louhansk \u00e0 l\u2019\u00e9t\u00e9 2022, quelques mois apr\u00e8s le lancement de l\u2019invasion \u00e0 grande \u00e9chelle, mais les forces ukrainiennes y avaient repris des positions lors de la contre-offensive de Kharkiv \u00e0 l\u2019automne.<\/li>\n<li>Le chef de la r\u00e9publique populaire de Louhansk \u2014\u00a0une organisation non-reconnue cr\u00e9\u00e9e par la Russie en 2014 \u2014 Leonid Passetchnik, avait affirm\u00e9 \u00e0 la fin du mois de juin 2025 que le territoire de l\u2019oblast avait \u00ab\u00a0\u00e9t\u00e9 enti\u00e8rement lib\u00e9r\u00e9, \u00e0 100\u00a0%\u00a0\u00bb\u00a0.<\/li>\n<li>Kiev maintient toutefois des positions dans deux \u00ab\u00a0poches\u00a0\u00bb situ\u00e9es \u00e0 l\u2019est des villages de Borova et de Yampil, dans les oblasts frontaliers de Kharkiv et de Donetsk.<\/li>\n<\/ul>\n<p>Louhansk fait partie des quatre r\u00e9gions \u2014 aux c\u00f4t\u00e9s de Donetsk, Zaporijia et Kherson \u2014 <a href=\"https:\/\/legrandcontinent.eu\/fr\/2022\/09\/29\/demain-la-russie-officialisera-lannexion-de-quatre-regions-ukrainiennes\/\" rel=\"nofollow noopener\" target=\"_blank\">dont \u00ab\u00a0l\u2019annexion\u00a0\u00bb avait \u00e9t\u00e9 annonc\u00e9e par Moscou<\/a> en septembre 2022, suite \u00e0 des r\u00e9f\u00e9rendums non-reconnus par Kiev et la communaut\u00e9 internationale. Apr\u00e8s plus de trois ann\u00e9es de guerre, la Russie n\u2019exerce toujours aucun contr\u00f4le sur ces oblasts dans leur totalit\u00e9.<\/p>\n<ul class=\"wp-block-list\">\n<li>L\u2019arm\u00e9e russe contr\u00f4le actuellement 77\u00a0% de l\u2019oblast de Donetsk, 74\u00a0% de l\u2019oblast de Zaporijia et 73\u00a0% de l\u2019oblast de Kherson, selon une analyse g\u00e9ospatiale men\u00e9e par la revue \u00e0 partir des donn\u00e9es vectorielles produites par l\u2019Institute for the Study of War.<\/li>\n<li>Moscou a toutefois \u00e9tendu son offensive \u00e0 d\u2019autres r\u00e9gions de l\u2019Ukraine qui n\u2019\u00e9taient pas concern\u00e9es par \u00ab\u00a0l\u2019annexion\u00a0\u00bb annonc\u00e9e par Poutine\u00a0: Kharkiv (4,95\u00a0% contr\u00f4l\u00e9 par l\u2019arm\u00e9e russe), Soumy (0,12\u00a0%) et Tchernihiv (0,06\u00a0%), dans le nord de l\u2019Ukraine.<\/li>\n<li>Depuis quelques semaines, <a href=\"https:\/\/legrandcontinent.eu\/fr\/2025\/06\/10\/la-russie-etend-son-offensive-a-la-region-de-dnipropetrovsk-pour-la-premiere-fois-depuis-2022\/\" rel=\"nofollow noopener\" target=\"_blank\">la Russie a \u00e9galement p\u00e9n\u00e9tr\u00e9 dans l\u2019oblast de Dnipropetrovsk<\/a> (0,07\u00a0%), jusqu\u2019\u00e0 pr\u00e9sent relativement \u00e9pargn\u00e9e par la guerre, autour du village d\u2019Horikhove.<\/li>\n<\/ul>\n<p>Si la capture de l\u2019oblast de Louhansk serait \u00e9rig\u00e9e en victoire majeure par Moscou, c\u2019est principalement dans la r\u00e9gion voisine de Donetsk que la progression russe pose un r\u00e9el danger pour le front ukrainien. Les forces russes <a href=\"https:\/\/legrandcontinent.eu\/fr\/2025\/07\/15\/autour-de-pokrovsk-letau-russe-se-resserre\/\" rel=\"nofollow noopener\" target=\"_blank\">avancent rapidement au nord-est de Pokrovsk<\/a> depuis quelques semaines, mena\u00e7ant s\u00e9rieusement la ville d\u2019encerclement.<\/p>\n<ul class=\"wp-block-list\">\n<li>Si les forces russes parvenaient \u00e0 couper l\u2019acc\u00e8s \u00e0 la route \u0422-05-15, qui relie Pokrovsk \u00e0 Dobropillia, 20 kilom\u00e8tres au nord, le commandement ukrainien pourrait \u00eatre contraint d\u2019envisager s\u00e9rieusement l\u2019\u00e9vacuation de Pokrovsk, n\u0153ud logistique vital attaqu\u00e9 depuis plus d\u2019un an.<\/li>\n<li>Une telle victoire, bien qu\u2019elle semble encore lointaine, serait susceptible de fragiliser la d\u00e9fense ukrainienne autour des autres bastions de la r\u00e9gion\u00a0: Kostiantynivka, Droujkivka, Kramatorsk et \u00e9galement Sloviansk.<\/li>\n<\/ul>\n<p>                          <script async src=\"https:\/\/platform.twitter.com\/widgets.js\" charset=\"utf-8\"><\/script><\/p>\n","protected":false},"excerpt":{"rendered":"&#13; &#13; &#13; &#13; &#13; Date &#13; &#13; 26 juillet 2025&#13; &#13; &#13; &#13; &#13; &#13; &#13; &#13;&hellip;\n","protected":false},"author":2,"featured_media":274470,"comment_status":"","ping_status":"","sticky":false,"template":"","format":"standard","meta":{"footnotes":""},"categories":[1591],"tags":[11,1887,12,1885,1886,132],"class_list":{"0":"post-274469","1":"post","2":"type-post","3":"status-publish","4":"format-standard","5":"has-post-thumbnail","7":"category-russie","8":"tag-actualites","9":"tag-federation-de-russie","10":"tag-news","11":"tag-russia","12":"tag-russian-federation","13":"tag-russie"},"share_on_mastodon":{"url":"https:\/\/pubeurope.com\/@fr\/114917883508960670","error":""},"_links":{"self":[{"href":"https:\/\/www.europesays.com\/fr\/wp-json\/wp\/v2\/posts\/274469","targetHints":{"allow":["GET"]}}],"collection":[{"href":"https:\/\/www.europesays.com\/fr\/wp-json\/wp\/v2\/posts"}],"about":[{"href":"https:\/\/www.europesays.com\/fr\/wp-json\/wp\/v2\/types\/post"}],"author":[{"embeddable":true,"href":"https:\/\/www.europesays.com\/fr\/wp-json\/wp\/v2\/users\/2"}],"replies":[{"embeddable":true,"href":"https:\/\/www.europesays.com\/fr\/wp-json\/wp\/v2\/comments?post=274469"}],"version-history":[{"count":0,"href":"https:\/\/www.europesays.com\/fr\/wp-json\/wp\/v2\/posts\/274469\/revisions"}],"wp:featuredmedia":[{"embeddable":true,"href":"https:\/\/www.europesays.com\/fr\/wp-json\/wp\/v2\/media\/274470"}],"wp:attachment":[{"href":"https:\/\/www.europesays.com\/fr\/wp-json\/wp\/v2\/media?parent=274469"}],"wp:term":[{"taxonomy":"category","embeddable":true,"href":"https:\/\/www.europesays.com\/fr\/wp-json\/wp\/v2\/categories?post=274469"},{"taxonomy":"post_tag","embeddable":true,"href":"https:\/\/www.europesays.com\/fr\/wp-json\/wp\/v2\/tags?post=274469"}],"curies":[{"name":"wp","href":"https:\/\/api.w.org\/{rel}","templated":true}]}}