{"id":27447,"date":"2025-04-15T20:04:49","date_gmt":"2025-04-15T20:04:49","guid":{"rendered":"https:\/\/www.europesays.com\/fr\/27447\/"},"modified":"2025-04-15T20:04:49","modified_gmt":"2025-04-15T20:04:49","slug":"fleville-devant-nancy-le-conseil-municipal-a-vote-le-budget-2025","status":"publish","type":"post","link":"https:\/\/www.europesays.com\/fr\/27447\/","title":{"rendered":"Fl\u00e9ville-devant-Nancy. Le conseil municipal a vot\u00e9 le budget 2025"},"content":{"rendered":"<p>R\u00e9uni le 11\u00a0avril, le conseil municipal de Fl\u00e9ville a valid\u00e9 le compte de gestion 2024, qui fait \u00e9tat d\u2019une d\u00e9pense d\u2019investissement de 152\u00a0255,78\u00a0\u20ac et de recettes de fonctionnement \u00e0 hauteur de 641\u00a0406,63\u00a0\u20ac. Le r\u00e9sultat exc\u00e9dentaire s\u2019\u00e9l\u00e8ve \u00e0 489\u00a0150,85\u00a0\u20ac. D\u00e9duites des \u00e9ch\u00e9ances d\u2019emprunt, ces donn\u00e9es traduisent une capacit\u00e9 d\u2019autofinancement pour la commune de 453\u00a0395,34\u00a0\u20ac pour l\u2019ann\u00e9e 2025.<\/p>\n<p>Concernant la cellule commerciale, le r\u00e9sultat 2024 est de 11\u00a0112,28\u00a0\u20ac.<\/p>\n<p>Taux d\u2019imposition maintenus<\/p>\n<p>Les taux d\u2019imposition pour 2025 restent inchang\u00e9s. La taxe fonci\u00e8re sur les propri\u00e9t\u00e9s b\u00e2ties est fix\u00e9e \u00e0 27,71\u00a0%, r\u00e9partie entre une part d\u00e9partementale de 17,24\u00a0% et&#8230;<\/p>\n","protected":false},"excerpt":{"rendered":"R\u00e9uni le 11\u00a0avril, le conseil municipal de Fl\u00e9ville a valid\u00e9 le compte de gestion 2024, qui fait \u00e9tat&hellip;\n","protected":false},"author":2,"featured_media":27448,"comment_status":"","ping_status":"","sticky":false,"template":"","format":"standard","meta":{"footnotes":""},"categories":[9635],"tags":[1111,11,1984,1704,1777,674,9650,1011,27,775,9649,1702,12,316,25],"class_list":{"0":"post-27447","1":"post","2":"type-post","3":"status-publish","4":"format-standard","5":"has-post-thumbnail","7":"category-nancy","8":"tag-actu","9":"tag-actualites","10":"tag-conseil-municipal","11":"tag-edition-nancy-et-agglomeration","12":"tag-eu","13":"tag-europe","14":"tag-fleville-devant-nancy","15":"tag-fr","16":"tag-france","17":"tag-grand-est","18":"tag-metropole-du-grand-nancy-54b2","19":"tag-nancy","20":"tag-news","21":"tag-politique","22":"tag-republique-francaise"},"share_on_mastodon":{"url":"https:\/\/pubeurope.com\/@fr\/114343780212508127","error":""},"_links":{"self":[{"href":"https:\/\/www.europesays.com\/fr\/wp-json\/wp\/v2\/posts\/27447","targetHints":{"allow":["GET"]}}],"collection":[{"href":"https:\/\/www.europesays.com\/fr\/wp-json\/wp\/v2\/posts"}],"about":[{"href":"https:\/\/www.europesays.com\/fr\/wp-json\/wp\/v2\/types\/post"}],"author":[{"embeddable":true,"href":"https:\/\/www.europesays.com\/fr\/wp-json\/wp\/v2\/users\/2"}],"replies":[{"embeddable":true,"href":"https:\/\/www.europesays.com\/fr\/wp-json\/wp\/v2\/comments?post=27447"}],"version-history":[{"count":0,"href":"https:\/\/www.europesays.com\/fr\/wp-json\/wp\/v2\/posts\/27447\/revisions"}],"wp:featuredmedia":[{"embeddable":true,"href":"https:\/\/www.europesays.com\/fr\/wp-json\/wp\/v2\/media\/27448"}],"wp:attachment":[{"href":"https:\/\/www.europesays.com\/fr\/wp-json\/wp\/v2\/media?parent=27447"}],"wp:term":[{"taxonomy":"category","embeddable":true,"href":"https:\/\/www.europesays.com\/fr\/wp-json\/wp\/v2\/categories?post=27447"},{"taxonomy":"post_tag","embeddable":true,"href":"https:\/\/www.europesays.com\/fr\/wp-json\/wp\/v2\/tags?post=27447"}],"curies":[{"name":"wp","href":"https:\/\/api.w.org\/{rel}","templated":true}]}}