{"id":274475,"date":"2025-07-26T05:30:15","date_gmt":"2025-07-26T05:30:15","guid":{"rendered":"https:\/\/www.europesays.com\/fr\/274475\/"},"modified":"2025-07-26T05:30:15","modified_gmt":"2025-07-26T05:30:15","slug":"au-royaume-uni-des-milliers-de-jeunes-medecins-en-greve-dans-les-hopitaux","status":"publish","type":"post","link":"https:\/\/www.europesays.com\/fr\/274475\/","title":{"rendered":"Au Royaume-Uni, des milliers de jeunes m\u00e9decins en gr\u00e8ve dans les h\u00f4pitaux"},"content":{"rendered":"<p>Les m\u00e9decins r\u00e9clament une augmentation de 4,50 euros de l\u2019heure. Le premier ministre Keir Starmer d\u00e9plore une gr\u00e8ve qui aura \u00abun \u00e9norme impact\u00bb sur le syst\u00e8me de sant\u00e9.<\/p>\n<p class=\"fig-paragraph\">Des milliers de jeunes m\u00e9decins travaillant dans les\u00a0<a href=\"http:\/\/www.lefigaro.fr\/social\/hopitaux-publics-deficit-record-en-2024-selon-l-administration-20250724\" target=\"_blank\" data-fig-type=\"NewsFlash\" rel=\"noopener\" data-gtm-custom-categorie=\"navigation\" data-gtm-custom-action=\"crossclick\" data-gtm-custom-label=\"Contextuel\" data-gtm-event=\"customEventSPE\" data-fig-domain=\"LEFIGARO\">h\u00f4pitaux<\/a>\u00a0en Angleterre ont d\u00e9but\u00e9 ce vendredi 25 juillet une gr\u00e8ve de cinq jours apr\u00e8s l&rsquo;\u00e9chec de leurs n\u00e9gociations pour une revalorisation salariale avec le gouvernement travailliste de Keir Starmer. Les d\u00e9brayages, qui ont commenc\u00e9 \u00e0 7 heures, heure locale, vont entra\u00eener de nombreuses annulations de rendez-vous dans un syst\u00e8me de sant\u00e9 public, le NHS,\u00a0<a href=\"http:\/\/www.lefigaro.fr\/international\/le-royaume-uni-face-a-l-effondrement-de-son-systeme-de-sante-20250605\" data-fig-type=\"Article\" data-gtm-custom-categorie=\"navigation\" data-gtm-custom-action=\"crossclick\" data-gtm-custom-label=\"Contextuel\" data-gtm-event=\"customEventSPE\" data-fig-domain=\"LEFIGARO\" target=\"_blank\" rel=\"noopener\">d\u00e9j\u00e0 plong\u00e9 dans une profonde crise avec de gigantesques listes d&rsquo;attente<\/a>\u00a0et une h\u00e9morragie de professionnels.<\/p>\n<p class=\"fig-paragraph\">Leur syndicat, la British Medical Association (BMA), avait donn\u00e9 d\u00e9but juillet au gouvernement deux semaines pour s&rsquo;asseoir \u00e0 la table des n\u00e9gociations afin de trouver un accord. Ces m\u00eames m\u00e9decins avaient obtenu en septembre, apr\u00e8s une s\u00e9rie de gr\u00e8ves, une augmentation de salaire de 22,3% sur deux ans de la part du gouvernement travailliste, arriv\u00e9 au pouvoir deux mois plus t\u00f4t. En acceptant l&rsquo;offre du gouvernement en septembre, la BMA avait affirm\u00e9 que les salaires des m\u00e9decins accusaient \u00abun retard de 20,8% en termes r\u00e9els par rapport \u00e0 2008\u00bb.<\/p>\n<p>                                    <a class=\"fig-a11y-skip a11y-hidden\" href=\"#fig-a11y-skip-main-inarticle\"><br \/>\n        Passer la publicit\u00e9<br \/>\n    <\/a><\/p>\n<p>Un \u00ab\u00e9norme impact\u00bb attendu<\/p>\n<p class=\"fig-paragraph\">Le syndicat r\u00e9clame une revalorisation suppl\u00e9mentaire de 4 livres par heure (soit 4,50 euros). Dans une tribune publi\u00e9e jeudi soir sur le site du Times, le premier ministre Keir Starmer a exhort\u00e9 ces jeunes m\u00e9decins \u00e0 ne pas suivre la \u00abvoie dommageable\u00bb de la gr\u00e8ve, estimant qu&rsquo;elle \u00abaura un \u00e9norme impact\u00bb sur le syst\u00e8me de sant\u00e9 public. Il accuse aussi la BMA d&rsquo;avoir \u00abpr\u00e9cipit\u00e9\u00bb la gr\u00e8ve, affirmant qu&rsquo;elle est \u00abinjuste\u00bb pour les patients. Dans un autre quotidien, le Telegraph, le ministre de la Sant\u00e9 Wes Streeting a \u00e9galement attaqu\u00e9 ce syndicat, l&rsquo;accusant de ne pas avoir n\u00e9goci\u00e9 \u00abde bonne foi\u00bb.<\/p>\n<p class=\"fig-paragraph\">Des propos battus en br\u00e8che par la BMA. Selon elle, le gouvernement avait toutes les cartes en main pour emp\u00eacher la gr\u00e8ve. \u00abNous ne valons pas moins qu&rsquo;il y a 17 ans\u00bb, ont d\u00e9clar\u00e9 les copr\u00e9sidents du syndicat dans un communiqu\u00e9. En janvier 2024, ces m\u00e9decins, similaires aux internes en France, avaient observ\u00e9 en janvier leur plus longue gr\u00e8ve de l&rsquo;histoire du NHS, avec six jours cons\u00e9cutifs de d\u00e9brayage.<\/p>\n","protected":false},"excerpt":{"rendered":"Les m\u00e9decins r\u00e9clament une augmentation de 4,50 euros de l\u2019heure. Le premier ministre Keir Starmer d\u00e9plore une gr\u00e8ve&hellip;\n","protected":false},"author":2,"featured_media":274476,"comment_status":"","ping_status":"","sticky":false,"template":"","format":"standard","meta":{"footnotes":""},"categories":[1588],"tags":[11,4708,1777,674,6151,2673,12,473,1853,1851,1850,1852],"class_list":{"0":"post-274475","1":"post","2":"type-post","3":"status-publish","4":"format-standard","5":"has-post-thumbnail","7":"category-royaume-uni","8":"tag-actualites","9":"tag-angleterre","10":"tag-eu","11":"tag-europe","12":"tag-greve","13":"tag-medecins","14":"tag-news","15":"tag-royaume-uni","16":"tag-royaume-uni-de-grande-bretagne-et-dirlande-du-nord","17":"tag-uk","18":"tag-united-kingdom","19":"tag-united-kingdom-of-great-britain-and-northern-ireland"},"share_on_mastodon":{"url":"https:\/\/pubeurope.com\/@fr\/114917895620988946","error":""},"_links":{"self":[{"href":"https:\/\/www.europesays.com\/fr\/wp-json\/wp\/v2\/posts\/274475","targetHints":{"allow":["GET"]}}],"collection":[{"href":"https:\/\/www.europesays.com\/fr\/wp-json\/wp\/v2\/posts"}],"about":[{"href":"https:\/\/www.europesays.com\/fr\/wp-json\/wp\/v2\/types\/post"}],"author":[{"embeddable":true,"href":"https:\/\/www.europesays.com\/fr\/wp-json\/wp\/v2\/users\/2"}],"replies":[{"embeddable":true,"href":"https:\/\/www.europesays.com\/fr\/wp-json\/wp\/v2\/comments?post=274475"}],"version-history":[{"count":0,"href":"https:\/\/www.europesays.com\/fr\/wp-json\/wp\/v2\/posts\/274475\/revisions"}],"wp:featuredmedia":[{"embeddable":true,"href":"https:\/\/www.europesays.com\/fr\/wp-json\/wp\/v2\/media\/274476"}],"wp:attachment":[{"href":"https:\/\/www.europesays.com\/fr\/wp-json\/wp\/v2\/media?parent=274475"}],"wp:term":[{"taxonomy":"category","embeddable":true,"href":"https:\/\/www.europesays.com\/fr\/wp-json\/wp\/v2\/categories?post=274475"},{"taxonomy":"post_tag","embeddable":true,"href":"https:\/\/www.europesays.com\/fr\/wp-json\/wp\/v2\/tags?post=274475"}],"curies":[{"name":"wp","href":"https:\/\/api.w.org\/{rel}","templated":true}]}}