{"id":274477,"date":"2025-07-26T05:31:16","date_gmt":"2025-07-26T05:31:16","guid":{"rendered":"https:\/\/www.europesays.com\/fr\/274477\/"},"modified":"2025-07-26T05:31:16","modified_gmt":"2025-07-26T05:31:16","slug":"lallemagne-suspend-ses-visas-humanitaires-pour-les-refugies","status":"publish","type":"post","link":"https:\/\/www.europesays.com\/fr\/274477\/","title":{"rendered":"L&rsquo;Allemagne suspend ses visas humanitaires pour les r\u00e9fugi\u00e9s"},"content":{"rendered":"<p>\n<strong>BERLIN \u2013 Le gouvernement conservateur de Friedrich Merz poursuit le durcissement de sa politique migratoire.\u00a0<\/strong>\n<\/p>\n<p>\nJusqu\u2019alors, l&rsquo;Allemagne accordait occasionnellement un nombre fixe de visas humanitaires \u00e0 des personnes en situation de danger, telles que des dissidents russes ou des r\u00e9fugi\u00e9s syriens install\u00e9s en Turquie.\n<\/p>\n<p>\nToutes ces proc\u00e9dures ont d\u00e9sormais \u00e9t\u00e9 suspendues et seront d\u00e9finitivement supprim\u00e9es d\u00e8s que possible, conform\u00e9ment \u00e0 l&rsquo;accord de coalition gouvernementale, a d\u00e9clar\u00e9 un porte-parole du minist\u00e8re de l&rsquo;Int\u00e9rieur, selon Table.Briefings.\n<\/p>\n<p>\nCette suspension fait suite \u00e0 une controverse sur un programme d&rsquo;admission destin\u00e9 aux Afghans menac\u00e9s par le r\u00e9gime des Taliban. Ce programme a permis de reloger plus de 45 000 personnes en Allemagne, dont d&rsquo;anciens employ\u00e9s locaux des forces arm\u00e9es allemandes.\n<\/p>\n<p>\nAu d\u00e9but de l&rsquo;ann\u00e9e, des m\u00e9dias <a href=\"https:\/\/www.bild.de\/politik\/ausland-und-internationales\/nur-2-von-157-sind-ortskraefte-am-mittwoch-landet-der-naechste-afghanen-flieger-67c422e55dedc57b1ae9aa93\" rel=\"nofollow noopener\" target=\"_blank\">avaient soulign\u00e9<\/a> que les contr\u00f4les de ces nouveaux arrivants \u00e9taient insuffisants, et des doutes avaient plan\u00e9 sur l\u2019identit\u00e9 r\u00e9elle de certains Afghans. Le gouvernement de l&rsquo;\u00e9poque, dirig\u00e9 par Olaf Scholz, avait r\u00e9torqu\u00e9 que tous les migrants avaient bien \u00e9t\u00e9 contr\u00f4l\u00e9s.\n<\/p>\n<p>\nDans la cadre du durcissement de la politique migratoire allemande, le nouveau gouvernement conservateur a suspendu tous ses engagements ult\u00e9rieurs en mati\u00e8re de visas, laissant quelque 2300 personnes qui se pr\u00e9paraient \u00e0 rejoindre l&rsquo;Allemagne <a href=\"https:\/\/www.reuters.com\/world\/asia-pacific\/afghan-refugees-stuck-pakistan-germany-halts-entry-programme-2025-07-03\/\" rel=\"nofollow noopener\" target=\"_blank\">bloqu\u00e9es<\/a> au Pakistan.\n<\/p>\n<p>\nCette d\u00e9cision a toutefois \u00e9t\u00e9 entach\u00e9e de difficult\u00e9s juridiques. Au d\u00e9but du mois, un tribunal administratif de Berlin <a href=\"https:\/\/www.reuters.com\/world\/asia-pacific\/germany-must-honour-visa-obligations-afghan-refugees-rules-court-2025-07-08\/\" rel=\"nofollow noopener\" target=\"_blank\">a statu\u00e9<\/a> que l&rsquo;Allemagne devait autoriser le passage en toute s\u00e9curit\u00e9 si un engagement juridique avait \u00e9t\u00e9 pris pr\u00e9c\u00e9demment, en se r\u00e9f\u00e9rant sp\u00e9cifiquement au cas d&rsquo;une famille afghane.\n<\/p>\n<p>\nAu cours des quatre derni\u00e8res ann\u00e9es, la plupart des visas humanitaires accord\u00e9s par l&rsquo;Allemagne l&rsquo;ont \u00e9t\u00e9 \u00e0 des Afghans, devant les Syriens et les Russes, selon Table.Briefings, qui <a href=\"https:\/\/table.media\/berlin\/news\/humanitaere-visa-dobrindts-entscheidung-trifft-erstmal-auch-exil-russen\" rel=\"nofollow noopener\" target=\"_blank\">cite<\/a> des donn\u00e9es du minist\u00e8re allemand des Affaires \u00e9trang\u00e8res. Le nombre total d&rsquo;admissions a diminu\u00e9, passant de 23 000 en 2022 \u00e0 10 500 l&rsquo;ann\u00e9e derni\u00e8re.<\/p>\n","protected":false},"excerpt":{"rendered":"BERLIN \u2013 Le gouvernement conservateur de Friedrich Merz poursuit le durcissement de sa politique migratoire.\u00a0 Jusqu\u2019alors, l&rsquo;Allemagne accordait&hellip;\n","protected":false},"author":2,"featured_media":274478,"comment_status":"","ping_status":"","sticky":false,"template":"","format":"standard","meta":{"footnotes":""},"categories":[1587],"tags":[11,672,1804,1805,1803,1777,674,1801,12,1802],"class_list":{"0":"post-274477","1":"post","2":"type-post","3":"status-publish","4":"format-standard","5":"has-post-thumbnail","7":"category-allemagne","8":"tag-actualites","9":"tag-allemagne","10":"tag-bundesrepublik-deutschland","11":"tag-de","12":"tag-deutschland","13":"tag-eu","14":"tag-europe","15":"tag-germany","16":"tag-news","17":"tag-republique-federale-dallemagne"},"share_on_mastodon":{"url":"https:\/\/pubeurope.com\/@fr\/114917899492914337","error":""},"_links":{"self":[{"href":"https:\/\/www.europesays.com\/fr\/wp-json\/wp\/v2\/posts\/274477","targetHints":{"allow":["GET"]}}],"collection":[{"href":"https:\/\/www.europesays.com\/fr\/wp-json\/wp\/v2\/posts"}],"about":[{"href":"https:\/\/www.europesays.com\/fr\/wp-json\/wp\/v2\/types\/post"}],"author":[{"embeddable":true,"href":"https:\/\/www.europesays.com\/fr\/wp-json\/wp\/v2\/users\/2"}],"replies":[{"embeddable":true,"href":"https:\/\/www.europesays.com\/fr\/wp-json\/wp\/v2\/comments?post=274477"}],"version-history":[{"count":0,"href":"https:\/\/www.europesays.com\/fr\/wp-json\/wp\/v2\/posts\/274477\/revisions"}],"wp:featuredmedia":[{"embeddable":true,"href":"https:\/\/www.europesays.com\/fr\/wp-json\/wp\/v2\/media\/274478"}],"wp:attachment":[{"href":"https:\/\/www.europesays.com\/fr\/wp-json\/wp\/v2\/media?parent=274477"}],"wp:term":[{"taxonomy":"category","embeddable":true,"href":"https:\/\/www.europesays.com\/fr\/wp-json\/wp\/v2\/categories?post=274477"},{"taxonomy":"post_tag","embeddable":true,"href":"https:\/\/www.europesays.com\/fr\/wp-json\/wp\/v2\/tags?post=274477"}],"curies":[{"name":"wp","href":"https:\/\/api.w.org\/{rel}","templated":true}]}}