{"id":274480,"date":"2025-07-26T05:33:17","date_gmt":"2025-07-26T05:33:17","guid":{"rendered":"https:\/\/www.europesays.com\/fr\/274480\/"},"modified":"2025-07-26T05:33:17","modified_gmt":"2025-07-26T05:33:17","slug":"multimedia-von-der-leyen-va-rencontrer-trump-pour-des-negociations-commerciales-xinhua","status":"publish","type":"post","link":"https:\/\/www.europesays.com\/fr\/274480\/","title":{"rendered":"(Multim\u00e9dia) Von der Leyen va rencontrer Trump pour des n\u00e9gociations commerciales &#8211; Xinhua"},"content":{"rendered":"<p><img decoding=\"async\" controls=\"controls\" src=\"https:\/\/www.europesays.com\/fr\/wp-content\/uploads\/2025\/07\/20250726a65061af025748d1bb5194d3c16162af_XxjifrF007004_20250726_CBMFN0A001.JPG\"\/>Photo d&rsquo;archives prise le 21 mars 2024 montrant la pr\u00e9sidente de la Commission europ\u00e9enne, Ursula von der Leyen, s&rsquo;exprimant lors d&rsquo;une conf\u00e9rence de presse au sommet de l&rsquo;Union europ\u00e9enne \u00e0 Bruxelles, en Belgique. (Xinhua\/Zhao Dingzhe)<\/p>\n<p><strong>La pr\u00e9sidente de la Commission europ\u00e9enne, Ursula von der Leyen, a d\u00e9clar\u00e9 vendredi qu&rsquo;elle rencontrera le pr\u00e9sident am\u00e9ricain Donald Trump dimanche pour discuter du commerce transatlantique.<\/strong><\/p>\n<p>BRUXELLES, 25 juillet (Xinhua) &#8212; La pr\u00e9sidente de la Commission europ\u00e9enne, Ursula von der Leyen, a d\u00e9clar\u00e9 vendredi qu&rsquo;elle rencontrera le pr\u00e9sident am\u00e9ricain Donald Trump dimanche pour discuter du commerce transatlantique.<\/p>\n<p>Dans un message publi\u00e9 sur la plateforme du r\u00e9seau social X, Mme von der Leyen a \u00e9crit que les deux dirigeants ont eu une \u00ab\u00a0bonne conversation\u00a0\u00bb et sont convenus de se rencontrer en Ecosse pour \u00ab\u00a0discuter des relations commerciales transatlantiques et de la mani\u00e8re dont nous pouvons les maintenir solides\u00a0\u00bb.<\/p>\n<p>Avant de partir pour l&rsquo;Ecosse, M. Trump a dit aux journalistes : \u00ab\u00a0Je dirais que nous avons 50 % de chances, peut-\u00eatre moins, mais 50 % de chances de conclure un accord avec l&rsquo;UE\u00a0\u00bb. Le pr\u00e9sident effectue une visite de cinq jours, au cours de laquelle il devrait se rendre dans deux de ses complexes de golf et rencontrer le Premier ministre britannique Keir Starmer.<\/p>\n<p>Plus t\u00f4t ce mois-ci, Trump a menac\u00e9 d&rsquo;imposer des droits de douane de 30 % sur les produits de l&rsquo;Union europ\u00e9enne (UE) \u00e0 compter du 1er ao\u00fbt, ce qui a incit\u00e9 Bruxelles \u00e0 acc\u00e9l\u00e9rer les n\u00e9gociations commerciales.<\/p>\n<p>En cas d&rsquo;\u00e9chec des n\u00e9gociations, les Etats membres de l&rsquo;UE ont approuv\u00e9 un ensemble de mesures de r\u00e9torsion douani\u00e8res sur environ 93 milliards d&rsquo;euros (109 milliards de dollars am\u00e9ricains) d&rsquo;importations am\u00e9ricaines, qui devraient entrer en vigueur le 7 ao\u00fbt. (1 euro = 1,17 dollar).<\/p>\n","protected":false},"excerpt":{"rendered":"Photo d&rsquo;archives prise le 21 mars 2024 montrant la pr\u00e9sidente de la Commission europ\u00e9enne, Ursula von der Leyen,&hellip;\n","protected":false},"author":2,"featured_media":274481,"comment_status":"","ping_status":"","sticky":false,"template":"","format":"standard","meta":{"footnotes":""},"categories":[1586],"tags":[11,215,1777,674,1779,1011,27,12,25,1778,11342,364],"class_list":{"0":"post-274480","1":"post","2":"type-post","3":"status-publish","4":"format-standard","5":"has-post-thumbnail","7":"category-europe","8":"tag-actualites","9":"tag-commerce","10":"tag-eu","11":"tag-europe","12":"tag-european-union","13":"tag-fr","14":"tag-france","15":"tag-news","16":"tag-republique-francaise","17":"tag-ue","18":"tag-ue-usa","19":"tag-union-europeenne"},"share_on_mastodon":{"url":"https:\/\/pubeurope.com\/@fr\/114917907099924107","error":""},"_links":{"self":[{"href":"https:\/\/www.europesays.com\/fr\/wp-json\/wp\/v2\/posts\/274480","targetHints":{"allow":["GET"]}}],"collection":[{"href":"https:\/\/www.europesays.com\/fr\/wp-json\/wp\/v2\/posts"}],"about":[{"href":"https:\/\/www.europesays.com\/fr\/wp-json\/wp\/v2\/types\/post"}],"author":[{"embeddable":true,"href":"https:\/\/www.europesays.com\/fr\/wp-json\/wp\/v2\/users\/2"}],"replies":[{"embeddable":true,"href":"https:\/\/www.europesays.com\/fr\/wp-json\/wp\/v2\/comments?post=274480"}],"version-history":[{"count":0,"href":"https:\/\/www.europesays.com\/fr\/wp-json\/wp\/v2\/posts\/274480\/revisions"}],"wp:featuredmedia":[{"embeddable":true,"href":"https:\/\/www.europesays.com\/fr\/wp-json\/wp\/v2\/media\/274481"}],"wp:attachment":[{"href":"https:\/\/www.europesays.com\/fr\/wp-json\/wp\/v2\/media?parent=274480"}],"wp:term":[{"taxonomy":"category","embeddable":true,"href":"https:\/\/www.europesays.com\/fr\/wp-json\/wp\/v2\/categories?post=274480"},{"taxonomy":"post_tag","embeddable":true,"href":"https:\/\/www.europesays.com\/fr\/wp-json\/wp\/v2\/tags?post=274480"}],"curies":[{"name":"wp","href":"https:\/\/api.w.org\/{rel}","templated":true}]}}