{"id":274486,"date":"2025-07-26T05:37:24","date_gmt":"2025-07-26T05:37:24","guid":{"rendered":"https:\/\/www.europesays.com\/fr\/274486\/"},"modified":"2025-07-26T05:37:24","modified_gmt":"2025-07-26T05:37:24","slug":"thorbjorn-olesen-vire-en-tete-les-francais-passent-le-cut","status":"publish","type":"post","link":"https:\/\/www.europesays.com\/fr\/274486\/","title":{"rendered":"Thorbj\u00f8rn Olesen vire en t\u00eate, les Fran\u00e7ais passent le cut"},"content":{"rendered":"<p>\t\t\t\t\t\t<img width=\"770\" height=\"556\" src=\"https:\/\/www.europesays.com\/fr\/wp-content\/uploads\/2025\/07\/afp__20250717__2225534937__v3__midres__the153rdopendayone-770x556.jpg\" class=\"img-responsive wp-post-image\" alt=\"Photo by Richard HEATHCOTE \/ GETTY IMAGES EUROPE \/ Getty Images via AFP\" decoding=\"async\" fetchpriority=\"high\"  \/>\t\t\t\t\t<\/p>\n<p>\t\t\t\t\t\t Partager cet article <\/p>\n<p class=\"screen-reader-text juiz_sps_maybe_hidden_text\">Partager la publication \u00ab\u00a0Thorbj\u00f8rn Olesen vire en t\u00eate, les Fran\u00e7ais passent le cut\u00a0\u00bb<\/p>\n<p><strong>Thorbj\u00f8rn Olesen m\u00e8ne le 3M Open d\u2019un coup apr\u00e8s deux tours marqu\u00e9s par sa r\u00e9silience, tandis que les trois joueurs fran\u00e7ais ont r\u00e9ussi \u00e0 franchir le cut de l\u2019avant-dernier tournoi de la saison r\u00e9guli\u00e8re.<\/strong><\/p>\n<p>\t\t\t\t<img loading=\"lazy\" decoding=\"async\" src=\"data:image\/svg+xml,%3Csvg%20xmlns=\" http:=\"\" attributionsrc=\"\" border=\"0\" height=\"1\" width=\"1\" alt=\"Advertisement\" data-lazy-src=\"https:\/\/www.europesays.com\/fr\/wp-content\/uploads\/2025\/07\/B33047934.411969880;dc_trk_aid=603484932;dc_trk_cid=227659580;ord=[timestamp];dc_lat=;dc_rdid=;tag_f.gif\"\/><\/p>\n<p>\t\t\t\t\t<a id=\"158175\" href=\"https:\/\/ad.doubleclick.net\/ddm\/trackclk\/N1153799.3770024GOLFPLANATE\/B33047934.411969880;dc_trk_aid=603484932;dc_trk_cid=227659580;dc_lat=;dc_rdid=;tag_for_child_directed_treatment=;tfua=;gdpr=${GDPR};gdpr_consent=${GDPR_CONSENT_755};ltd=;dc_tdv=1\" target=\"_blank\" rel=\"sponsorised nofollow noopener\"><img decoding=\"async\" src=\"data:image\/svg+xml,%3Csvg%20xmlns=\" http:=\"\" class=\"img-responsive\" alt=\"\" data-lazy-src=\"https:\/\/www.europesays.com\/fr\/wp-content\/uploads\/2025\/07\/callaway-e01-elyte-driver-1170x275-1.jpg\"\/><\/a><\/p>\n<p><strong>Thorbj\u00f8rn Olesen<\/strong> a prouv\u00e9 toute l\u2019\u00e9tendue de son talent vendredi au <strong>TPC Twin Cities<\/strong>, s\u2019emparant de la t\u00eate du <strong>3M Open<\/strong> gr\u00e2ce \u00e0 une nouvelle carte de 66 (-5) pour pointer \u00e0 -14 apr\u00e8s deux tours. Il compte un coup d\u2019avance sur l\u2019Am\u00e9ricain <strong>Jake Knapp<\/strong> (65), deux sur ses compatriotes <strong>Pierceson Coody<\/strong> (65) et <strong>Sam Stevens<\/strong> (68).<\/p>\n<p><a href=\"https:\/\/www.pgatour.com\/leaderboard\" target=\"_blank\" rel=\"noopener nofollow\">Le classement complet<\/a><\/p>\n<p>Le Danois s\u2019est illustr\u00e9 en sortant plusieurs fois de situations dangereuses, notamment lorsqu\u2019il a trouv\u00e9 le rough mais a r\u00e9ussi \u00e0 sauver le par et m\u00eame \u00e0 se cr\u00e9er des opportunit\u00e9s de birdie, \u00e0 l\u2019image de son approche et 8e birdie sur le dernier trou du jour.<\/p>\n<blockquote><p>\nChaque semaine est une occasion d\u2019essayer de rebondir et de faire quelque chose de sp\u00e9cial.<\/p>\n<p>Thorbj\u00f8rn Olesen<\/p>\n<\/blockquote>\n<p>Malgr\u00e9 une double bogey au 15, il a rebondi avec deux birdies cons\u00e9cutifs, t\u00e9moignant de son sang-froid sous la pression. \u00ab Je pense que les deux jours, mon jeu de fers a \u00e9t\u00e9 tr\u00e8s, tr\u00e8s bon. J\u2019ai mis beaucoup de coups tr\u00e8s pr\u00e8s du drapeau et je me suis donn\u00e9 beaucoup de chances. Aujourd\u2019hui, il y a eu deux ou trois mauvais drives qui m\u2019ont co\u00fbt\u00e9 cher, mais je me suis quand m\u00eame bien senti \u00e0 l\u2019adresse \u00bb, a-t-il livr\u00e9 apr\u00e8s sa partie.<\/p>\n<p>Thorbj\u00f8rn Olesen est un habitu\u00e9 du <strong>DP World Tour<\/strong> avec neuf victoires \u00e0 son actif. Il a manqu\u00e9 le cut la semaine derni\u00e8re lors du <strong>British Open<\/strong>. \u00ab\u00a0Je prends chaque semaine comme elle vient, a-t-il d\u00e9clar\u00e9. Chaque semaine est une occasion d\u2019essayer de rebondir et de faire quelque chose de sp\u00e9cial.\u00a0\u00bb<\/p>\n<p>\t\t\t\t\t<a id=\"178042\" href=\"https:\/\/leclub-golf.com\/fr\/actualites\/team-sud-ouest-vs-team-sud-est-le-duel-de-lete?utm_source=golf+planete&amp;utm_medium=referral&amp;utm_campaign=team+sud&amp;utm_id=team+sud_golf+planete_referral_banner\" target=\"_blank\" rel=\"sponsorised nofollow noopener\"><img decoding=\"async\" src=\"data:image\/svg+xml,%3Csvg%20xmlns=\" http:=\"\" class=\"img-responsive\" alt=\"\" data-lazy-src=\"https:\/\/www.europesays.com\/fr\/wp-content\/uploads\/2025\/07\/leclubgolf-e08-duel-teams-1170x275-1.png\"\/><\/a><\/p>\n<p>\u00a0<\/p>\n<p>Les Bleus passent le cap et esp\u00e8rent mieux\u00a0<\/p>\n<p>S\u2019ils n\u2019ont pas encore vraiment jou\u00e9 les premiers r\u00f4les apr\u00e8s deux tours, les trois Tricolores ont assur\u00e9 l\u2019essentiel en passant sous la barre du cut fix\u00e9e \u00e0 -5 et rat\u00e9 par <strong>Haotong Li<\/strong>, <strong>Byeong Hun An<\/strong>, <strong>Sahith Theegala<\/strong> ou <strong>Tony Finau<\/strong>.<\/p>\n<p>Apr\u00e8s son 65 initial, <strong>Victor Perez<\/strong> a c\u00e9d\u00e9 un peu de terrain en rendant une carte de 69 (-3). Le Tarbais pointe \u00e0 six coups du leader et semble bien parti pour conserver sa carte.<\/p>\n<p>\t\t\t\t\t<a id=\"178032\" href=\"https:\/\/www.golfy.fr\/landing\/golf-planete-decouvrez-les-golfs-collections-du-reseau-golfy?utm_source=golf_planete&amp;utm_medium=display&amp;utm_campaign=golfs_collection_2025\" target=\"_blank\" rel=\"sponsorised nofollow noopener\"><img decoding=\"async\" src=\"data:image\/svg+xml,%3Csvg%20xmlns=\" http:=\"\" class=\"img-responsive\" alt=\"\" data-lazy-src=\"https:\/\/www.europesays.com\/fr\/wp-content\/uploads\/2025\/06\/golfy-e06-golfs-collection-france-ete-1170x275-1.jpg\"\/><\/a><br \/>\nUn sursaut de Pavon et Rozner<\/p>\n<p><strong>Matthieu Pavon<\/strong> a jou\u00e9 un coup de moins que son compatriote gr\u00e2ce \u00e0 un eagle au 18 pour remonter de 19 places et surtout, passer le cut d\u2019un coup. Celui qui a annonc\u00e9 <a href=\"https:\/\/www.golfplanete.com\/actualites\/matthieu-pavon-se-separe-de-son-entraineur\/\" rel=\"nofollow noopener\" target=\"_blank\">s\u2019\u00eatre s\u00e9par\u00e9 de son coach dimanche<\/a>\u00a0a un peu mois pein\u00e9 autour des greens que la veille, r\u00e9ussissant approche-putt trois fois sur trois.<\/p>\n<p><strong>Antoine Rozner<\/strong>, enfin, a lui aussi sign\u00e9 un eagle mais aussi cinq bogeys et heureusement autant de birdies \u2013 dont le dernier au 18 pour franchir l\u2019obstacle de justesse. Le Parisien devra faire mieux s\u2019il veut sauver sa carte\u00a0: il est projet\u00e9 \u00e0 la 144e place de <a href=\"https:\/\/www.pgatour.com\/fedexcup\" rel=\"nofollow noopener\" target=\"_blank\">l\u2019Ordre du m\u00e9rite<\/a>, seuls les 125 premiers la conservant.<\/p>\n<p>\t\t\t\t\t<a id=\"179399\" href=\"https:\/\/www.terre-blanche.com\/landing\/summer-deals?mtm_campaign=summer_deals_golf_planet_juil_2025&amp;mtm_medium=display&amp;mtm_source=golf_planet&amp;mtm_content=_CTA_&amp;mtm_group=trafic\" target=\"_blank\" rel=\"sponsorised nofollow noopener\"><img decoding=\"async\" src=\"data:image\/svg+xml,%3Csvg%20xmlns=\" http:=\"\" class=\"img-responsive\" alt=\"\" data-lazy-src=\"https:\/\/www.europesays.com\/fr\/wp-content\/uploads\/2025\/07\/terreblanche-e01-summer-deals-1170x275-1.gif\"\/><\/a><br \/>\nLe leaderboard<\/p>\n<p><img loading=\"lazy\" decoding=\"async\" class=\"aligncenter size-full wp-image-180903\" src=\"data:image\/svg+xml,%3Csvg%20xmlns=\" http:=\"\" alt=\"\" width=\"775\" height=\"1204\" data-lazy- data-lazy- data-lazy-src=\"https:\/\/www.europesays.com\/fr\/wp-content\/uploads\/2025\/07\/3m-open-tour-2.jpg\"\/><\/p>\n<p>\t\t\t\t\t<a id=\"174987\" href=\"https:\/\/www.sudfrancegolf.com\/fr\/\" target=\"_blank\" rel=\"sponsorised nofollow noopener\"><img decoding=\"async\" src=\"data:image\/svg+xml,%3Csvg%20xmlns=\" http:=\"\" class=\"img-responsive\" alt=\"\" data-lazy-src=\"https:\/\/www.europesays.com\/fr\/wp-content\/uploads\/2025\/06\/giesudfrancegolf-e02-egolf-pass-2025-v2-1170x275-1.gif\"\/><\/a><\/p>\n<p>Photo : Richard HEATHCOTE \/ Getty Images via AFP<\/p>\n","protected":false},"excerpt":{"rendered":"Partager cet article Partager la publication \u00ab\u00a0Thorbj\u00f8rn Olesen vire en t\u00eate, les Fran\u00e7ais passent le cut\u00a0\u00bb Thorbj\u00f8rn Olesen&hellip;\n","protected":false},"author":2,"featured_media":274487,"comment_status":"","ping_status":"","sticky":false,"template":"","format":"standard","meta":{"footnotes":""},"categories":[1418],"tags":[1011,27,1472,60],"class_list":{"0":"post-274486","1":"post","2":"type-post","3":"status-publish","4":"format-standard","5":"has-post-thumbnail","7":"category-golf","8":"tag-fr","9":"tag-france","10":"tag-golf","11":"tag-sports"},"share_on_mastodon":{"url":"https:\/\/pubeurope.com\/@fr\/114917922756119628","error":""},"_links":{"self":[{"href":"https:\/\/www.europesays.com\/fr\/wp-json\/wp\/v2\/posts\/274486","targetHints":{"allow":["GET"]}}],"collection":[{"href":"https:\/\/www.europesays.com\/fr\/wp-json\/wp\/v2\/posts"}],"about":[{"href":"https:\/\/www.europesays.com\/fr\/wp-json\/wp\/v2\/types\/post"}],"author":[{"embeddable":true,"href":"https:\/\/www.europesays.com\/fr\/wp-json\/wp\/v2\/users\/2"}],"replies":[{"embeddable":true,"href":"https:\/\/www.europesays.com\/fr\/wp-json\/wp\/v2\/comments?post=274486"}],"version-history":[{"count":0,"href":"https:\/\/www.europesays.com\/fr\/wp-json\/wp\/v2\/posts\/274486\/revisions"}],"wp:featuredmedia":[{"embeddable":true,"href":"https:\/\/www.europesays.com\/fr\/wp-json\/wp\/v2\/media\/274487"}],"wp:attachment":[{"href":"https:\/\/www.europesays.com\/fr\/wp-json\/wp\/v2\/media?parent=274486"}],"wp:term":[{"taxonomy":"category","embeddable":true,"href":"https:\/\/www.europesays.com\/fr\/wp-json\/wp\/v2\/categories?post=274486"},{"taxonomy":"post_tag","embeddable":true,"href":"https:\/\/www.europesays.com\/fr\/wp-json\/wp\/v2\/tags?post=274486"}],"curies":[{"name":"wp","href":"https:\/\/api.w.org\/{rel}","templated":true}]}}