{"id":274488,"date":"2025-07-26T05:39:15","date_gmt":"2025-07-26T05:39:15","guid":{"rendered":"https:\/\/www.europesays.com\/fr\/274488\/"},"modified":"2025-07-26T05:39:15","modified_gmt":"2025-07-26T05:39:15","slug":"vincent-etcheto-je-sais-ce-qui-a-ete-dit-sur-moi-je-ne-dis-pas-que-cest-a-tort-mais-je-men-fiche","status":"publish","type":"post","link":"https:\/\/www.europesays.com\/fr\/274488\/","title":{"rendered":"Vincent Etcheto : \u00ab\u00a0Je sais ce qui a \u00e9t\u00e9 dit sur moi&#8230; je ne dis pas que c\u2019est \u00e0 tort, mais je m\u2019en fiche\u00a0\u00bb"},"content":{"rendered":"<p>Le technicien Fran\u00e7ais Vincent Etcheto s\u2019est engag\u00e9 en faveur de l\u2019US Dax pour la saison 2025 \/ 2026.<\/p>\n<p>Ce-dernier sera le manager sportif de l\u2019USD.<\/p>\n<p>Interrog\u00e9 via <a href=\"https:\/\/www.rugbyrama.fr\/2025\/07\/24\/pro-d2-il-ny-aura-plus-beaucoup-de-places-pour-les-petits-poucets-previent-vincent-etcheto-12842260.php\" rel=\"nofollow noopener\" target=\"_blank\">Midi Olympique<\/a>, Vincent Etcheto a \u00e9voqu\u00e9 son image qui est sulfureuse pour certains.<\/p>\n<p><strong>Il explique se foutre de ce que peuvent penser certains observateurs. Extrait:<\/strong><\/p>\n<p>\u00ab\u00a0J\u2019ai l\u2019image que je m\u00e9rite, elle a \u00e9t\u00e9 forg\u00e9e par des d\u00e9clarations, des attitudes et souvent, aussi, par des \u00ab\u00a0on-dit\u00a0\u00bb. Je suis serein par rapport \u00e0 \u00e7a. Autant le projet de jeu a \u00e9volu\u00e9, autant j\u2019ai \u00e9volu\u00e9, moi aussi. J\u2019ai 56 ans, j\u2019ai m\u00fbri, aussi. J\u2019ai fait des erreurs, je sais ce qui a \u00e9t\u00e9 dit sur moi. Je ne dis pas que c\u2019est \u00e0 tort, mais je m\u2019en fiche. Je ferai s\u00fbrement encore des erreurs, mais je n\u2019aime pas qu\u2019on m\u2019attribue les erreurs des autres. \u00c7a a souvent \u00e9t\u00e9 le cas.\u00a0\u00bb<\/p>\n<p><strong>Dans la foul\u00e9e, Vincent Etcheto raconte la difficult\u00e9 du m\u00e9tier de manager sportif en Top 14 et en Pro D2. Extrait:<\/strong><\/p>\n<p>\u00ab\u00a0Je sais que ce milieu est difficile, car il est concurrentiel. La concurrence est parfois fauss\u00e9e. J\u2019insiste l\u00e0-dessus. Il y a beaucoup de jeunes entra\u00eeneurs qui sont juste d\u2019ex-joueurs. Ils n\u2019ont pas fait leurs preuves, passent les dipl\u00f4mes apr\u00e8s, n\u2019ont pas travaill\u00e9 avec les jeunes. M\u00eame si je passe pour un vieux con, je m\u2019en fous. Je ne suis pas syndicaliste. Je trouve que ce n\u2019est pas normal. Un chirurgien, il fait quinze ans d\u2019\u00e9tudes et il a des responsabilit\u00e9s. <\/p>\n<p>Dans n\u2019importe quelle entreprise, soit tu passes, tr\u00e8s t\u00f4t, de gros dipl\u00f4mes, soit tu montes les \u00e9chelons petit \u00e0 petit. Il n\u2019y a qu\u2019au rugby o\u00f9 on te permet, sans dipl\u00f4me ni exp\u00e9rience, de donner des le\u00e7ons \u00e0 tout le monde en \u00e9tant un entra\u00eeneur de trois jours. C\u2019est comme \u00e7a. C\u2019est dur, dans ce m\u00e9tier, de trouver du boulot et, surtout, de montrer sa vraie valeur. Les agents tournent, ils s\u2019en foutent de savoir quel CV ils ont entre les mains. Il y a l\u2019exp\u00e9rience, \u00e7a ne s\u2019ach\u00e8te pas. Il faut la vivre. La comp\u00e9tence est tr\u00e8s subjective, mais elle existe. \u00c7a, c\u2019est le m\u00e9tier. <\/p>\n<p>Enfin, il y a l\u2019image que l\u2019on donne. J\u2019ai d\u00fb payer \u00e7a \u00e0 un moment donn\u00e9, car l\u2019exp\u00e9rience, je suis s\u00fbr que je l\u2019ai. Le savoir-faire, j\u2019en ai. L\u2019image, on ne la ma\u00eetrise pas. Ce sont les trois choses qui font un CV. Des fois, l\u2019objectif n\u2019est pas suffisant face au subjectif et aux bruits de couloir. Je sais qu\u2019il y a des entra\u00eeneurs qui manigancent beaucoup, qui appellent beaucoup les pr\u00e9sidents. Je sais d\u2019o\u00f9 je viens, je sais qui je suis et je sais \u00e0 qui je dois les choses.\u00a0\u00bb<\/p>\n","protected":false},"excerpt":{"rendered":"Le technicien Fran\u00e7ais Vincent Etcheto s\u2019est engag\u00e9 en faveur de l\u2019US Dax pour la saison 2025 \/ 2026.&hellip;\n","protected":false},"author":2,"featured_media":274489,"comment_status":"","ping_status":"","sticky":false,"template":"","format":"standard","meta":{"footnotes":""},"categories":[1416],"tags":[1011,27,479,1468,60],"class_list":{"0":"post-274488","1":"post","2":"type-post","3":"status-publish","4":"format-standard","5":"has-post-thumbnail","7":"category-rugby","8":"tag-fr","9":"tag-france","10":"tag-rugby","11":"tag-rugby-football","12":"tag-sports"},"share_on_mastodon":{"url":"https:\/\/pubeurope.com\/@fr\/114917930683974736","error":""},"_links":{"self":[{"href":"https:\/\/www.europesays.com\/fr\/wp-json\/wp\/v2\/posts\/274488","targetHints":{"allow":["GET"]}}],"collection":[{"href":"https:\/\/www.europesays.com\/fr\/wp-json\/wp\/v2\/posts"}],"about":[{"href":"https:\/\/www.europesays.com\/fr\/wp-json\/wp\/v2\/types\/post"}],"author":[{"embeddable":true,"href":"https:\/\/www.europesays.com\/fr\/wp-json\/wp\/v2\/users\/2"}],"replies":[{"embeddable":true,"href":"https:\/\/www.europesays.com\/fr\/wp-json\/wp\/v2\/comments?post=274488"}],"version-history":[{"count":0,"href":"https:\/\/www.europesays.com\/fr\/wp-json\/wp\/v2\/posts\/274488\/revisions"}],"wp:featuredmedia":[{"embeddable":true,"href":"https:\/\/www.europesays.com\/fr\/wp-json\/wp\/v2\/media\/274489"}],"wp:attachment":[{"href":"https:\/\/www.europesays.com\/fr\/wp-json\/wp\/v2\/media?parent=274488"}],"wp:term":[{"taxonomy":"category","embeddable":true,"href":"https:\/\/www.europesays.com\/fr\/wp-json\/wp\/v2\/categories?post=274488"},{"taxonomy":"post_tag","embeddable":true,"href":"https:\/\/www.europesays.com\/fr\/wp-json\/wp\/v2\/tags?post=274488"}],"curies":[{"name":"wp","href":"https:\/\/api.w.org\/{rel}","templated":true}]}}