{"id":274499,"date":"2025-07-26T05:46:13","date_gmt":"2025-07-26T05:46:13","guid":{"rendered":"https:\/\/www.europesays.com\/fr\/274499\/"},"modified":"2025-07-26T05:46:13","modified_gmt":"2025-07-26T05:46:13","slug":"prince-william-abandonne-kate-middleton-ces-deux-autres-princesses-quil-retrouve-en-pleines-vacances","status":"publish","type":"post","link":"https:\/\/www.europesays.com\/fr\/274499\/","title":{"rendered":"Prince William abandonne Kate Middleton : ces deux autres princesses qu\u2019il retrouve en pleines vacances"},"content":{"rendered":"<p class=\"p1\">Le mari de Kate Middleton n\u2019a jamais cach\u00e9<br \/>\n<strong>son amour pour le football<\/strong>. Grand supporter<br \/>\nd\u2019Aston Villa et pr\u00e9sident de la F\u00e9d\u00e9ration anglaise de football,<br \/>\n<a href=\"https:\/\/www.closermag.fr\/royautes\/prince-william-euphorique-tout-le-monde-dit-la-meme-chose-apres-sa-celebration-3526853\" rel=\"nofollow noopener\" target=\"_blank\"><br \/>\nle prince William<\/a> assiste aux matchs importants d\u00e8s qu\u2019il en a<br \/>\nl\u2019occasion. Dimanche 27 juillet, il sera donc naturellement dans<br \/>\nles gradins du Parc Saint-Jacques, \u00e0 <strong>B\u00e2le<\/strong>, en<br \/>\nSuisse.<\/p>\n<p class=\"p1\">En effet, <strong>l\u2019Angleterre va affronter<br \/>\nl\u2019Espagne<\/strong> lors de la finale de <a href=\"https:\/\/www.closermag.fr\/people\/ada-hegerberg-pernille-harder-marion-torrent-avec-qui-les-stars-de-l-euro-feminin-sont-elles-en-couple-1609540#item=1\" rel=\"nofollow noopener\" target=\"_blank\"><br \/>\nl\u2019Euro f\u00e9minin<\/a> de football 2025. Une rencontre qui fait suite \u00e0<br \/>\nla victoire des Lionnes face \u00e0 l\u2019Italie et celle de la Roja contre<br \/>\nl\u2019Allemagne. Et le match promet d\u00e9j\u00e0 d\u2019\u00eatre grandiose.<\/p>\n<p><img loading=\"lazy\" decoding=\"async\" aria-describedby=\"caption-attachment-3567027\" itemprop=\"thumbnailUrl\" class=\"size-large wp-image-3567027 img-responsive\" src=\"https:\/\/www.europesays.com\/fr\/wp-content\/uploads\/2025\/07\/le-prince-william-1-683x1024.jpg\" alt=\"Le prince William assiste au match du groupe D de l'UEFA Women's EURO 2025 entre l'Angleterre et les Pays-Bas au Letzigrund \u00e0 Zurich. \" width=\"683\" height=\"1024\"\/> \u00a9 SPP \/ PsnewZ \/ Bestimage<\/p>\n<p id=\"caption-attachment-3567027\" class=\"wp-caption-text\">Le<br \/>\nprince William assiste au match du groupe D de l&rsquo;UEFA Women&rsquo;s EURO<br \/>\n2025 entre l&rsquo;Angleterre et les Pays-Bas au Letzigrund \u00e0 Zurich.<\/p>\n<p>Le prince William va retrouver les princesses Leonor<br \/>\net Sofia<\/p>\n<p class=\"p1\">D\u00e8s la qualification de l\u2019Angleterre en finale de<br \/>\nl\u2019Euro f\u00e9minin, le prince William a <strong>confirm\u00e9 sa<br \/>\nvenue<\/strong> \u00e0 l\u2019\u00e9v\u00e9nement. Si Kate Middleton ne devrait pas \u00eatre<br \/>\nde la partie, le prince de Galles va retrouver <strong>deux<br \/>\nprincesses<\/strong> bien connues : <a href=\"https:\/\/www.closermag.fr\/royautes\/sofia-et-leonor-despagne-lheure-est-aux-retrouvailles-pour-les-deux-soeurs-separees-depuis-plusieurs-mois-3561169\" rel=\"nofollow noopener\" target=\"_blank\"><br \/>\nLeonor et Sofia d\u2019Espagne<\/a>.<\/p>\n<p class=\"p1\">Jeudi 24 juillet, la s\u00e9lection espagnole f\u00e9minine de<br \/>\nfootball a ainsi annonc\u00e9 sur X : \u201cLeurs Altesses Royales, la<br \/>\nprincesse des Asturies et l\u2019Infante Sofia accompagneront la<br \/>\ns\u00e9lection lors de la finale de l\u2019Euro 2025\u201d. Si <a href=\"https:\/\/www.closermag.fr\/royautes\/felipe-vi-et-letizia-despagne-a-quoi-ressemble-leur-spectaculaire-maison-ou-leurs-filles-ont-grandi-3513457\" rel=\"nofollow noopener\" target=\"_blank\"><br \/>\nle roi Felipe VI<\/a> ne compte pas se rendre \u00e0 B\u00e2le, ses filles se<br \/>\nchargeront donc de <strong>repr\u00e9senter la famille royale<\/strong>.<br \/>\nLes deux s\u0153urs sont d\u2019ailleurs de grandes fans du ballon rond.<\/p>\n<blockquote class=\"twitter-tweet\"><p><a class=\"twitter-link\" rel=\"noindex, nofollow noopener\" href=\"https:\/\/twitter.com\/SEFutbolFem\/status\/1948388874222174613\" target=\"_blank\"><\/p><\/blockquote>\n<p>Les deux familles royales se<br \/>\nrencontrent r\u00e9guli\u00e8rement<\/p>\n<p class=\"p1\">La pr\u00e9sence des familles royales d\u2019Angleterre et<br \/>\nd\u2019Espagne \u00e0 B\u00e2le n\u2019est pas exceptionnelle. En juillet 2024, le<br \/>\nprince William avait par exemple retrouv\u00e9 le roi Felipe VI pour<br \/>\n<strong>la finale de l\u2019Euro masculin<\/strong>. Les deux hommes,<br \/>\nalors accompagn\u00e9s du <a href=\"https:\/\/www.closermag.fr\/royautes\/prince-george-et-sofia-despagne-futur-couple-royal-ce-cliche-au-coeur-des-speculations-3458263\" rel=\"nofollow noopener\" target=\"_blank\"><br \/>\nprince George<\/a> et de l\u2019Infante Sofia, avaient profit\u00e9 ensemble<br \/>\ndu match.<\/p>\n<p class=\"p1\">Cette ann\u00e9e, le prince William n\u2019est pas \u00e0 l\u2019abri<br \/>\nd\u2019emmener ses enfants. Le prince George est d\u2019ailleurs un habitu\u00e9<br \/>\ndes tribunes. De son c\u00f4t\u00e9, <a href=\"https:\/\/www.closermag.fr\/royautes\/prince-william-en-suisse-la-princesse-charlotte-un-brin-jalouse-et-pour-cause-3562798\" rel=\"nofollow noopener\" target=\"_blank\"><br \/>\nla princesse Charlotte<\/a> est une grande supportrice des Lionnes.<br \/>\nFinalement, le prince Louis n\u2019a pas encore assist\u00e9 \u00e0 un \u00e9v\u00e9nement<br \/>\nsportif. Les deux benjamins pourraient donc <strong>rencontrer<br \/>\nleurs cousines \u00e9loign\u00e9es<\/strong> pour la premi\u00e8re fois.<\/p>\n<p><script async src=\"https:\/\/platform.twitter.com\/widgets.js\" charset=\"utf-8\"><\/script><\/p>\n","protected":false},"excerpt":{"rendered":"Le mari de Kate Middleton n\u2019a jamais cach\u00e9 son amour pour le football. Grand supporter d\u2019Aston Villa et&hellip;\n","protected":false},"author":2,"featured_media":274500,"comment_status":"","ping_status":"","sticky":false,"template":"","format":"standard","meta":{"footnotes":""},"categories":[1359],"tags":[548,58,59,1011,27,5858,973,3936],"class_list":{"0":"post-274499","1":"post","2":"type-post","3":"status-publish","4":"format-standard","5":"has-post-thumbnail","7":"category-people","8":"tag-article-simple","9":"tag-divertissement","10":"tag-entertainment","11":"tag-fr","12":"tag-france","13":"tag-kate-middleton","14":"tag-people","15":"tag-prince-william"},"share_on_mastodon":{"url":"https:\/\/pubeurope.com\/@fr\/114917958194645028","error":""},"_links":{"self":[{"href":"https:\/\/www.europesays.com\/fr\/wp-json\/wp\/v2\/posts\/274499","targetHints":{"allow":["GET"]}}],"collection":[{"href":"https:\/\/www.europesays.com\/fr\/wp-json\/wp\/v2\/posts"}],"about":[{"href":"https:\/\/www.europesays.com\/fr\/wp-json\/wp\/v2\/types\/post"}],"author":[{"embeddable":true,"href":"https:\/\/www.europesays.com\/fr\/wp-json\/wp\/v2\/users\/2"}],"replies":[{"embeddable":true,"href":"https:\/\/www.europesays.com\/fr\/wp-json\/wp\/v2\/comments?post=274499"}],"version-history":[{"count":0,"href":"https:\/\/www.europesays.com\/fr\/wp-json\/wp\/v2\/posts\/274499\/revisions"}],"wp:featuredmedia":[{"embeddable":true,"href":"https:\/\/www.europesays.com\/fr\/wp-json\/wp\/v2\/media\/274500"}],"wp:attachment":[{"href":"https:\/\/www.europesays.com\/fr\/wp-json\/wp\/v2\/media?parent=274499"}],"wp:term":[{"taxonomy":"category","embeddable":true,"href":"https:\/\/www.europesays.com\/fr\/wp-json\/wp\/v2\/categories?post=274499"},{"taxonomy":"post_tag","embeddable":true,"href":"https:\/\/www.europesays.com\/fr\/wp-json\/wp\/v2\/tags?post=274499"}],"curies":[{"name":"wp","href":"https:\/\/api.w.org\/{rel}","templated":true}]}}