{"id":27450,"date":"2025-04-15T20:06:08","date_gmt":"2025-04-15T20:06:08","guid":{"rendered":"https:\/\/www.europesays.com\/fr\/27450\/"},"modified":"2025-04-15T20:06:08","modified_gmt":"2025-04-15T20:06:08","slug":"a-la-seyne-le-centre-de-formation-en-apprentissage-setend","status":"publish","type":"post","link":"https:\/\/www.europesays.com\/fr\/27450\/","title":{"rendered":"A La Seyne, le centre de formation en apprentissage s\u2019\u00e9tend"},"content":{"rendered":"<p>Une imposante d\u00e9l\u00e9gation de la Chambre de m\u00e9tiers et de l\u2019artisanat (CMA) Provence-Alpes-C\u00f4te-d\u2019Azur (Paca) emmen\u00e9e par son pr\u00e9sident r\u00e9gional Yannick Mazette et son homologue d\u00e9partemental Roland Rolfo, avec des repr\u00e9sentants des institutions partenaires (1), s\u2019est rendue tout sourire ce lundi matin au centre de formation de La Seyne, all\u00e9e des Forges, tout \u00e0 c\u00f4t\u00e9 de l\u2019atelier m\u00e9canique.<\/p>\n<p>Tout ce monde \u00e9tait l\u00e0 pour la pose, symbolique, de la premi\u00e8re pierre d\u2019un nouveau b\u00e2timent dont le chantier a, en r\u00e9alit\u00e9, d\u00e9marr\u00e9 en fin d\u2019ann\u00e9e derni\u00e8re. Celui-ci prendra place perpendiculairement \u00e0 la structure existante, face \u00e0 la rade, et <strong>accueillera onze salles de cours suppl\u00e9mentaires<\/strong> ainsi qu\u2019un \u00ab\u00a0espace de vie convivial, ouvert et accueillant\u00a0\u00bb, telle une \u00ab\u00a0vitrine\u00a0\u00bb de l\u2019apprentissage et de la formation continue \u00e0 La Seyne.<\/p>\n<p><strong>Mise en service pr\u00e9vue d\u00e9but 2026<\/strong><\/p>\n<p>Ce projet de plus de 4 millions d\u2019euros a \u00e9t\u00e9 dict\u00e9 par la n\u00e9cessit\u00e9 de \u00ab\u00a0faire de la place\u00a0\u00bb, du fait notamment du succ\u00e8s du Formed Campus, d\u00e9di\u00e9 aux m\u00e9tiers de la mer (concentr\u00e9 jusque-l\u00e0 dans des salles modulaires), et partageant ce vaste site avec d\u2019autres formations: <strong>services \u00e0 la personne (coiffure, esth\u00e9tisme\u2026), tertiaire et fili\u00e8re automobile. Au total, 46 formations sont dispens\u00e9es ici.<\/strong><\/p>\n<p>Cette extension illustre la vitalit\u00e9 du secteur de l\u2019apprentissage. \u00ab\u00a0Ce projet r\u00e9pond \u00e0 un besoin\u00a0\u00bb, s\u2019est f\u00e9licit\u00e9 le pr\u00e9sident de la CMA Paca, avant de rappeler quelques chiffres: \u00ab\u00a0Dans la r\u00e9gion Sud, la fili\u00e8re artisanale, c\u2019est 410.000 entreprises (soit un tiers des entreprises) et 400.000 actifs, c\u2019est 20% du produit int\u00e9rieur brut et pr\u00e8s de 32 milliards d\u2019euros de chiffre d\u2019affaires.\u00a0\u00bb Pour Yannick Mazette, encore, \u00ab\u00a0la fili\u00e8re artisanale participe \u00e0 l\u2019attractivit\u00e9, au bien-vivre et \u00e0 la qualit\u00e9 de vie des territoires\u00a0\u00bb.<\/p>\n<p>La conception a \u00e9t\u00e9 confi\u00e9e au cabinet aixois Panorama architecture, dans une \u00ab\u00a0logique durable et bioclimatique, avec usage de mat\u00e9riaux bio-sourc\u00e9s et d\u2019isolations performantes, des panneaux photovolta\u00efques\u2026 Enfin, tout ce qui correspond bien \u00e0 notre politique r\u00e9gionale\u00a0\u00bb, a pr\u00e9cis\u00e9 Florence Bulteau-Rambaud, repr\u00e9sentant Renaud Muselier.<\/p>\n<p><strong>Le b\u00e2timent doit \u00eatre livr\u00e9 en d\u00e9cembre ou janvier prochain.<\/strong><\/p>\n<p>1. \u00c9taient \u00e9galement pr\u00e9sents \u00e0 la c\u00e9r\u00e9monie Sandra Torres (conseill\u00e8re municipale en charge du d\u00e9veloppement \u00e9conomique, repr\u00e9sentant Nathalie Bicais), Ludovic Pontone (conseiller d\u00e9partemental repr\u00e9sentant Jean-Louis Masson), Florence Bulteau-Rambaud (vice-pr\u00e9sidente de la R\u00e9gion en charge de l\u2019apprentissage), des repr\u00e9sentants de France Travail, ainsi que des directeurs de centres de formation CMA Paca et des \u00e9lus de la chambre consulaire.<\/p>\n","protected":false},"excerpt":{"rendered":"Une imposante d\u00e9l\u00e9gation de la Chambre de m\u00e9tiers et de l\u2019artisanat (CMA) Provence-Alpes-C\u00f4te-d\u2019Azur (Paca) emmen\u00e9e par son pr\u00e9sident&hellip;\n","protected":false},"author":2,"featured_media":27451,"comment_status":"","ping_status":"","sticky":false,"template":"","format":"standard","meta":{"footnotes":""},"categories":[9619],"tags":[1111,11,1477,33,1777,674,1011,27,12,882,25,2310,1352,3366],"class_list":{"0":"post-27450","1":"post","2":"type-post","3":"status-publish","4":"format-standard","5":"has-post-thumbnail","7":"category-toulon","8":"tag-actu","9":"tag-actualites","10":"tag-artisanat","11":"tag-economie","12":"tag-eu","13":"tag-europe","14":"tag-fr","15":"tag-france","16":"tag-news","17":"tag-provence-alpes-cote-dazur","18":"tag-republique-francaise","19":"tag-toulon","20":"tag-urbanisme","21":"tag-vie-locale"},"share_on_mastodon":{"url":"https:\/\/pubeurope.com\/@fr\/114343784201308467","error":""},"_links":{"self":[{"href":"https:\/\/www.europesays.com\/fr\/wp-json\/wp\/v2\/posts\/27450","targetHints":{"allow":["GET"]}}],"collection":[{"href":"https:\/\/www.europesays.com\/fr\/wp-json\/wp\/v2\/posts"}],"about":[{"href":"https:\/\/www.europesays.com\/fr\/wp-json\/wp\/v2\/types\/post"}],"author":[{"embeddable":true,"href":"https:\/\/www.europesays.com\/fr\/wp-json\/wp\/v2\/users\/2"}],"replies":[{"embeddable":true,"href":"https:\/\/www.europesays.com\/fr\/wp-json\/wp\/v2\/comments?post=27450"}],"version-history":[{"count":0,"href":"https:\/\/www.europesays.com\/fr\/wp-json\/wp\/v2\/posts\/27450\/revisions"}],"wp:featuredmedia":[{"embeddable":true,"href":"https:\/\/www.europesays.com\/fr\/wp-json\/wp\/v2\/media\/27451"}],"wp:attachment":[{"href":"https:\/\/www.europesays.com\/fr\/wp-json\/wp\/v2\/media?parent=27450"}],"wp:term":[{"taxonomy":"category","embeddable":true,"href":"https:\/\/www.europesays.com\/fr\/wp-json\/wp\/v2\/categories?post=27450"},{"taxonomy":"post_tag","embeddable":true,"href":"https:\/\/www.europesays.com\/fr\/wp-json\/wp\/v2\/tags?post=27450"}],"curies":[{"name":"wp","href":"https:\/\/api.w.org\/{rel}","templated":true}]}}