{"id":274503,"date":"2025-07-26T05:49:33","date_gmt":"2025-07-26T05:49:33","guid":{"rendered":"https:\/\/www.europesays.com\/fr\/274503\/"},"modified":"2025-07-26T05:49:33","modified_gmt":"2025-07-26T05:49:33","slug":"a-peine-revenu-frederic-diefenthal-antoine-quitte-la-serie-ce-soir-son-depart-est-il-definitif","status":"publish","type":"post","link":"https:\/\/www.europesays.com\/fr\/274503\/","title":{"rendered":"\u00c0 peine revenu, Fr\u00e9d\u00e9ric Diefenthal (Antoine) quitte la s\u00e9rie ce soir ! Son d\u00e9part est-il d\u00e9finitif ?"},"content":{"rendered":"<p>Les mouchoirs \u00e9taient de mise ce vendredi 25 juillet 2025 du c\u00f4t\u00e9 des fans d&rsquo;Ici tout commence ! En effet, ce n&rsquo;est pas un mais quatre personnages qui ont quitt\u00e9 l&rsquo;Institut Auguste Armand : Kelly et Souleymane, mais \u00e9galement Laetitia et&#8230; Antoine, qui a pris la d\u00e9cision de suivre son fils afin de l&rsquo;aider \u00e0 \u00e9lever son b\u00e9b\u00e9. \u00c0 peine revenu, Fr\u00e9d\u00e9ric Diefenthal part \u00e0 nouveau, son d\u00e9part est-il d\u00e9finitif ? <\/p>\n<p>Un \u00e9pisode d&rsquo;Ici tout commence qu&rsquo;il ne fallait rater sous aucun pr\u00e9texte ! Ce vendredi 25 juillet 2025, ce n&rsquo;est pas un, mais <a href=\"https:\/\/www.programme-tv.net\/news\/series-tv\/384001-ici-tout-commence-attention-quatre-acteurs-historiques-quittent-la-serie-et-vous-n-etes-pas-prets\/\" data-api-deeplink=\"teleloisirs:\/\/news\/384001\" target=\"_blank\" rel=\"noopener\">quatre personnages embl\u00e9matiques du feuilleton de TF1<\/a> qui d\u00e9cidaient de prendre le large et de quitter l&rsquo;Institut Auguste Armand. Ainsi, si l&rsquo;on savait que Kelly (<a href=\"https:\/\/www.programme-tv.net\/biographie\/1651042-dodier-axelle\/\" data-link-people=\"2ac43e5a-fa97-469d-8f1d-d298c1691ce7\" target=\"_blank\" rel=\"noopener\">Axelle Dodier<\/a>, qui a fait <a href=\"https:\/\/www.programme-tv.net\/news\/series-tv\/382374-ici-tout-commence-axelle-dodier-kelly-est-elle-enceinte-comme-son-personnage-dans-la-serie-elle-nous-repond\/\" data-api-deeplink=\"teleloisirs:\/\/news\/382374\" target=\"_blank\" rel=\"noopener\">un retour remarqu\u00e9 puisque son personnage attendait un b\u00e9b\u00e9<\/a> !) allait rentrer \u00e0 Dinard, cette derni\u00e8re ne repartait pas seule mais accompagn\u00e9e de Souleymane, le p\u00e8re de son petit Eloi, camp\u00e9 par Dembo Camillo. Mais ce n&rsquo;est pas tout ! En effet, la m\u00e8re et le p\u00e8re des deux jeunes ont pris la d\u00e9cision de partir avec eux !<\/p>\n<p>Ici tout commence : Kelly et Souleymane quittent l&rsquo;Institut, accompagn\u00e9s par Laetitia et Antoine !<\/p>\n<p>Ainsi, au cours de l&rsquo;\u00e9pisode, Laetitia, apr\u00e8s avoir vu sa fille d\u00e9sesp\u00e9r\u00e9e car persuad\u00e9e qu&rsquo;elle s&rsquo;y prend mal avec son enfant, annonce \u00e0 Kelly qu&rsquo;elle prend deux mois de cong\u00e9 pour les aider \u00e0 s&rsquo;occuper d&rsquo;Eloi \u00e0 Dinard ! En parall\u00e8le, Antoine fait la m\u00eame promesse \u00e0 son fils. Ainsi, <a href=\"https:\/\/www.programme-tv.net\/news\/series-tv\/383226-ici-tout-commence-on-sait-enfin-quand-antoine-frederic-diefenthal-va-faire-son-retour\/\" data-api-deeplink=\"teleloisirs:\/\/news\/383226\" target=\"_blank\" rel=\"noopener\">tout juste revenu de Tahiti<\/a>, o\u00f9 l&rsquo;on a appris que <a href=\"https:\/\/www.programme-tv.net\/news\/series-tv\/381456-ici-tout-commence-antoine-absent-et-en-burn-out-a-tahiti-frederic-diefenthal-a-t-il-quitte-la-serie\/\" data-api-deeplink=\"teleloisirs:\/\/news\/381456\" target=\"_blank\" rel=\"noopener\">ce dernier tentait de se remettre de son burn-out<\/a>, le personnage camp\u00e9 par Fr\u00e9d\u00e9ric Diefenthal prend une nouvelle fois le large et laisse derri\u00e8re lui l&rsquo;Institut et Saint-Laurent d&rsquo;Aigouze, o\u00f9 est tourn\u00e9e la fiction. Est-ce \u00e0 dire que le d\u00e9part de l&rsquo;acteur de la saga culte Taxi ne reviendra plus dans la s\u00e9rie, comme le laissaient entendre les rumeurs et comme les fans le supposaient, <a href=\"https:\/\/www.programme-tv.net\/news\/series-tv\/381091-ici-tout-commence-ce-gros-changement-au-generique-annonce-t-il-le-depart-de-frederic-diefenthal-antoine-et-marvin-pellegrino-mehdi\/\" data-api-deeplink=\"teleloisirs:\/\/news\/381091\" target=\"_blank\" rel=\"noopener\">ce dernier ayant disparu du g\u00e9n\u00e9rique<\/a> ?<\/p>\n<p>                        Ici tout commence : \u00c0 peine revenu, Fr\u00e9d\u00e9ric Diefenthal (Antoine) quitte la s\u00e9rie ce soir ! Son d\u00e9part est-il d\u00e9finitif ?<\/p>\n<p>Comme toujours, ni la production ni la cha\u00eene ne souhaitent commenter cette information. Toutefois, selon nos informations, il y a fort \u00e0 parier pour que l&rsquo;absence de Fr\u00e9d\u00e9ric Diefenthal se prolonge et qu&rsquo;on ne le revoit pas tout de suite du c\u00f4t\u00e9 de l&rsquo;Institut Auguste Armand. Mais comme toujours, rappelons que les portes de la fiction restent ouvertes, comme on a pu le voir r\u00e9cemment avec de nombreux retours inattendus&#8230;<\/p>\n","protected":false},"excerpt":{"rendered":"Les mouchoirs \u00e9taient de mise ce vendredi 25 juillet 2025 du c\u00f4t\u00e9 des fans d&rsquo;Ici tout commence !&hellip;\n","protected":false},"author":2,"featured_media":274504,"comment_status":"","ping_status":"","sticky":false,"template":"","format":"standard","meta":{"footnotes":""},"categories":[1356],"tags":[244,58,59,1011,27,11448,620,252,199,1364],"class_list":{"0":"post-274503","1":"post","2":"type-post","3":"status-publish","4":"format-standard","5":"has-post-thumbnail","7":"category-television","8":"tag-commentaire","9":"tag-divertissement","10":"tag-entertainment","11":"tag-fr","12":"tag-france","13":"tag-fru00e9du00e9ric-diefenthal","14":"tag-ici-tout-commence","15":"tag-television","16":"tag-tf1","17":"tag-tv"},"share_on_mastodon":{"url":"https:\/\/pubeurope.com\/@fr\/114917970136295166","error":""},"_links":{"self":[{"href":"https:\/\/www.europesays.com\/fr\/wp-json\/wp\/v2\/posts\/274503","targetHints":{"allow":["GET"]}}],"collection":[{"href":"https:\/\/www.europesays.com\/fr\/wp-json\/wp\/v2\/posts"}],"about":[{"href":"https:\/\/www.europesays.com\/fr\/wp-json\/wp\/v2\/types\/post"}],"author":[{"embeddable":true,"href":"https:\/\/www.europesays.com\/fr\/wp-json\/wp\/v2\/users\/2"}],"replies":[{"embeddable":true,"href":"https:\/\/www.europesays.com\/fr\/wp-json\/wp\/v2\/comments?post=274503"}],"version-history":[{"count":0,"href":"https:\/\/www.europesays.com\/fr\/wp-json\/wp\/v2\/posts\/274503\/revisions"}],"wp:featuredmedia":[{"embeddable":true,"href":"https:\/\/www.europesays.com\/fr\/wp-json\/wp\/v2\/media\/274504"}],"wp:attachment":[{"href":"https:\/\/www.europesays.com\/fr\/wp-json\/wp\/v2\/media?parent=274503"}],"wp:term":[{"taxonomy":"category","embeddable":true,"href":"https:\/\/www.europesays.com\/fr\/wp-json\/wp\/v2\/categories?post=274503"},{"taxonomy":"post_tag","embeddable":true,"href":"https:\/\/www.europesays.com\/fr\/wp-json\/wp\/v2\/tags?post=274503"}],"curies":[{"name":"wp","href":"https:\/\/api.w.org\/{rel}","templated":true}]}}