{"id":274519,"date":"2025-07-26T05:57:18","date_gmt":"2025-07-26T05:57:18","guid":{"rendered":"https:\/\/www.europesays.com\/fr\/274519\/"},"modified":"2025-07-26T05:57:18","modified_gmt":"2025-07-26T05:57:18","slug":"deuxieme-jour-dinterrogatoire-de-la-complice-depstein-par-un-haut-responsable-du-gouvernement-trump-25-07-2025-a-1730","status":"publish","type":"post","link":"https:\/\/www.europesays.com\/fr\/274519\/","title":{"rendered":"Deuxi\u00e8me jour d&rsquo;interrogatoire de la complice d&rsquo;Epstein par un haut responsable du gouvernement Trump &#8211; 25\/07\/2025 \u00e0 17:30"},"content":{"rendered":"<p>        <img fetchpriority=\"high\" decoding=\"async\" src=\"https:\/\/www.europesays.com\/fr\/wp-content\/uploads\/2025\/07\/1c16d8b389852b9696e774f86a3e5ab3-760x507.jpg\" alt=\"Un message appelant le pr\u00e9sident am\u00e9ricain Donald Trump \u00e0 publier tous les documents li\u00e9s \u00e0 l'affaire Jeffrey Epstein, au-dessus de photos des deux hommes, sur un b\u00e2timent en face de la Maison Blanche, \u00e0 Washington, le 18 juillet 2025 ( AFP \/ Alex WROBLEWSKI )\" loading=\"eager\" width=\"760\" height=\"507\" style=\"max-width: 100%!important; height: auto;\"\/><\/p>\n<p class=\"c-image-news__legend\">Un message appelant le pr\u00e9sident am\u00e9ricain Donald Trump \u00e0 publier tous les documents li\u00e9s \u00e0 l&rsquo;affaire Jeffrey Epstein, au-dessus de photos des deux hommes, sur un b\u00e2timent en face de la Maison Blanche, \u00e0 Washington, le 18 juillet 2025 ( AFP \/ Alex WROBLEWSKI )<\/p>\n<p>\n Un haut responsable gouvernemental am\u00e9ricain et ancien avocat de Donald Trump rencontre vendredi pour la deuxi\u00e8me journ\u00e9e cons\u00e9cutive Ghislaine Maxwell, complice de Jeffrey Epstein, en Floride, o\u00f9 elle purge sa peine de prison, en pleine crise pour l&rsquo;ex\u00e9cutif autour de l&rsquo;affaire Epstein.\n<\/p>\n<p>\n Le pr\u00e9sident Donald Trump a de son c\u00f4t\u00e9 de nouveau pris ses distances avec le d\u00e9funt homme d&rsquo;affaires, dont il \u00e9tait pourtant tr\u00e8s proche il y a plus d&rsquo;une vingtaine d&rsquo;ann\u00e9es.\n<\/p>\n<p>\n \u00ab\u00a0Je n&rsquo;ai rien \u00e0 voir avec ce type\u00a0\u00bb, a-t-il d\u00e9clar\u00e9 \u00e0 des journalistes \u00e0 son d\u00e9part de Washington pour un voyage en Ecosse.\n<\/p>\n<p>\n Il a conseill\u00e9 aux m\u00e9dias de \u00ab\u00a0s&rsquo;int\u00e9resser plut\u00f4t\u00a0\u00bb \u00e0 des personnalit\u00e9s d\u00e9mocrates comme l&rsquo;ex-pr\u00e9sident Bill Clinton ou son ministre des Finances Larry Summers, ex-pr\u00e9sident de Harvard, assurant pouvoir leur \u00ab\u00a0fournir une liste\u00a0\u00bb de personnalit\u00e9s bien plus li\u00e9es \u00e0 Jeffrey Epstein que lui.\n<\/p>\n<p>\n Interrog\u00e9 sur la possibilit\u00e9 d&rsquo;accorder une gr\u00e2ce pr\u00e9sidentielle ou une commutation de peine \u00e0 Ghislaine Maxwell, condamn\u00e9e en 2022 \u00e0 20 ans de prison pour trafic sexuel, Donald Trump a assur\u00e9 \u00ab\u00a0ne pas y avoir pens\u00e9\u00a0\u00bb, mais a soulign\u00e9 qu&rsquo;il en avait le pouvoir.\n<\/p>\n<p>\n La mort de Jeffrey Epstein, riche homme d&rsquo;affaires retrouv\u00e9 pendu dans sa cellule \u00e0 New York le 10 ao\u00fbt 2019 avant son jugement pour crimes sexuels, a aliment\u00e9 d&rsquo;innombrables th\u00e9ories du complot selon lesquelles il aurait \u00e9t\u00e9 assassin\u00e9 pour emp\u00eacher des r\u00e9v\u00e9lations embarrassantes sur des personnalit\u00e9s de premier plan.\n<\/p>\n<p>\n Donald Trump, qui pendant des mois a promis \u00e0 sa base des r\u00e9v\u00e9lations fracassantes sur ce dossier, subit un retour de flamme, y compris dans son propre camp, depuis que son gouvernement a annonc\u00e9 d\u00e9but juillet n&rsquo;avoir d\u00e9couvert aucun \u00e9l\u00e9ment nouveau qui justifierait la publication de documents suppl\u00e9mentaires.\n<\/p>\n<p>\n Le minist\u00e8re de la Justice et le FBI, la police f\u00e9d\u00e9rale, ont conclu qu&rsquo;il n&rsquo;existait aucune preuve de l&rsquo;existence d&rsquo;une liste secr\u00e8te de \u00ab\u00a0clients\u00a0\u00bb de Jeffrey Epstein et confirm\u00e9 qu&rsquo;il s&rsquo;\u00e9tait bien suicid\u00e9.\n<\/p>\n<p> &#8211; \u00ab\u00a0Aucune raison de mentir\u00a0\u00bb &#8211;<\/p>\n<p>\n C&rsquo;est dans ce contexte que Todd Blanche, num\u00e9ro 2 du minist\u00e8re de la Justice et ancien avocat personnel de Donald Trump dans plusieurs proc\u00e9dures p\u00e9nales, rencontrait vendredi Ghislaine Maxwell au tribunal de Tallahassee, capitale de la Floride, pour une deuxi\u00e8me journ\u00e9e.\n<\/p>\n<p>\n L&rsquo;\u00e9quipe de Todd Blanche est entr\u00e9e au tribunal par une porte d\u00e9rob\u00e9e, rapportent les m\u00e9dias am\u00e9ricains.\n<\/p>\n<p>\n De son c\u00f4t\u00e9, David Markus, l&rsquo;avocat de Ghislaine Maxwell, ex-compagne et collaboratrice de Jeffrey Epstein, a bri\u00e8vement parl\u00e9 aux journalistes \u00e0 son arriv\u00e9e.\n<\/p>\n<p>\n \u00ab\u00a0Ghislaine a \u00e9t\u00e9 trait\u00e9e injustement depuis plus de cinq ans maintenant\u00a0\u00bb, a-t-il d\u00e9clar\u00e9, la qualifiant de \u00ab\u00a0bouc \u00e9missaire\u00a0\u00bb.\n<\/p>\n<p>\n \u00ab\u00a0Tout ce qu&rsquo;elle dit peut \u00eatre corrobor\u00e9 et elle dit la v\u00e9rit\u00e9. Elle n&rsquo;a aucune raison de mentir \u00e0 ce stade et elle continuera \u00e0 dire la v\u00e9rit\u00e9\u00a0\u00bb, a ajout\u00e9 l&rsquo;avocat, se refusant \u00e0 la moindre pr\u00e9cision sur la teneur de l&rsquo;interrogatoire.\n<\/p>\n<p>\n Ghislaine Maxwell a \u00e9t\u00e9 condamn\u00e9e en 2022 pour avoir recrut\u00e9 entre 1994 et 2004 des jeunes filles mineures afin qu&rsquo;Epstein les exploite sexuellement.\n<\/p>\n<p>\n \u00ab\u00a0Le minist\u00e8re de la Justice partagera davantage d&rsquo;information sur ce que nous avons appris au moment opportun\u00a0\u00bb, a affirm\u00e9 Todd Blanche sur X jeudi soir au terme de la premi\u00e8re journ\u00e9e de discussions.\n<\/p>\n<p>\n Donald Trump a par ailleurs de nouveau ni\u00e9 \u00eatre l&rsquo;auteur d&rsquo;une lettre salace \u00e0 l&rsquo;intention de Jeffrey Epstein en 2003 pour le 50e anniversaire de celui-ci, dont le Wall Street Journal a fait \u00e9tat la semaine derni\u00e8re. Il poursuit le quotidien en diffamation pour cet article et lui r\u00e9clame des milliards de dollars.\n<\/p>\n<p>\n L&rsquo;administration Trump et ses alli\u00e9s font feu de tout bois pour se d\u00e9p\u00eatrer de cette affaire.\n<\/p>\n<p>\n Les dirigeants r\u00e9publicains \u00e0 la Chambre des repr\u00e9sentants ont ainsi envoy\u00e9 d\u00e8s mercredi les \u00e9lus en vacances, soit un jour plus t\u00f4t que pr\u00e9vu, afin d&rsquo;\u00e9viter des d\u00e9bats potentiellement explosifs, notamment dans leur propre camp, sur l&rsquo;\u00e9ventuelle publication de documents de l&rsquo;affaire Epstein.<\/p>\n","protected":false},"excerpt":{"rendered":"Un message appelant le pr\u00e9sident am\u00e9ricain Donald Trump \u00e0 publier tous les documents li\u00e9s \u00e0 l&rsquo;affaire Jeffrey Epstein,&hellip;\n","protected":false},"author":2,"featured_media":274520,"comment_status":"","ping_status":"","sticky":false,"template":"","format":"standard","meta":{"footnotes":""},"categories":[5],"tags":[400,11,398,408,405,1011,27,403,14,402,399,404,12,401,406,407,28],"class_list":{"0":"post-274519","1":"post","2":"type-post","3":"status-publish","4":"format-standard","5":"has-post-thumbnail","7":"category-international","8":"tag-action-cac-40","9":"tag-actualites","10":"tag-bourse-de-paris","11":"tag-boursorama","12":"tag-cotations","13":"tag-fr","14":"tag-france","15":"tag-indices-devises","16":"tag-international","17":"tag-investir","18":"tag-investissement","19":"tag-marche-boursier","20":"tag-news","21":"tag-sicav","22":"tag-trackers","23":"tag-warrants","24":"tag-world"},"share_on_mastodon":{"url":"https:\/\/pubeurope.com\/@fr\/114918001558658578","error":""},"_links":{"self":[{"href":"https:\/\/www.europesays.com\/fr\/wp-json\/wp\/v2\/posts\/274519","targetHints":{"allow":["GET"]}}],"collection":[{"href":"https:\/\/www.europesays.com\/fr\/wp-json\/wp\/v2\/posts"}],"about":[{"href":"https:\/\/www.europesays.com\/fr\/wp-json\/wp\/v2\/types\/post"}],"author":[{"embeddable":true,"href":"https:\/\/www.europesays.com\/fr\/wp-json\/wp\/v2\/users\/2"}],"replies":[{"embeddable":true,"href":"https:\/\/www.europesays.com\/fr\/wp-json\/wp\/v2\/comments?post=274519"}],"version-history":[{"count":0,"href":"https:\/\/www.europesays.com\/fr\/wp-json\/wp\/v2\/posts\/274519\/revisions"}],"wp:featuredmedia":[{"embeddable":true,"href":"https:\/\/www.europesays.com\/fr\/wp-json\/wp\/v2\/media\/274520"}],"wp:attachment":[{"href":"https:\/\/www.europesays.com\/fr\/wp-json\/wp\/v2\/media?parent=274519"}],"wp:term":[{"taxonomy":"category","embeddable":true,"href":"https:\/\/www.europesays.com\/fr\/wp-json\/wp\/v2\/categories?post=274519"},{"taxonomy":"post_tag","embeddable":true,"href":"https:\/\/www.europesays.com\/fr\/wp-json\/wp\/v2\/tags?post=274519"}],"curies":[{"name":"wp","href":"https:\/\/api.w.org\/{rel}","templated":true}]}}